{"id":99780,"date":"2017-01-23T09:48:14","date_gmt":"2017-01-23T12:48:14","guid":{"rendered":"http:\/\/senoticias.com.br\/se\/?p=99780"},"modified":"2017-01-23T09:48:14","modified_gmt":"2017-01-23T12:48:14","slug":"governador-entrega-orla-pedro-paes-mendonca-em-moita-bonita","status":"publish","type":"post","link":"https:\/\/senoticias.com.br\/se\/governador-entrega-orla-pedro-paes-mendonca-em-moita-bonita\/","title":{"rendered":"Governador entrega Orla Pedro Paes Mendon\u00e7a em Moita Bonita"},"content":{"rendered":"<p style=\"text-align: justify\">\u201cPedro Paes Mendon\u00e7a foi aquele que teve a ousadia de n\u00e3o apenas sonhar, mas de fazer tornar realidade. Moita Bonita \u00e9 a cidade que ele pensou: bela, progressista e humana\u201d, declarou o governador Jackson Barreto, neste domingo, 22, ao inaugurar o novo cart\u00e3o postal de Moita Bonita, que leva o nome de seu primeiro prefeito: Pedro Paes Mendon\u00e7a. Com recursos na ordem de R$1.462.718,58, provenientes do Programa Sergipe Cidades, o espa\u00e7o conta com playground, equipamentos de gin\u00e1stica, deck de madeira e paisagismo, em uma \u00e1rea de 450 m\u00b2.<\/p>\n<div id=\"attachment_99781\" style=\"width: 590px\" class=\"wp-caption aligncenter\"><a href=\"http:\/\/senoticias.com.br\/se\/wp-content\/uploads\/2017\/01\/Orla-de-moita-bonita-SE-Noticias-e1485175592954.jpg\"><img loading=\"lazy\" decoding=\"async\" aria-describedby=\"caption-attachment-99781\" class=\"size-full wp-image-99781\" src=\"http:\/\/senoticias.com.br\/se\/wp-content\/uploads\/2017\/01\/Orla-de-moita-bonita-SE-Noticias-e1485175592954.jpg\" alt=\"Neste domingo, 22, o governador inaugurou o novo cart\u00e3o postal de Moita Bonita, que leva o nome de seu primeiro prefeito: Pedro Paes Mendon\u00e7a. Com recursos na ordem de R$1.462.718,58, provenientes do Programa Sergipe Cidades, o espa\u00e7o conta com playground, equipamentos de gin\u00e1stica, deck de madeira e paisagismo, em uma \u00e1rea de 450 m\u00b2\/ Fotos: Andr\u00e9 Moreira \/ ASN\" width=\"580\" height=\"387\" \/><\/a><p id=\"caption-attachment-99781\" class=\"wp-caption-text\">Neste domingo, 22, o governador inaugurou o novo cart\u00e3o postal de Moita Bonita, que leva o nome de seu primeiro prefeito: Pedro Paes Mendon\u00e7a. Com recursos na ordem de R$1.462.718,58, provenientes do Programa Sergipe Cidades, o espa\u00e7o conta com playground, equipamentos de gin\u00e1stica, deck de madeira e paisagismo, em uma \u00e1rea de 450 m\u00b2\/ Foto: Andr\u00e9 Moreira \/ ASN<\/p><\/div>\n<p style=\"text-align: justify\">Em seu discurso, Jackson exaltou ainda a administra\u00e7\u00e3o do munic\u00edpio e enumerou o trabalho que o Governo do Estado tem feito em prol de Moita Bonita. \u201cFizemos a rodovia ligando Moita Bonita e Santa Rosa de Lima, criando uma nova \u00e1rea de mobilidade, ligando aos demais munic\u00edpios da regi\u00e3o do Cotinguiba. Temos ajudado com obras, com pavimenta\u00e7\u00e3o, asfalto e sempre na cren\u00e7a da compet\u00eancia do prefeito Marcos. Sinto-me gratificado de estar aqui ao seu lado, ao lado de Bosco Costa, de todos voc\u00eas, porque na verdade voc\u00eas s\u00e3o apaixonados pelo munic\u00edpio e n\u00f3s temos que ajudar Moita Bonita a trabalhar e eu fico feliz de ver a cidade alegre e bonita. Que Santa Terezinha e Jesus continuem aben\u00e7oando esse munic\u00edpio\u201d.<\/p>\n<p style=\"text-align: justify\">\u201cEssa orla \u00e9 um grande espa\u00e7o de lazer para Moita Bonita, al\u00e9m da beleza que trouxe para a entrada da cidade. Era um local que tinha muito mato e esgoto a c\u00e9u aberto e n\u00f3s, gra\u00e7as a Deus e com a ajuda do governo do Estado, conseguimos revitalizar essa \u00e1rea. Hoje \u00e9 o espa\u00e7o de lazer mais importante de Moita Bonita. \u00c9 um orgulho para cidade ter uma orla como essa. E me sinto feliz do espa\u00e7o levar o nome do fundador de Moita Bonita, nada mais do que justo\u201d, afirmou o prefeito Marcos Costa.<\/p>\n<p style=\"text-align: justify\">A opini\u00e3o tamb\u00e9m foi refor\u00e7ada pelo deputado federal e ex-prefeito do munic\u00edpio, Bosco Costa. \u201cPedro Paes Mendon\u00e7a teve a ideia de criar o munic\u00edpio quando tinha apenas quatro casas aqui no aglomerado de Moita Bonita e se n\u00e3o fosse a atitude de Pedro Paes Mendon\u00e7a, Moita Bonita ainda seria um povoado de Itabaiana. Por isso, hoje o cart\u00e3o postal de Moita leva seu nome. \u00c9 uma quest\u00e3o de justi\u00e7a e gratid\u00e3o\u201d.<\/p>\n<p style=\"text-align: justify\">\u201c\u00c9 um enorme orgulho, misto de emo\u00e7\u00e3o que eu participo deste evento, em uma cidade que foi inicialmente implantada atrav\u00e9s do projeto de 1963, de autoria do meu pai, ent\u00e3o deputado estadual, quando desmembrou do munic\u00edpio de Itabaiana esta localidade, que tinha apenas quatro casas. Ele era um sonhador, sonhou o que poderia acontecer e voc\u00eas nesse momento est\u00e3o colhendo essa decis\u00e3o. Eu vim de carro e fiquei extremamente feliz pelo que eu vi: uma cidade din\u00e2mica, limpa, arborizada. O que resta para mim em nome de minha fam\u00edlia \u00e9 agradecer a homenagem feita a meu pai, um sonhador, um homem que saiu da Serra do Machado e criou a terceira rede de supermercado do Brasil. Eu queria em nome de toda a fam\u00edlia agradecer \u00e0 Moita Bonita por essa honra que voc\u00eas nos prestam, tenho certeza que meu pai, l\u00e1 do c\u00e9u, est\u00e1 sorridente e vibrando com o progresso de Moita Bonita\u201d, disse o filho do homenageado, o empres\u00e1rio Jo\u00e3o Carlos Paes Mendon\u00e7a.<\/p>\n<p style=\"text-align: justify\"><strong>Cart\u00e3o Postal<\/strong><\/p>\n<p style=\"text-align: justify\">De acordo com o secret\u00e1rio de Estado da Infraestrutura, Valmor Barbosa, mais do que criar um espa\u00e7o de lazer para o munic\u00edpio, o objetivo da obra era de dialogar com a beleza natural de Moita Bonita. \u201cEsse era um local um tanto esquecido, mas sempre foi bonito. E o que n\u00f3s fizemos foi um projeto para dialogar com a paisagem, criando as condi\u00e7\u00f5es para contempla\u00e7\u00e3o, para atividades culturais, eventos, para a pr\u00e1tica de atividades f\u00edsicas. Trouxemos para Moita Bonita um cart\u00e3o postal\u201d, destacou.<\/p>\n<p style=\"text-align: justify\">Apesar da recente inaugura\u00e7\u00e3o, o munic\u00edpio j\u00e1 vem colhendo frutos com a obra, como afirma a comerciante Terezinha G\u00f3is, que tem visto o movimento de seus estabelecimentos aumentarem em fun\u00e7\u00e3o da nova orla.<\/p>\n<p style=\"text-align: justify\">\u201cEu s\u00f3 tenho a comemorar. Desde a constru\u00e7\u00e3o da orla, as pessoas frequentam mais a regi\u00e3o durante o final de semana. As pessoas v\u00e3o \u00e0 orla e depois compram o lanche aqui\u201d, explicou Terezinha Souza G\u00f3is, propriet\u00e1ria de padaria.<\/p>\n<p style=\"text-align: justify\">Quem tamb\u00e9m credita o aumento de sua clientela \u00e0 orla \u00e9 Jaciel Mendon\u00e7a Costa, que administra o restaurante da fam\u00edlia. \u201cDesde o in\u00edcio das obras, percebi um aumento do movimento por aqui e que continuou. As pessoas ouviam dizer que aqui tinha uma orla e j\u00e1 queriam visitar. As pessoas que moram aqui na regi\u00e3o, v\u00e3o l\u00e1 conhecer e passear na orla e depois acabam vindo jantar aqui\u201d.<\/p>\n<p style=\"text-align: justify\">Al\u00e9m de impulsionar os neg\u00f3cios locais, a orla melhorou tamb\u00e9m a qualidade de vida de quem mora no entorno, como \u00e9 o caso do lavrador aposentado, Ver\u00edssimo Ant\u00f4nio de G\u00f3is. Essa obra foi muito importante para Moita Bonita. A gente vivia desprezado, tinha muito mato aqui. \u00a0A orla valorizou as casas, trouxe mais seguran\u00e7a e lazer que a gente n\u00e3o tinha. Hoje meus netos t\u00eam um lugar para brincar\u201d.<\/p>\n<p style=\"text-align: justify\">Ap\u00f3s a inaugura\u00e7\u00e3o da orla, o governador participou da inaugura\u00e7\u00e3o da urbaniza\u00e7\u00e3o do cal\u00e7ad\u00e3o da Avenida Euclides Paes Mendon\u00e7a (realizada com recursos do munic\u00edpio) e posteriormente, foi para Serra do Machado, onde assistiu \u00e0 Missa de S\u00e3o Sebasti\u00e3o e conheceu as instala\u00e7\u00f5es da Funda\u00e7\u00e3o Pedro Paes Mendon\u00e7a.<\/p>\n<p style=\"text-align: justify\"><strong>Presen\u00e7as<\/strong><\/p>\n<p style=\"text-align: justify\">Estiveram presentes o secret\u00e1rio de Estado da Comunica\u00e7\u00e3o Social, Sales Neto; o deputado federal F\u00e1bio Reis; o prefeito de Santa Rosa de Lima, Luiz Roberto J\u00fanior; o ex-governador Albano Franco; \u00a0a ex-vereadora de Aracaju, Miriam Ribeiro, a ex-prefeita de Itaporanga D\u2019Ajuda, Gracinha Garcez; o presidente do DER, Ant\u00f4nio Vasconcelos; o diretor-presidente da Cehop, Caetano Quaranta e o superintendente da Seinfra, Ubirajara Barreto.<\/p>\n<p style=\"line-height: 14.25pt\"><strong><span style=\"font-size: 10.0pt;font-family: 'Georgia','serif';color: #333333\">Acompanhe tamb\u00e9m o SE Not\u00edcias no<\/span><\/strong><span class=\"apple-converted-space\"><b><span style=\"font-size: 10.0pt;font-family: 'Georgia','serif';color: #333333\">\u00a0<\/span><\/b><\/span><strong><span style=\"font-size: 10.0pt;font-family: 'Georgia','serif';color: #333333\"><a href=\"https:\/\/twitter.com\/Senoticias\" target=\"_blank\">Twitter<\/a>,<\/span><\/strong><span class=\"apple-converted-space\"><b><span style=\"font-size: 10.0pt;font-family: 'Georgia','serif';color: #333333\">\u00a0<\/span><\/b><\/span><strong><span style=\"font-size: 10.0pt;font-family: 'Georgia','serif';color: #333333\"><a href=\"https:\/\/www.facebook.com\/senoticias1\" target=\"_blank\">Facebook<span class=\"apple-converted-space\"><span style=\"color: windowtext;text-decoration: none\">\u00a0<\/span><\/span><\/a>e no<\/span><\/strong><span class=\"apple-converted-space\"><b><span style=\"font-size: 10.0pt;font-family: 'Georgia','serif';color: #333333\">\u00a0<\/span><\/b><\/span><strong><span style=\"font-size: 10.0pt;font-family: 'Georgia','serif';color: #333333\"><a href=\"https:\/\/www.instagram.com\/senoticias\/\" target=\"_blank\">Instagram<\/a>.<\/span><\/strong><\/p>\n<p style=\"line-height: 14.25pt\"><a href=\"http:\/\/senoticias.com.br\/se\/wp-content\/uploads\/2017\/01\/Logo-fone-1-2-1-2-3.jpg\"><img loading=\"lazy\" decoding=\"async\" class=\"aligncenter size-full wp-image-99714\" src=\"http:\/\/senoticias.com.br\/se\/wp-content\/uploads\/2017\/01\/Logo-fone-1-2-1-2-3.jpg\" alt=\"Logo-fone-1-2-1-2\" width=\"599\" height=\"78\" srcset=\"https:\/\/senoticias.com.br\/se\/wp-content\/uploads\/2017\/01\/Logo-fone-1-2-1-2-3.jpg 599w, https:\/\/senoticias.com.br\/se\/wp-content\/uploads\/2017\/01\/Logo-fone-1-2-1-2-3-300x39.jpg 300w\" sizes=\"(max-width: 599px) 100vw, 599px\" \/><\/a><\/p>\n<p style=\"line-height: 14.25pt\">Da ASN<\/p>\n","protected":false},"excerpt":{"rendered":"<p>\u201cPedro Paes Mendon\u00e7a foi aquele que teve a ousadia de n\u00e3o apenas sonhar, mas de fazer tornar realidade. Moita Bonita \u00e9 a cidade que ele pensou: bela, progressista e humana\u201d, declarou o governador Jackson Barreto, neste domingo, 22, ao inaugurar o novo cart\u00e3o postal de Moita Bonita, que leva o nome de seu primeiro prefeito: [&hellip;]<\/p>\n","protected":false},"author":5618,"featured_media":99781,"comment_status":"closed","ping_status":"closed","sticky":false,"template":"","format":"standard","meta":{"footnotes":""},"categories":[38],"tags":[2055],"class_list":{"0":"post-99780","1":"post","2":"type-post","3":"status-publish","4":"format-standard","5":"has-post-thumbnail","7":"category-municipios","8":"tag-governador-entrega-orla-pedro-paes-mendonca-em-moita-bonita"},"_links":{"self":[{"href":"https:\/\/senoticias.com.br\/se\/wp-json\/wp\/v2\/posts\/99780"}],"collection":[{"href":"https:\/\/senoticias.com.br\/se\/wp-json\/wp\/v2\/posts"}],"about":[{"href":"https:\/\/senoticias.com.br\/se\/wp-json\/wp\/v2\/types\/post"}],"author":[{"embeddable":true,"href":"https:\/\/senoticias.com.br\/se\/wp-json\/wp\/v2\/users\/5618"}],"replies":[{"embeddable":true,"href":"https:\/\/senoticias.com.br\/se\/wp-json\/wp\/v2\/comments?post=99780"}],"version-history":[{"count":0,"href":"https:\/\/senoticias.com.br\/se\/wp-json\/wp\/v2\/posts\/99780\/revisions"}],"wp:featuredmedia":[{"embeddable":true,"href":"https:\/\/senoticias.com.br\/se\/wp-json\/wp\/v2\/media\/99781"}],"wp:attachment":[{"href":"https:\/\/senoticias.com.br\/se\/wp-json\/wp\/v2\/media?parent=99780"}],"wp:term":[{"taxonomy":"category","embeddable":true,"href":"https:\/\/senoticias.com.br\/se\/wp-json\/wp\/v2\/categories?post=99780"},{"taxonomy":"post_tag","embeddable":true,"href":"https:\/\/senoticias.com.br\/se\/wp-json\/wp\/v2\/tags?post=99780"}],"curies":[{"name":"wp","href":"https:\/\/api.w.org\/{rel}","templated":true}]}}