{"id":99779,"date":"2017-01-23T09:38:05","date_gmt":"2017-01-23T12:38:05","guid":{"rendered":"http:\/\/senoticias.com.br\/se\/?p=99779"},"modified":"2017-01-23T09:38:05","modified_gmt":"2017-01-23T12:38:05","slug":"papa-ataca-populismo-e-alerta-para-salvadores","status":"publish","type":"post","link":"https:\/\/senoticias.com.br\/se\/papa-ataca-populismo-e-alerta-para-salvadores\/","title":{"rendered":"Papa ataca populismo e alerta para &#8220;salvadores&#8221;"},"content":{"rendered":"<p style=\"text-align: justify\">Em meio \u00e0 onda populista que se alastra pela Europa e pelos Estados Unidos, o papa Francisco afirmou que um dos grandes perigos da atualidade \u00e9 procurar &#8220;salvadores&#8221;, assim como ocorreu com Adolf Hitler na d\u00e9cada de 30. A informa\u00e7\u00e3o \u00e9 da Ag\u00eancia Ansa.<\/p>\n<div id=\"attachment_92434\" style=\"width: 590px\" class=\"wp-caption aligncenter\"><a href=\"http:\/\/senoticias.com.br\/se\/wp-content\/uploads\/2016\/05\/Papa-diz-a-criancas-que-imigrantes-nao-sao-um-perigo-mas-estao-em-perigo-SE-Noticias.jpg\"><img loading=\"lazy\" decoding=\"async\" aria-describedby=\"caption-attachment-92434\" class=\"size-full wp-image-92434\" src=\"http:\/\/senoticias.com.br\/se\/wp-content\/uploads\/2016\/05\/Papa-diz-a-criancas-que-imigrantes-nao-sao-um-perigo-mas-estao-em-perigo-SE-Noticias.jpg\" alt=\"Foto: Ag\u00eancia Lusa\/EPA\/Pool\/Alessandro Di Meo\/Direitos Reservados \" width=\"580\" height=\"388\" srcset=\"https:\/\/senoticias.com.br\/se\/wp-content\/uploads\/2016\/05\/Papa-diz-a-criancas-que-imigrantes-nao-sao-um-perigo-mas-estao-em-perigo-SE-Noticias.jpg 580w, https:\/\/senoticias.com.br\/se\/wp-content\/uploads\/2016\/05\/Papa-diz-a-criancas-que-imigrantes-nao-sao-um-perigo-mas-estao-em-perigo-SE-Noticias-300x200.jpg 300w, https:\/\/senoticias.com.br\/se\/wp-content\/uploads\/2016\/05\/Papa-diz-a-criancas-que-imigrantes-nao-sao-um-perigo-mas-estao-em-perigo-SE-Noticias-342x228.jpg 342w\" sizes=\"(max-width: 580px) 100vw, 580px\" \/><\/a><p id=\"caption-attachment-92434\" class=\"wp-caption-text\">Foto: Ag\u00eancia Lusa\/EPA\/Pool\/Alessandro Di Meo\/Direitos Reservados<\/p><\/div>\n<p style=\"text-align: justify\">A declara\u00e7\u00e3o foi dada durante longa entrevista ao jornal espanhol <em>El Pa\u00eds<\/em> e provocou rea\u00e7\u00f5es imediatas na It\u00e1lia. Perguntado sobre a aus\u00eancia de lideran\u00e7as s\u00f3lidas em fun\u00e7\u00e3o da crise e do aumento da desigualdade, o pont\u00edfice disse que o exemplo mais t\u00edpico do populismo europeu \u00e9 a Alemanha.<\/p>\n<p style=\"text-align: justify\">&#8220;Destro\u00e7ada, a Alemanha busca se levantar, busca sua identidade, busca um l\u00edder, algu\u00e9m que devolva sua identidade, e h\u00e1 um rapazinho que se chama Adolf Hitler e diz: &#8216;eu posso, eu posso&#8217;. E a Alemanha inteira vota em Hitler. Hitler n\u00e3o roubou o poder, foi votado por seu povo e depois destruiu seu povo. Esse \u00e9 o perigo. Em momentos de crise, o discernimento n\u00e3o funciona&#8221;, declarou.<\/p>\n<p style=\"text-align: justify\">O papa acrescentou que a sociedade busca um &#8220;salvador&#8221; que a defenda com &#8220;muros, alambrados, com o que seja, de outros povos&#8221; que possam &#8220;tirar sua identidade&#8221;. &#8220;Isso \u00e9 muito grave. Por isso sempre digo: dialoguem entre voc\u00eas. O caso da Alemanha em 1933 \u00e9 t\u00edpico: um povo que estava em crise, que buscou sua identidade, e apareceu esse l\u00edder carism\u00e1tico que prometeu lhes dar uma identidade. E sabemos o que aconteceu&#8221;, lembrou Francisco.<\/p>\n<p style=\"text-align: justify\">O l\u00edder da Igreja Cat\u00f3lica tamb\u00e9m ressaltou que todos os pa\u00edses t\u00eam o direito de controlar suas fronteiras, principalmente os amea\u00e7ados pelo terrorismo, mas que nenhum pode privar seus cidad\u00e3os do di\u00e1logo com os vizinhos.<\/p>\n<p style=\"text-align: justify\">S\u00edmbolo do populismo e ultranacionalismo na It\u00e1lia, o secret\u00e1rio federal do partido Liga Norte, Matteo Salvini, comentou as declara\u00e7\u00f5es e recha\u00e7ou compara\u00e7\u00f5es com Hitler. &#8220;O papa diz que Hitler nasceu do populismo? Deve ter sido mal interpretado. O papa fala com as almas. Al\u00e9m disso, Hitler morreu e foi sepultado. Se dizem que sou populista, fico contente, porque quer dizer que falo com o povo&#8221;, afirmou.<\/p>\n<p style=\"line-height: 14.25pt\"><strong><span style=\"font-size: 10.0pt;font-family: 'Georgia','serif';color: #333333\">Acompanhe tamb\u00e9m o SE Not\u00edcias no<\/span><\/strong><span class=\"apple-converted-space\"><b><span style=\"font-size: 10.0pt;font-family: 'Georgia','serif';color: #333333\">\u00a0<\/span><\/b><\/span><strong><span style=\"font-size: 10.0pt;font-family: 'Georgia','serif';color: #333333\"><a href=\"https:\/\/twitter.com\/Senoticias\" target=\"_blank\">Twitter<\/a>,<\/span><\/strong><span class=\"apple-converted-space\"><b><span style=\"font-size: 10.0pt;font-family: 'Georgia','serif';color: #333333\">\u00a0<\/span><\/b><\/span><strong><span style=\"font-size: 10.0pt;font-family: 'Georgia','serif';color: #333333\"><a href=\"https:\/\/www.facebook.com\/senoticias1\" target=\"_blank\">Facebook<span class=\"apple-converted-space\"><span style=\"color: windowtext;text-decoration: none\">\u00a0<\/span><\/span><\/a>e no<\/span><\/strong><span class=\"apple-converted-space\"><b><span style=\"font-size: 10.0pt;font-family: 'Georgia','serif';color: #333333\">\u00a0<\/span><\/b><\/span><strong><span style=\"font-size: 10.0pt;font-family: 'Georgia','serif';color: #333333\"><a href=\"https:\/\/www.instagram.com\/senoticias\/\" target=\"_blank\">Instagram<\/a>.<\/span><\/strong><\/p>\n<p style=\"line-height: 14.25pt\"><a href=\"http:\/\/senoticias.com.br\/se\/wp-content\/uploads\/2017\/01\/Logo-fone-1-2-1-2-3.jpg\"><img loading=\"lazy\" decoding=\"async\" class=\"aligncenter size-full wp-image-99714\" src=\"http:\/\/senoticias.com.br\/se\/wp-content\/uploads\/2017\/01\/Logo-fone-1-2-1-2-3.jpg\" alt=\"Logo-fone-1-2-1-2\" width=\"599\" height=\"78\" srcset=\"https:\/\/senoticias.com.br\/se\/wp-content\/uploads\/2017\/01\/Logo-fone-1-2-1-2-3.jpg 599w, https:\/\/senoticias.com.br\/se\/wp-content\/uploads\/2017\/01\/Logo-fone-1-2-1-2-3-300x39.jpg 300w\" sizes=\"(max-width: 599px) 100vw, 599px\" \/><\/a><\/p>\n<p style=\"line-height: 14.25pt\">Da Ag\u00eancia Brasil<\/p>\n","protected":false},"excerpt":{"rendered":"<p>Em meio \u00e0 onda populista que se alastra pela Europa e pelos Estados Unidos, o papa Francisco afirmou que um dos grandes perigos da atualidade \u00e9 procurar &#8220;salvadores&#8221;, assim como ocorreu com Adolf Hitler na d\u00e9cada de 30. A informa\u00e7\u00e3o \u00e9 da Ag\u00eancia Ansa. A declara\u00e7\u00e3o foi dada durante longa entrevista ao jornal espanhol El [&hellip;]<\/p>\n","protected":false},"author":5618,"featured_media":92434,"comment_status":"closed","ping_status":"closed","sticky":false,"template":"","format":"standard","meta":{"footnotes":""},"categories":[46],"tags":[2054],"class_list":{"0":"post-99779","1":"post","2":"type-post","3":"status-publish","4":"format-standard","5":"has-post-thumbnail","7":"category-religiao","8":"tag-papa-ataca-populismo-e-alerta-para-salvadores"},"_links":{"self":[{"href":"https:\/\/senoticias.com.br\/se\/wp-json\/wp\/v2\/posts\/99779"}],"collection":[{"href":"https:\/\/senoticias.com.br\/se\/wp-json\/wp\/v2\/posts"}],"about":[{"href":"https:\/\/senoticias.com.br\/se\/wp-json\/wp\/v2\/types\/post"}],"author":[{"embeddable":true,"href":"https:\/\/senoticias.com.br\/se\/wp-json\/wp\/v2\/users\/5618"}],"replies":[{"embeddable":true,"href":"https:\/\/senoticias.com.br\/se\/wp-json\/wp\/v2\/comments?post=99779"}],"version-history":[{"count":0,"href":"https:\/\/senoticias.com.br\/se\/wp-json\/wp\/v2\/posts\/99779\/revisions"}],"wp:featuredmedia":[{"embeddable":true,"href":"https:\/\/senoticias.com.br\/se\/wp-json\/wp\/v2\/media\/92434"}],"wp:attachment":[{"href":"https:\/\/senoticias.com.br\/se\/wp-json\/wp\/v2\/media?parent=99779"}],"wp:term":[{"taxonomy":"category","embeddable":true,"href":"https:\/\/senoticias.com.br\/se\/wp-json\/wp\/v2\/categories?post=99779"},{"taxonomy":"post_tag","embeddable":true,"href":"https:\/\/senoticias.com.br\/se\/wp-json\/wp\/v2\/tags?post=99779"}],"curies":[{"name":"wp","href":"https:\/\/api.w.org\/{rel}","templated":true}]}}