{"id":99777,"date":"2017-01-23T09:30:45","date_gmt":"2017-01-23T12:30:45","guid":{"rendered":"http:\/\/senoticias.com.br\/se\/?p=99777"},"modified":"2017-01-23T09:30:45","modified_gmt":"2017-01-23T12:30:45","slug":"samsung-diz-que-baterias-causaram-incendios-do-galaxy-note-7","status":"publish","type":"post","link":"https:\/\/senoticias.com.br\/se\/samsung-diz-que-baterias-causaram-incendios-do-galaxy-note-7\/","title":{"rendered":"Samsung diz que baterias causaram inc\u00eandios do Galaxy Note 7"},"content":{"rendered":"<p style=\"text-align: justify\">Em nota divulgada na madrugada de hoje (23), a Samsung Electronics informou que as explos\u00f5es e os inc\u00eandios registrados com o Galaxy Note 7 foram causados pelas baterias. A informa\u00e7\u00e3o \u00e9 da Ag\u00eancia Ansa.<\/p>\n<div id=\"attachment_99778\" style=\"width: 600px\" class=\"wp-caption aligncenter\"><a href=\"http:\/\/senoticias.com.br\/se\/wp-content\/uploads\/2017\/01\/The-Note-7-SE-Noticias.jpg\"><img loading=\"lazy\" decoding=\"async\" aria-describedby=\"caption-attachment-99778\" class=\"size-full wp-image-99778\" src=\"http:\/\/senoticias.com.br\/se\/wp-content\/uploads\/2017\/01\/The-Note-7-SE-Noticias.jpg\" alt=\"Foto: JONATHAN STROBEL\" width=\"590\" height=\"337\" srcset=\"https:\/\/senoticias.com.br\/se\/wp-content\/uploads\/2017\/01\/The-Note-7-SE-Noticias.jpg 590w, https:\/\/senoticias.com.br\/se\/wp-content\/uploads\/2017\/01\/The-Note-7-SE-Noticias-300x171.jpg 300w\" sizes=\"(max-width: 590px) 100vw, 590px\" \/><\/a><p id=\"caption-attachment-99778\" class=\"wp-caption-text\">Foto: JONATHAN STROBEL<\/p><\/div>\n<p style=\"text-align: justify\">&#8220;A nossa investiga\u00e7\u00e3o, assim como as outras feitas por tr\u00eas organiza\u00e7\u00f5es industriais independentes, conclu\u00edram que as baterias s\u00e3o a origem dos incidentes no Note 7. Todavia, n\u00f3s definimos aos produtores os requisitos que elas deveriam ter e assumimos a responsabilidade do insucesso&#8221;, afirmou a empresa na nota, assinada pelo chefe da Divis\u00e3o de Smartphones, Koh Dong-jin.<br \/>\nDe acordo com a Samsung, os problemas foram causados pelo &#8220;<em>design<\/em> e produ\u00e7\u00e3o&#8221; das baterias. Os cerca de 700 especialistas, engenheiros e pesquisadores analisaram &#8220;r\u00e9plicas do incidente&#8221; em mais de 200 mil equipamentos e 30 mil baterias.<\/p>\n<p>A Samsung garantiu que os novos testes, al\u00e9m de descobrir as falhas, permitiram que esses erros &#8220;n\u00e3o ocorram mais no futuro&#8221;.<\/p>\n<p>Ainda no comunicado, a empresa sul-coreana informou que os danos causados pelo recolhimento de mais de 2,5 milh\u00f5es de aparelhos do mercado ficaram em US$ 5,3 milh\u00f5es e que agora a marca tentar\u00e1 &#8220;recuperar a confian\u00e7a&#8221; dos clientes.<\/p>\n<p>Os aparelhos Galaxy Note 7 tiveram uma s\u00e9rie de incidentes relatados durante todo o ano passado, com explos\u00f5es de equipamentos e inc\u00eandios enquanto estavam ligados. Por precau\u00e7\u00e3o, as autoridades norte-americanas chegaram a proibir que esse equipamento fosse levado por passageiros em voos comerciais.<\/p>\n<p style=\"line-height: 14.25pt;text-align: justify\"><strong><span style=\"font-size: 10.0pt;font-family: 'Georgia','serif';color: #333333\">Acompanhe tamb\u00e9m o SE Not\u00edcias no<\/span><\/strong><span class=\"apple-converted-space\"><b><span style=\"font-size: 10.0pt;font-family: 'Georgia','serif';color: #333333\">\u00a0<\/span><\/b><\/span><strong><span style=\"font-size: 10.0pt;font-family: 'Georgia','serif';color: #333333\"><a href=\"https:\/\/twitter.com\/Senoticias\" target=\"_blank\">Twitter<\/a>,<\/span><\/strong><span class=\"apple-converted-space\"><b><span style=\"font-size: 10.0pt;font-family: 'Georgia','serif';color: #333333\">\u00a0<\/span><\/b><\/span><strong><span style=\"font-size: 10.0pt;font-family: 'Georgia','serif';color: #333333\"><a href=\"https:\/\/www.facebook.com\/senoticias1\" target=\"_blank\">Facebook<span class=\"apple-converted-space\"><span style=\"color: windowtext;text-decoration: none\">\u00a0<\/span><\/span><\/a>e no<\/span><\/strong><span class=\"apple-converted-space\"><b><span style=\"font-size: 10.0pt;font-family: 'Georgia','serif';color: #333333\">\u00a0<\/span><\/b><\/span><strong><span style=\"font-size: 10.0pt;font-family: 'Georgia','serif';color: #333333\"><a href=\"https:\/\/www.instagram.com\/senoticias\/\" target=\"_blank\">Instagram<\/a>.<\/span><\/strong><\/p>\n<p style=\"line-height: 14.25pt;text-align: justify\"><a href=\"http:\/\/senoticias.com.br\/se\/wp-content\/uploads\/2017\/01\/Logo-fone-1-2-1-2-3.jpg\"><img loading=\"lazy\" decoding=\"async\" class=\"aligncenter size-full wp-image-99714\" src=\"http:\/\/senoticias.com.br\/se\/wp-content\/uploads\/2017\/01\/Logo-fone-1-2-1-2-3.jpg\" alt=\"Logo-fone-1-2-1-2\" width=\"599\" height=\"78\" srcset=\"https:\/\/senoticias.com.br\/se\/wp-content\/uploads\/2017\/01\/Logo-fone-1-2-1-2-3.jpg 599w, https:\/\/senoticias.com.br\/se\/wp-content\/uploads\/2017\/01\/Logo-fone-1-2-1-2-3-300x39.jpg 300w\" sizes=\"(max-width: 599px) 100vw, 599px\" \/><\/a><\/p>\n<p style=\"text-align: justify\">Da Ag\u00eancia Brasil<\/p>\n","protected":false},"excerpt":{"rendered":"<p>Em nota divulgada na madrugada de hoje (23), a Samsung Electronics informou que as explos\u00f5es e os inc\u00eandios registrados com o Galaxy Note 7 foram causados pelas baterias. A informa\u00e7\u00e3o \u00e9 da Ag\u00eancia Ansa. &#8220;A nossa investiga\u00e7\u00e3o, assim como as outras feitas por tr\u00eas organiza\u00e7\u00f5es industriais independentes, conclu\u00edram que as baterias s\u00e3o a origem dos [&hellip;]<\/p>\n","protected":false},"author":5618,"featured_media":99778,"comment_status":"closed","ping_status":"closed","sticky":false,"template":"","format":"standard","meta":{"footnotes":""},"categories":[45],"tags":[],"class_list":{"0":"post-99777","1":"post","2":"type-post","3":"status-publish","4":"format-standard","5":"has-post-thumbnail","7":"category-tecnologia"},"_links":{"self":[{"href":"https:\/\/senoticias.com.br\/se\/wp-json\/wp\/v2\/posts\/99777"}],"collection":[{"href":"https:\/\/senoticias.com.br\/se\/wp-json\/wp\/v2\/posts"}],"about":[{"href":"https:\/\/senoticias.com.br\/se\/wp-json\/wp\/v2\/types\/post"}],"author":[{"embeddable":true,"href":"https:\/\/senoticias.com.br\/se\/wp-json\/wp\/v2\/users\/5618"}],"replies":[{"embeddable":true,"href":"https:\/\/senoticias.com.br\/se\/wp-json\/wp\/v2\/comments?post=99777"}],"version-history":[{"count":0,"href":"https:\/\/senoticias.com.br\/se\/wp-json\/wp\/v2\/posts\/99777\/revisions"}],"wp:featuredmedia":[{"embeddable":true,"href":"https:\/\/senoticias.com.br\/se\/wp-json\/wp\/v2\/media\/99778"}],"wp:attachment":[{"href":"https:\/\/senoticias.com.br\/se\/wp-json\/wp\/v2\/media?parent=99777"}],"wp:term":[{"taxonomy":"category","embeddable":true,"href":"https:\/\/senoticias.com.br\/se\/wp-json\/wp\/v2\/categories?post=99777"},{"taxonomy":"post_tag","embeddable":true,"href":"https:\/\/senoticias.com.br\/se\/wp-json\/wp\/v2\/tags?post=99777"}],"curies":[{"name":"wp","href":"https:\/\/api.w.org\/{rel}","templated":true}]}}