{"id":99773,"date":"2017-01-23T07:30:25","date_gmt":"2017-01-23T10:30:25","guid":{"rendered":"http:\/\/senoticias.com.br\/se\/?p=99773"},"modified":"2017-01-23T07:31:25","modified_gmt":"2017-01-23T10:31:25","slug":"prefeitura-de-aracaju-notifica-makro-atacadista-para-retirada-de-materiais-incendiados","status":"publish","type":"post","link":"https:\/\/senoticias.com.br\/se\/prefeitura-de-aracaju-notifica-makro-atacadista-para-retirada-de-materiais-incendiados\/","title":{"rendered":"Prefeitura de Aracaju notifica Makro Atacadista para retirada de materiais incendiados"},"content":{"rendered":"<p style=\"text-align: justify;\">Os fiscais da Secretaria Municipal do Meio Ambiente (Sema), da Prefeitura de Aracaju fiscalizaram o local onde estava edificado o supermercado Makro, que sofreu um <a href=\"http:\/\/senoticias.com.br\/se\/incendio-destroi-loja-da-makro-atacadista-em-aracaju\/\"><strong>inc\u00eandio no \u00faltimo dia 10 de janeiro<\/strong><\/a>. A visita ao local foi proveniente de solicita\u00e7\u00f5es dos moradores que habitam em torno do estabelecimento sobre fortes odores exalados dos produtos apodrecidos.<\/p>\n<div id=\"attachment_99774\" style=\"width: 609px\" class=\"wp-caption aligncenter\"><img loading=\"lazy\" decoding=\"async\" aria-describedby=\"caption-attachment-99774\" class=\"size-full wp-image-99774\" src=\"http:\/\/senoticias.com.br\/se\/wp-content\/uploads\/2017\/01\/SEMA-ARACAJU-SE-NOTICIAS-e1485167261518.jpg\" alt=\"Sema notifica supermercado Makro para retirada de materiais incendiados\" width=\"599\" height=\"359\" \/><p id=\"caption-attachment-99774\" class=\"wp-caption-text\">Sema notifica Makro Atacadista para retirada de materiais incendiados. (Foto: Semar\/Divulga\u00e7\u00e3o)<\/p><\/div>\n<p style=\"text-align: justify;\">Na vistoria, a equipe foi recebida pelo respons\u00e1vel do setor administrativo do Makro, Josaf\u00e1 Souza, que os informou que o trabalho de retirada do material j\u00e1 est\u00e1 acontecendo. Ainda segundo o respons\u00e1vel, o processo de retirada \u00e9 demorado devido \u00e0 quantidade de materiais presentes no local, assim como o hor\u00e1rio da empresa Estre Ambiental, que s\u00f3 recebe o material at\u00e9 as 18h.<\/p>\n<p style=\"text-align: justify;\">Os fiscais da Sema notificaram o supermercado e deram um prazo de cinco dias para a retirada do material apodrecido. &#8220;Nossa equipe ir\u00e1 voltar ao local, assim que o prazo dado para a limpeza terminar, para averiguar se realmente cumpriram a notifica\u00e7\u00e3o da Sema&#8221;, informa a analista ambiental da Sema, Aline Menezes.<\/p>\n<p>&nbsp;<\/p>\n<p style=\"text-align: justify;\">Os produtos incendiados, al\u00e9m de provocarem um desconforto na popula\u00e7\u00e3o que reside no entorno do supermercado, podem vir a causar danos ao meio ambiente.<\/p>\n<p><img loading=\"lazy\" decoding=\"async\" class=\"aligncenter size-full wp-image-99714\" src=\"http:\/\/senoticias.com.br\/se\/wp-content\/uploads\/2017\/01\/Logo-fone-1-2-1-2-3.jpg\" alt=\"Logo-fone-1-2-1-2\" width=\"599\" height=\"78\" srcset=\"https:\/\/senoticias.com.br\/se\/wp-content\/uploads\/2017\/01\/Logo-fone-1-2-1-2-3.jpg 599w, https:\/\/senoticias.com.br\/se\/wp-content\/uploads\/2017\/01\/Logo-fone-1-2-1-2-3-300x39.jpg 300w\" sizes=\"(max-width: 599px) 100vw, 599px\" \/><\/p>\n<p><em><strong>Acompanhe tamb\u00e9m o SE Not\u00edcias no<\/strong><span class=\"apple-converted-space\"><b>\u00a0<\/b><\/span><strong><a href=\"https:\/\/twitter.com\/Senoticias\" target=\"_blank\">Twitter<\/a>,<\/strong><span class=\"apple-converted-space\"><b>\u00a0<\/b><\/span><strong><a href=\"https:\/\/www.facebook.com\/senoticias1\" target=\"_blank\">Facebook<span class=\"apple-converted-space\">\u00a0<\/span><\/a>e no<\/strong><span class=\"apple-converted-space\"><b>\u00a0<\/b><\/span><strong><a href=\"https:\/\/www.instagram.com\/senoticias\/\" target=\"_blank\">Instagram<\/a><\/strong><\/em><\/p>\n<p><em>Com informa\u00e7\u00f5es da SEMA\/Aracaju.<\/em><\/p>\n","protected":false},"excerpt":{"rendered":"<p>Os fiscais da Secretaria Municipal do Meio Ambiente (Sema), da Prefeitura de Aracaju fiscalizaram o local onde estava edificado o supermercado Makro, que sofreu um inc\u00eandio no \u00faltimo dia 10 de janeiro. A visita ao local foi proveniente de solicita\u00e7\u00f5es dos moradores que habitam em torno do estabelecimento sobre fortes odores exalados dos produtos apodrecidos. [&hellip;]<\/p>\n","protected":false},"author":2,"featured_media":99774,"comment_status":"closed","ping_status":"closed","sticky":false,"template":"","format":"standard","meta":{"footnotes":""},"categories":[15],"tags":[],"class_list":{"0":"post-99773","1":"post","2":"type-post","3":"status-publish","4":"format-standard","5":"has-post-thumbnail","7":"category-destaques"},"_links":{"self":[{"href":"https:\/\/senoticias.com.br\/se\/wp-json\/wp\/v2\/posts\/99773"}],"collection":[{"href":"https:\/\/senoticias.com.br\/se\/wp-json\/wp\/v2\/posts"}],"about":[{"href":"https:\/\/senoticias.com.br\/se\/wp-json\/wp\/v2\/types\/post"}],"author":[{"embeddable":true,"href":"https:\/\/senoticias.com.br\/se\/wp-json\/wp\/v2\/users\/2"}],"replies":[{"embeddable":true,"href":"https:\/\/senoticias.com.br\/se\/wp-json\/wp\/v2\/comments?post=99773"}],"version-history":[{"count":0,"href":"https:\/\/senoticias.com.br\/se\/wp-json\/wp\/v2\/posts\/99773\/revisions"}],"wp:featuredmedia":[{"embeddable":true,"href":"https:\/\/senoticias.com.br\/se\/wp-json\/wp\/v2\/media\/99774"}],"wp:attachment":[{"href":"https:\/\/senoticias.com.br\/se\/wp-json\/wp\/v2\/media?parent=99773"}],"wp:term":[{"taxonomy":"category","embeddable":true,"href":"https:\/\/senoticias.com.br\/se\/wp-json\/wp\/v2\/categories?post=99773"},{"taxonomy":"post_tag","embeddable":true,"href":"https:\/\/senoticias.com.br\/se\/wp-json\/wp\/v2\/tags?post=99773"}],"curies":[{"name":"wp","href":"https:\/\/api.w.org\/{rel}","templated":true}]}}