{"id":99771,"date":"2017-01-23T06:39:17","date_gmt":"2017-01-23T09:39:17","guid":{"rendered":"http:\/\/senoticias.com.br\/se\/?p=99771"},"modified":"2017-01-23T06:40:22","modified_gmt":"2017-01-23T09:40:22","slug":"aviao-da-gol-fica-com-pneus-de-fora-aborta-viagem-e-sobrevoa-df-por-quase-3-h","status":"publish","type":"post","link":"https:\/\/senoticias.com.br\/se\/aviao-da-gol-fica-com-pneus-de-fora-aborta-viagem-e-sobrevoa-df-por-quase-3-h\/","title":{"rendered":"Avi\u00e3o da Gol fica com &#8216;pneus de fora&#8217;, aborta viagem e sobrevoa DF por quase 3 h"},"content":{"rendered":"<p style=\"text-align: justify;\">Um\u00a0avi\u00e3o da Gol que sairia de Bras\u00edlia para Boa Vista, em Roraima, teve problemas no trem de pouso, precisou voltar para a capital federal e ficou sobrevoando a cidade por quase tr\u00eas horas antes de pousar, na madrugada desta segunda-feira (23).<\/p>\n<div id=\"attachment_99772\" style=\"width: 609px\" class=\"wp-caption aligncenter\"><img loading=\"lazy\" decoding=\"async\" aria-describedby=\"caption-attachment-99772\" class=\"size-full wp-image-99772\" src=\"http:\/\/senoticias.com.br\/se\/wp-content\/uploads\/2017\/01\/Gol-Aviao-SE-Noticias-e1485164114938.png\" alt=\"Avi\u00e3o da Gol que precisou sobrevoar DF por quase tr\u00eas horas antes de pousar (Foto: TV Globo\/Reprodu\u00e7\u00e3o)\" width=\"599\" height=\"337\" \/><p id=\"caption-attachment-99772\" class=\"wp-caption-text\">Avi\u00e3o da Gol que precisou sobrevoar DF por quase tr\u00eas horas antes de pousar (Foto: TV Globo\/Reprodu\u00e7\u00e3o)<\/p><\/div>\n<p style=\"text-align: justify;\">A situa\u00e7\u00e3o foi porque o trem de pouso n\u00e3o se recolheu. Como as rodas continuaram para o lado de fora, o piloto decidiu voltar para o Aeroporto JK por seguran\u00e7a. Antes disso, teve que &#8220;gastar combust\u00edvel&#8221; para diminuir o peso da aeronave.<\/p>\n<p style=\"text-align: justify;\">O avi\u00e3o, que levava 130 passageiros, pousou a 1h30. Os ocupantes come\u00e7aram a desembarcar meia hora depois. &#8220;Trinta minutos de voo, o avi\u00e3o n\u00e3o subia, ficava naquela mesma, a\u00ed a gente percebeu que estava dando volta em Bras\u00edlia. E [o piloto] avisou que a gente teria que retornar pra c\u00e1&#8221;, disse o apresentador Erli Fernandes.<\/p>\n<p style=\"text-align: justify;\">Outro passageiro no voo 2020, o m\u00e9dico Humberto Fortes disse que s\u00f3 soube o motivo do atraso depois de pousar.<\/p>\n<div class=\"mc-column content-text active-extra-styles \" style=\"text-align: justify;\" data-block-type=\"unstyled\" data-block-weight=\"30\">\n<p class=\"content-text__container \" data-track-category=\"Link no Texto\" data-track-links=\"\">&#8220;\u00c9 ruim a gente n\u00e3o saber o que est\u00e1 acontecendo, mas estava tudo tranquilo ali e a gente s\u00f3 ficou aguardando mesmo informa\u00e7\u00e3o por parte da tripula\u00e7\u00e3o&#8221;, continuou o m\u00e9dico.<\/p>\n<\/div>\n<div class=\"mc-column content-text active-extra-styles \" data-block-type=\"unstyled\" data-block-weight=\"27\">\n<p class=\"content-text__container \" style=\"text-align: justify;\" data-track-category=\"Link no Texto\" data-track-links=\"\">Os viajantes foram levados pela empresa a um hotel e devem embarcar de novo \u00e0s 12h desta segunda. A ida at\u00e9 Roraima leva cerca de tr\u00eas horas. <em>(Informa\u00e7\u00f5es do\u00a0<a href=\"http:\/\/g1.globo.com\/distrito-federal\/noticia\/aviao-da-gol-fica-com-pneus-de-fora-aborta-viagem-e-sobrevoa-df-por-quase-3-h.ghtml\"><strong>G1<\/strong><\/a> DF)<\/em><\/p>\n<p class=\"content-text__container \" style=\"text-align: justify;\" data-track-category=\"Link no Texto\" data-track-links=\"\"><img loading=\"lazy\" decoding=\"async\" class=\"aligncenter size-full wp-image-99714\" src=\"http:\/\/senoticias.com.br\/se\/wp-content\/uploads\/2017\/01\/Logo-fone-1-2-1-2-3.jpg\" alt=\"Logo-fone-1-2-1-2\" width=\"599\" height=\"78\" srcset=\"https:\/\/senoticias.com.br\/se\/wp-content\/uploads\/2017\/01\/Logo-fone-1-2-1-2-3.jpg 599w, https:\/\/senoticias.com.br\/se\/wp-content\/uploads\/2017\/01\/Logo-fone-1-2-1-2-3-300x39.jpg 300w\" sizes=\"(max-width: 599px) 100vw, 599px\" \/><\/p>\n<p class=\"content-text__container \" style=\"text-align: justify;\" data-track-category=\"Link no Texto\" data-track-links=\"\"><em><strong>Acompanhe tamb\u00e9m o SE Not\u00edcias no<\/strong><span class=\"apple-converted-space\"><b>\u00a0<\/b><\/span><strong><a href=\"https:\/\/twitter.com\/Senoticias\" target=\"_blank\">Twitter<\/a>,<\/strong><span class=\"apple-converted-space\"><b>\u00a0<\/b><\/span><strong><a href=\"https:\/\/www.facebook.com\/senoticias1\" target=\"_blank\">Facebook<span class=\"apple-converted-space\">\u00a0<\/span><\/a>e no<\/strong><span class=\"apple-converted-space\"><b>\u00a0<\/b><\/span><strong><a href=\"https:\/\/www.instagram.com\/senoticias\/\" target=\"_blank\">Instagram<\/a><\/strong><\/em><\/p>\n<\/div>\n","protected":false},"excerpt":{"rendered":"<p>Um\u00a0avi\u00e3o da Gol que sairia de Bras\u00edlia para Boa Vista, em Roraima, teve problemas no trem de pouso, precisou voltar para a capital federal e ficou sobrevoando a cidade por quase tr\u00eas horas antes de pousar, na madrugada desta segunda-feira (23). A situa\u00e7\u00e3o foi porque o trem de pouso n\u00e3o se recolheu. Como as rodas [&hellip;]<\/p>\n","protected":false},"author":2,"featured_media":99772,"comment_status":"closed","ping_status":"closed","sticky":false,"template":"","format":"standard","meta":{"footnotes":""},"categories":[15],"tags":[2052,2053],"class_list":{"0":"post-99771","1":"post","2":"type-post","3":"status-publish","4":"format-standard","5":"has-post-thumbnail","7":"category-destaques","8":"tag-aviao-da-gol","9":"tag-aviao-passa-3-horas-em-brasilia"},"_links":{"self":[{"href":"https:\/\/senoticias.com.br\/se\/wp-json\/wp\/v2\/posts\/99771"}],"collection":[{"href":"https:\/\/senoticias.com.br\/se\/wp-json\/wp\/v2\/posts"}],"about":[{"href":"https:\/\/senoticias.com.br\/se\/wp-json\/wp\/v2\/types\/post"}],"author":[{"embeddable":true,"href":"https:\/\/senoticias.com.br\/se\/wp-json\/wp\/v2\/users\/2"}],"replies":[{"embeddable":true,"href":"https:\/\/senoticias.com.br\/se\/wp-json\/wp\/v2\/comments?post=99771"}],"version-history":[{"count":0,"href":"https:\/\/senoticias.com.br\/se\/wp-json\/wp\/v2\/posts\/99771\/revisions"}],"wp:featuredmedia":[{"embeddable":true,"href":"https:\/\/senoticias.com.br\/se\/wp-json\/wp\/v2\/media\/99772"}],"wp:attachment":[{"href":"https:\/\/senoticias.com.br\/se\/wp-json\/wp\/v2\/media?parent=99771"}],"wp:term":[{"taxonomy":"category","embeddable":true,"href":"https:\/\/senoticias.com.br\/se\/wp-json\/wp\/v2\/categories?post=99771"},{"taxonomy":"post_tag","embeddable":true,"href":"https:\/\/senoticias.com.br\/se\/wp-json\/wp\/v2\/tags?post=99771"}],"curies":[{"name":"wp","href":"https:\/\/api.w.org\/{rel}","templated":true}]}}