{"id":99758,"date":"2017-01-22T16:28:46","date_gmt":"2017-01-22T19:28:46","guid":{"rendered":"http:\/\/senoticias.com.br\/se\/?p=99758"},"modified":"2017-01-22T16:28:46","modified_gmt":"2017-01-22T19:28:46","slug":"gravida-andressa-suita-deixa-barriga-de-fora-em-show-de-gusttavo-lima-em-aracaju","status":"publish","type":"post","link":"https:\/\/senoticias.com.br\/se\/gravida-andressa-suita-deixa-barriga-de-fora-em-show-de-gusttavo-lima-em-aracaju\/","title":{"rendered":"Gr\u00e1vida, Andressa Suita deixa barriga de fora em show de Gusttavo Lima em Aracaju"},"content":{"rendered":"<p style=\"text-align: justify\">\u00c0 espera de seu primeiro filho com Gusttavo Lima, Andressa Suita assistiu ao show do marido, na noite deste s\u00e1bado, 21, no Fest Ver\u00e3o Sergipe, em Aracaju. A modelo usou um look que deixava sua barriguinha \u00e0 mostra &#8211; ainda muito discreta, j\u00e1 que ela est\u00e1 com tr\u00eas meses e meio de gesta\u00e7\u00e3o &#8211; e compartilhou fotos em seu perfil no Instagram.<\/p>\n<div id=\"attachment_99759\" style=\"width: 590px\" class=\"wp-caption aligncenter\"><a href=\"http:\/\/senoticias.com.br\/se\/wp-content\/uploads\/2017\/01\/Andressa-Suita-SE-Noticias-e1485113203659.jpg\"><img loading=\"lazy\" decoding=\"async\" aria-describedby=\"caption-attachment-99759\" class=\"size-full wp-image-99759\" src=\"http:\/\/senoticias.com.br\/se\/wp-content\/uploads\/2017\/01\/Andressa-Suita-SE-Noticias-e1485113203659.jpg\" alt=\"Andressa Suita no show de Gusttavo Lima em Aracaju (Foto: Reprodu\u00e7\u00e3o\/Instagram)\" width=\"580\" height=\"580\" \/><\/a><p id=\"caption-attachment-99759\" class=\"wp-caption-text\">Andressa Suita no show de Gusttavo Lima em Aracaju (Foto: Reprodu\u00e7\u00e3o\/Instagram)<\/p><\/div>\n<div id=\"attachment_99761\" style=\"width: 590px\" class=\"wp-caption aligncenter\"><a href=\"http:\/\/senoticias.com.br\/se\/wp-content\/uploads\/2017\/01\/andressa-suita-e-gustavo-lima-em-Aracaju-SE-Noticias-e1485113294523.jpg\"><img loading=\"lazy\" decoding=\"async\" aria-describedby=\"caption-attachment-99761\" class=\"size-full wp-image-99761\" src=\"http:\/\/senoticias.com.br\/se\/wp-content\/uploads\/2017\/01\/andressa-suita-e-gustavo-lima-em-Aracaju-SE-Noticias-e1485113294523.jpg\" alt=\"Gusttavo Lima e Andressa Suita nos bastidores do show do cantor em Aracaju (Foto: Reprodu\u00e7\u00e3o\/Instagram)\" width=\"580\" height=\"327\" \/><\/a><p id=\"caption-attachment-99761\" class=\"wp-caption-text\">Gusttavo Lima e Andressa Suita nos bastidores do show do cantor em Aracaju (Foto: Reprodu\u00e7\u00e3o\/Instagram)<\/p><\/div>\n<p style=\"text-align: justify\">No dia anterior, Andressa mostrou, na mesma rede social, imagem do exame de ultrassom que fez, e escreveu: &#8220;Meu melhor presente&#8221;. A loira anunciou a gravidez em dezembro, quando contou ao EGO que foi tudo muito bem planejado.<\/p>\n<p style=\"line-height: 14.25pt\"><strong><span style=\"font-size: 10.0pt;font-family: 'Georgia','serif';color: #333333\">Acompanhe tamb\u00e9m o SE Not\u00edcias no<\/span><\/strong><span class=\"apple-converted-space\"><b><span style=\"font-size: 10.0pt;font-family: 'Georgia','serif';color: #333333\">\u00a0<\/span><\/b><\/span><strong><span style=\"font-size: 10.0pt;font-family: 'Georgia','serif';color: #333333\"><a href=\"https:\/\/twitter.com\/Senoticias\" target=\"_blank\">Twitter<\/a>,<\/span><\/strong><span class=\"apple-converted-space\"><b><span style=\"font-size: 10.0pt;font-family: 'Georgia','serif';color: #333333\">\u00a0<\/span><\/b><\/span><strong><span style=\"font-size: 10.0pt;font-family: 'Georgia','serif';color: #333333\"><a href=\"https:\/\/www.facebook.com\/senoticias1\" target=\"_blank\">Facebook<span class=\"apple-converted-space\"><span style=\"color: windowtext;text-decoration: none\">\u00a0<\/span><\/span><\/a>e no<\/span><\/strong><span class=\"apple-converted-space\"><b><span style=\"font-size: 10.0pt;font-family: 'Georgia','serif';color: #333333\">\u00a0<\/span><\/b><\/span><strong><span style=\"font-size: 10.0pt;font-family: 'Georgia','serif';color: #333333\"><a href=\"https:\/\/www.instagram.com\/senoticias\/\" target=\"_blank\">Instagram<\/a>.<\/span><\/strong><\/p>\n<p style=\"line-height: 14.25pt\"><a href=\"http:\/\/senoticias.com.br\/se\/wp-content\/uploads\/2017\/01\/Logo-fone-1-2-1-2-3.jpg\"><img loading=\"lazy\" decoding=\"async\" class=\"aligncenter size-full wp-image-99714\" src=\"http:\/\/senoticias.com.br\/se\/wp-content\/uploads\/2017\/01\/Logo-fone-1-2-1-2-3.jpg\" alt=\"Logo-fone-1-2-1-2\" width=\"599\" height=\"78\" srcset=\"https:\/\/senoticias.com.br\/se\/wp-content\/uploads\/2017\/01\/Logo-fone-1-2-1-2-3.jpg 599w, https:\/\/senoticias.com.br\/se\/wp-content\/uploads\/2017\/01\/Logo-fone-1-2-1-2-3-300x39.jpg 300w\" sizes=\"(max-width: 599px) 100vw, 599px\" \/><\/a><\/p>\n<p style=\"line-height: 14.25pt\">Do EGO, no Rio<\/p>\n","protected":false},"excerpt":{"rendered":"<p>\u00c0 espera de seu primeiro filho com Gusttavo Lima, Andressa Suita assistiu ao show do marido, na noite deste s\u00e1bado, 21, no Fest Ver\u00e3o Sergipe, em Aracaju. A modelo usou um look que deixava sua barriguinha \u00e0 mostra &#8211; ainda muito discreta, j\u00e1 que ela est\u00e1 com tr\u00eas meses e meio de gesta\u00e7\u00e3o &#8211; e [&hellip;]<\/p>\n","protected":false},"author":5618,"featured_media":99761,"comment_status":"closed","ping_status":"closed","sticky":false,"template":"","format":"standard","meta":{"footnotes":""},"categories":[4,21,22],"tags":[2049,2048],"class_list":{"0":"post-99758","1":"post","2":"type-post","3":"status-publish","4":"format-standard","5":"has-post-thumbnail","7":"category-bastidores","8":"category-entretenimento","9":"category-famosos","10":"tag-andressa-suita-deixa-barriga-de-fora-em-show-de-gusttavo-lima-em-aracaju","11":"tag-gravida"},"_links":{"self":[{"href":"https:\/\/senoticias.com.br\/se\/wp-json\/wp\/v2\/posts\/99758"}],"collection":[{"href":"https:\/\/senoticias.com.br\/se\/wp-json\/wp\/v2\/posts"}],"about":[{"href":"https:\/\/senoticias.com.br\/se\/wp-json\/wp\/v2\/types\/post"}],"author":[{"embeddable":true,"href":"https:\/\/senoticias.com.br\/se\/wp-json\/wp\/v2\/users\/5618"}],"replies":[{"embeddable":true,"href":"https:\/\/senoticias.com.br\/se\/wp-json\/wp\/v2\/comments?post=99758"}],"version-history":[{"count":0,"href":"https:\/\/senoticias.com.br\/se\/wp-json\/wp\/v2\/posts\/99758\/revisions"}],"wp:featuredmedia":[{"embeddable":true,"href":"https:\/\/senoticias.com.br\/se\/wp-json\/wp\/v2\/media\/99761"}],"wp:attachment":[{"href":"https:\/\/senoticias.com.br\/se\/wp-json\/wp\/v2\/media?parent=99758"}],"wp:term":[{"taxonomy":"category","embeddable":true,"href":"https:\/\/senoticias.com.br\/se\/wp-json\/wp\/v2\/categories?post=99758"},{"taxonomy":"post_tag","embeddable":true,"href":"https:\/\/senoticias.com.br\/se\/wp-json\/wp\/v2\/tags?post=99758"}],"curies":[{"name":"wp","href":"https:\/\/api.w.org\/{rel}","templated":true}]}}