{"id":99643,"date":"2017-01-19T11:53:33","date_gmt":"2017-01-19T14:53:33","guid":{"rendered":"http:\/\/senoticias.com.br\/se\/?p=99643"},"modified":"2017-01-19T11:53:33","modified_gmt":"2017-01-19T14:53:33","slug":"com-robinho-e-diego-tite-convoca-selecao-para-jogo-contra-a-colombia","status":"publish","type":"post","link":"https:\/\/senoticias.com.br\/se\/com-robinho-e-diego-tite-convoca-selecao-para-jogo-contra-a-colombia\/","title":{"rendered":"Com Robinho e Diego, Tite convoca Sele\u00e7\u00e3o para jogo contra a Col\u00f4mbia"},"content":{"rendered":"<p style=\"text-align: justify\">O t\u00e9cnico <span class=\"semantica-autolink-topico-tip\"><a class=\"link-do-autolink-semantico\" href=\"http:\/\/globoesporte.globo.com\/tecnico\/tite.html\">Tite<\/a><\/span> anunciou nesta quinta-feira a lista com os 23 jogadores convocados da Sele\u00e7\u00e3o para o amistoso contra a Col\u00f4mbia, que ser\u00e1 realizado no pr\u00f3ximo 25 no Est\u00e1dio Nilton Santos, no Rio de Janeiro. Destaque para o retorno de <span class=\"semantica-autolink-topico-tip\"><a class=\"link-do-autolink-semantico\" href=\"http:\/\/globoesporte.globo.com\/atleta\/robinho.html\">Robinho<\/a><\/span> e <span class=\"semantica-autolink-topico-tip\"><a class=\"link-do-autolink-semantico\" href=\"http:\/\/globoesporte.globo.com\/atleta\/diego.html\">Diego<\/a><\/span>, que foram revelados pelo Santos e hoje defendem Atl\u00e9tico-MG e Flamengo, respectivamente. Como n\u00e3o se trata de data Fifa, apenas atletas que atuam no futebol brasileiro foram convocados. A partida ter\u00e1 toda a renda destinada para familiares das v\u00edtimas da trag\u00e9dia com o voo da Chapecoense, que caiu em novembro do ano passado pr\u00f3ximo a Medell\u00edn e deixou 71 mortos.<\/p>\n<div id=\"attachment_99644\" style=\"width: 590px\" class=\"wp-caption aligncenter\"><a href=\"http:\/\/senoticias.com.br\/se\/wp-content\/uploads\/2017\/01\/Tite-Convoca-selecao-para-jogo-da-amizade-SE-Nticias-e1484837505579.jpg\"><img loading=\"lazy\" decoding=\"async\" aria-describedby=\"caption-attachment-99644\" class=\"size-full wp-image-99644\" src=\"http:\/\/senoticias.com.br\/se\/wp-content\/uploads\/2017\/01\/Tite-Convoca-selecao-para-jogo-da-amizade-SE-Nticias-e1484837505579.jpg\" alt=\"Tite convoca apenas jogadores que atuam no Brasil para amistoso contra a Col\u00f4mbia (Foto: Pedro Martins \/ MoWA Press) \" width=\"580\" height=\"370\" \/><\/a><p id=\"caption-attachment-99644\" class=\"wp-caption-text\">Tite convoca apenas jogadores que atuam no Brasil para amistoso contra a Col\u00f4mbia (Foto: Pedro Martins \/ MoWA Press)<\/p><\/div>\n<p style=\"text-align: justify\">De acordo com Tite, ao elaborar a lista foram tomados alguns cuidados porque os times brasileiros est\u00e3o em fase de pr\u00e9-temporada. Profissionais das \u00e1reas t\u00e9cnica e f\u00edsica da sele\u00e7\u00e3o brasileira estiveram em contato com os clubes para saber as condi\u00e7\u00f5es dos atletas, ter garantias de que possam atuar por no m\u00ednimo 45 minutos e tamb\u00e9m n\u00e3o prejudicar as equipes nas primeiras competi\u00e7\u00f5es da temporada. Foram chamados atletas de 14 clubes diferentes. O Flamengo, com quatro jogadores, foi o clube com mais convocados.<\/p>\n<p class=\"\" style=\"text-align: justify\">Apesar de a partida n\u00e3o ser realizada na data Fifa, e por conta disso apenas jogadores que atuam no futebol brasileiro tenham sido convocados, Tite garante que os atletas que ter\u00e3o chance contra a Col\u00f4mbia podem seguir com a sele\u00e7\u00e3o brasileira nas eliminat\u00f3rias para a Copa do Mundo de 2018, na R\u00fassia.<\/p>\n<p style=\"text-align: justify\">&#8211; Serve sim. \u00c9 verdadeiro, \u00e9 uma possibilidade real de avalia\u00e7\u00e3o, de estar presente na Sele\u00e7\u00e3o. \u00c9 uma competi\u00e7\u00e3o, com toda a homenagem que tem. Em momento algum vou tirar do atleta a chance da competi\u00e7\u00e3o.\u00a0Foi muito dif\u00edcil ser justo e estabelecer crit\u00e9rios. \u00c0s vezes um pequeno detalhe pode ser determinante na convoca\u00e7\u00e3o. Se eu pudesse, convocaria Dorival Junior e Cuca. Ou o Ricardo Oliveira, que poderia e deveria aqui estar, mas est\u00e1 no departamento m\u00e9dico. &#8211; afirmou Tite na coletiva de imprensa.<\/p>\n<p style=\"text-align: justify\">O t\u00e9cnico da sele\u00e7\u00e3o brasileira tamb\u00e9m fez um apelo aos torcedores brasileiros para lotar o Est\u00e1dio Nilton Santos e ajudar os familiares das v\u00edtimas da trag\u00e9dia da Chape. Ele citou a homenagem que a torcida do Atl\u00e9tico Nacional fez pelas ruas de Medell\u00edn e no Est\u00e1dio Atanasio Girardot:<\/p>\n<p style=\"text-align: justify\">&#8211; Quando vi o est\u00e1dio e as ruas pr\u00f3ximas lotadas, isso arrepiou. A gente n\u00e3o precisa que uma desgra\u00e7a fa\u00e7a a gente colocar o lado humano para fora. Agora tamb\u00e9m \u00e9 uma grande oportunidade de retribuir todo o carinho em cima de algo que n\u00e3o gostar\u00edamos de estar fazendo, mas ela \u00e9 importante. Tenho certeza que quem comparecer tamb\u00e9m vai demonstrar esse lado humano.<\/p>\n<p style=\"text-align: justify\">Os ingressos para o chamado Jogo da Amizade est\u00e3o \u00e0 venda e custam entre R$ 70 e R$ 150, e os interessados <a class=\"\" href=\"https:\/\/meubilhete.com\/brasil-x-colombia\" target=\"_blank\">podem comprar os bilhetes pela internet<\/a>. Al\u00e9m dos f\u00e3s que acompanhar\u00e3o a partida no Est\u00e1dio Nilton Santos, torcedores de outras cidades e estados brasileiros podem dar contribui\u00e7\u00e3o aos familiares das v\u00edtimas da trag\u00e9dia comprando o <a class=\"\" href=\"https:\/\/meubilhete.com\/ingresso-solidario\" target=\"_blank\">ingresso solid\u00e1rio<\/a>, que tem um custo de R$ 50. Essa categoria n\u00e3o garante acesso ao jogo, mas quem comprar ter\u00e1 um certificado de apoio e solidariedade.<\/p>\n<p style=\"text-align: justify\">A sele\u00e7\u00e3o brasileira se apresenta ao t\u00e9cnico Tite na pr\u00f3xima ter\u00e7a-feira, no hotel Windsor, na Barra da Tijuca. O treino est\u00e1 marcado para 17h do mesmo dia, no Est\u00e1dio Nilton Santos.<br \/>\n<strong><br \/>\nConfira a lista de convocados:<\/strong><\/p>\n<p style=\"text-align: justify\"><strong>Goleiros:<\/strong><br \/>\nWeverton (Atl\u00e9tico-PR)<br \/>\nDanilo Fernandes (Internacional)<br \/>\nMuralha (Flamengo)<br \/>\n<strong><br \/>\nLaterais:<\/strong><br \/>\nF\u00e1bio Santos (Atl\u00e9tico-MG)<br \/>\nFagner (Corinthians)<br \/>\nJorge (Flamengo)<br \/>\nMarcos Rocha (Atl\u00e9tico-MG)<br \/>\n<strong><br \/>\nZagueiros:<\/strong><br \/>\nGeromel (Gr\u00eamio)<br \/>\nLuan Garcia (Vasco)<br \/>\nRodrigo Caio (S\u00e3o Paulo)<br \/>\nVictor Hugo (Palmeiras)<br \/>\n<strong><br \/>\nMeias:<\/strong><br \/>\nCamilo (Botafogo)<br \/>\nDiego (Flamengo)<br \/>\nGustavo Scarpa (Fluminense)<br \/>\nHenrique (Cruzeiro)<br \/>\nLucas Lima (Santos)<br \/>\nRodriguinho (Corinthians)<br \/>\nWallace (Gr\u00eamio)<br \/>\nWillian Ar\u00e3o (Flamengo)<br \/>\n<strong><br \/>\nAtacantes:<\/strong><br \/>\nDiego Souza (Sport)<br \/>\nDudu (Palmeiras)<br \/>\nLuan (Gr\u00eamio)<br \/>\nRobinho (Atl\u00e9tico-MG)<\/p>\n<p style=\"text-align: justify\"><strong>Acompanhe tamb\u00e9m o SE Not\u00edcias no<\/strong><strong>\u00a0<\/strong><strong><a href=\"https:\/\/twitter.com\/Senoticias\">Twitter<\/a>,<\/strong><strong>\u00a0<\/strong><strong><a href=\"https:\/\/www.facebook.com\/senoticias1\">Facebook\u00a0<\/a>e no<\/strong><strong>\u00a0<\/strong><strong><a href=\"https:\/\/www.instagram.com\/senoticias\/\">Instagram<\/a><\/strong><\/p>\n<p style=\"text-align: justify\"><a href=\"http:\/\/senoticias.com.br\/se\/wp-content\/uploads\/2017\/01\/Logo-fone-1-2-1-2-2.jpg\"><img loading=\"lazy\" decoding=\"async\" class=\"aligncenter size-full wp-image-99559\" src=\"http:\/\/senoticias.com.br\/se\/wp-content\/uploads\/2017\/01\/Logo-fone-1-2-1-2-2.jpg\" alt=\"Logo-fone-1-2-1-2\" width=\"599\" height=\"78\" srcset=\"https:\/\/senoticias.com.br\/se\/wp-content\/uploads\/2017\/01\/Logo-fone-1-2-1-2-2.jpg 599w, https:\/\/senoticias.com.br\/se\/wp-content\/uploads\/2017\/01\/Logo-fone-1-2-1-2-2-300x39.jpg 300w\" sizes=\"(max-width: 599px) 100vw, 599px\" \/><\/a><\/p>\n<p style=\"text-align: justify\">Por Alexandre Lozetti e Edgard Maciel de S\u00e1<br \/>\nRio de Janeiro<\/p>\n","protected":false},"excerpt":{"rendered":"<p>O t\u00e9cnico Tite anunciou nesta quinta-feira a lista com os 23 jogadores convocados da Sele\u00e7\u00e3o para o amistoso contra a Col\u00f4mbia, que ser\u00e1 realizado no pr\u00f3ximo 25 no Est\u00e1dio Nilton Santos, no Rio de Janeiro. Destaque para o retorno de Robinho e Diego, que foram revelados pelo Santos e hoje defendem Atl\u00e9tico-MG e Flamengo, respectivamente. [&hellip;]<\/p>\n","protected":false},"author":5618,"featured_media":99644,"comment_status":"closed","ping_status":"closed","sticky":false,"template":"","format":"standard","meta":{"footnotes":""},"categories":[26],"tags":[2025,2026],"class_list":{"0":"post-99643","1":"post","2":"type-post","3":"status-publish","4":"format-standard","5":"has-post-thumbnail","7":"category-esportes","8":"tag-com-robinho-e-diego","9":"tag-tite-convoca-selecao-para-jogo-contra-a-colombia"},"_links":{"self":[{"href":"https:\/\/senoticias.com.br\/se\/wp-json\/wp\/v2\/posts\/99643"}],"collection":[{"href":"https:\/\/senoticias.com.br\/se\/wp-json\/wp\/v2\/posts"}],"about":[{"href":"https:\/\/senoticias.com.br\/se\/wp-json\/wp\/v2\/types\/post"}],"author":[{"embeddable":true,"href":"https:\/\/senoticias.com.br\/se\/wp-json\/wp\/v2\/users\/5618"}],"replies":[{"embeddable":true,"href":"https:\/\/senoticias.com.br\/se\/wp-json\/wp\/v2\/comments?post=99643"}],"version-history":[{"count":0,"href":"https:\/\/senoticias.com.br\/se\/wp-json\/wp\/v2\/posts\/99643\/revisions"}],"wp:featuredmedia":[{"embeddable":true,"href":"https:\/\/senoticias.com.br\/se\/wp-json\/wp\/v2\/media\/99644"}],"wp:attachment":[{"href":"https:\/\/senoticias.com.br\/se\/wp-json\/wp\/v2\/media?parent=99643"}],"wp:term":[{"taxonomy":"category","embeddable":true,"href":"https:\/\/senoticias.com.br\/se\/wp-json\/wp\/v2\/categories?post=99643"},{"taxonomy":"post_tag","embeddable":true,"href":"https:\/\/senoticias.com.br\/se\/wp-json\/wp\/v2\/tags?post=99643"}],"curies":[{"name":"wp","href":"https:\/\/api.w.org\/{rel}","templated":true}]}}