{"id":99641,"date":"2017-01-19T11:52:09","date_gmt":"2017-01-19T14:52:09","guid":{"rendered":"http:\/\/senoticias.com.br\/se\/?p=99641"},"modified":"2017-01-19T12:01:55","modified_gmt":"2017-01-19T15:01:55","slug":"edvaldo-nogueira-participa-de-comemoracoes-pelos-75-anos-de-dom-lessa","status":"publish","type":"post","link":"https:\/\/senoticias.com.br\/se\/edvaldo-nogueira-participa-de-comemoracoes-pelos-75-anos-de-dom-lessa\/","title":{"rendered":"Edvaldo Nogueira participa de comemora\u00e7\u00f5es pelos 75 anos de Dom Lessa"},"content":{"rendered":"<p style=\"text-align: justify;\">O prefeito Edvaldo Nogueira prestigiou na noite desta quarta-feira (18) a missa de louvor e a\u00e7\u00e3o de gra\u00e7as pelos 75 anos de Dom Jos\u00e9 Palmeira Lessa. A celebra\u00e7\u00e3o, que ocorreu na Pra\u00e7a Ol\u00edmpio Campos, onde est\u00e1 localizada a Catedral Metropolitana, marcou tamb\u00e9m a troca de comando da Arquidiocese de Aracaju. A partir de agora, Dom Jo\u00e3o Jos\u00e9 Costa passa a ser o arcebispo da capital. A cerim\u00f4nia reuniu centenas de fieis, al\u00e9m de autoridades, como o governador Jackson Barreto, e religiosos.<\/p>\n<div id=\"attachment_99642\" style=\"width: 609px\" class=\"wp-caption aligncenter\"><img loading=\"lazy\" decoding=\"async\" aria-describedby=\"caption-attachment-99642\" class=\"size-full wp-image-99642\" src=\"http:\/\/senoticias.com.br\/se\/wp-content\/uploads\/2017\/01\/Edvaldo-Nogueira-participa-com-Dom-Lessa-SE-Noticias-e1484837222490.jpg\" alt=\"Edvaldo Nogueira prestigiou na noite desta quarta-feira (18) a missa de louvor e a\u00e7\u00e3o de gra\u00e7as pelos 75 anos de Dom Jos\u00e9 Palmeira Lessa. (Foto: Jana\u00edna Santos)\" width=\"599\" height=\"449\" \/><p id=\"caption-attachment-99642\" class=\"wp-caption-text\">Edvaldo Nogueira prestigiou na noite desta quarta-feira (18) a missa de louvor e a\u00e7\u00e3o de gra\u00e7as pelos 75 anos de Dom Jos\u00e9 Palmeira Lessa. (Foto: Jana\u00edna Santos)<\/p><\/div>\n<p style=\"text-align: justify;\">\u201cDurante a missa foi revelado o grande trabalho que Dom Lessa fez na nossa cidade, fosse como condutor dos seus fi\u00e9is por uma vida melhor e de comunh\u00e3o a Deus, como tamb\u00e9m no trabalho social que ele desenvolveu nas arquidioceses de Propri\u00e1 e de Aracaju. Pelas obras que realizou, ele vai deixar uma grande saudade como padre e como arcebispo, mas n\u00f3s temos certeza que Dom Jos\u00e9 saber\u00e1 continuar essa grande miss\u00e3o, e a igreja continuar\u00e1 crescendo e se fortalecendo em todo estado de Sergipe\u201d, afirmou o prefeito.<\/p>\n<p style=\"text-align: justify;\">Em sua mensagem de despedida, Dom Lessa, que agora se torna arcebispo em\u00e9rito de Aracaju, disse que a Igreja se manter\u00e1 firme neste processo de sucess\u00e3o apost\u00f3lica. \u201cEsse processo jamais sofreu solu\u00e7\u00e3o de continuidade e agora n\u00e3o ser\u00e1 diferente. Ao completar 75 anos, cumpri o tempo can\u00f4nico \u00e0 frente da Arquidiocese de Aracaju, ofereci o melhor de mim ao longo do meu sacerd\u00f3cio e vivenciei muitos desafios, buscando fazer o bem e levando adiante os ensinamentos de Jesus. Agora \u00e9 um novo come\u00e7ar. Desejo votos de sabedoria fecunda e enriquecedora a Dom Jo\u00e3o Jos\u00e9 Costa\u201d, destacou.<\/p>\n<p style=\"text-align: justify;\">Ao tomar a palavra pela primeira vez como arcebispo de Aracaju, Dom Jo\u00e3o Jos\u00e9 Costa afirmou que seguir\u00e1 os ensinamentos apreendidos com Dom Lessa. \u201cDom Lessa fez uma escolha incans\u00e1vel pelos mais fracos e pobres da nossa sociedade. Abra\u00e7ou, como Cristo, os mais fracos. Me sinto feliz em suced\u00ea-lo, agrade\u00e7o a acolhida nestes dois anos como arcebispo coadjutor. Pude conhecer de perto todos que integram a nossa Igreja, que est\u00e1 me sendo confiada. Continuarei a miss\u00e3o evangelizadora e buscando a unidade do rebanho\u201d, pontuou.<\/p>\n<p style=\"text-align: justify;\">O governador Jackson Barreto destacou o legado de Dom Lessa para o Estado. \u201cPara n\u00f3s, \u00e9 um momento de muita alegria pelo anivers\u00e1rio de Dom Lessa, mas tamb\u00e9m de muita tristeza pelo t\u00e9rmino de seu mandato como arcebispo de Aracaju. Um homem que dedicou sua vida a Deus e \u00e0s obras sociais, n\u00e3o s\u00f3 ao longo dos seus 20 anos no comando da arquidiocese, como tamb\u00e9m enquanto bispo de Propri\u00e1. N\u00f3s s\u00f3 temos a agradecer pelo grande pastor que ele foi para nosso Estado. N\u00f3s nunca vamos esquec\u00ea-lo por esse esfor\u00e7o inesgot\u00e1vel de levar a palavra de Deus ao nosso povo\u201d, agradeceu.<\/p>\n<p><strong>Almo\u00e7o<\/strong><\/p>\n<p style=\"text-align: justify;\">Tamb\u00e9m na quarta-feira, o prefeito Edvaldo Nogueira compareceu ao almo\u00e7o de anivers\u00e1rio de Dom Lessa. L\u00e1, ele comparou o trabalho do arcebispo ao de um semeador. \u201cDom Lessa \u00e9 um semeador que nunca escolheu local para semear. Ele conseguiu fazer a igreja crescer porque soube semear. E hoje est\u00e1 colhendo o fruto da sua semeadura, atrav\u00e9s do carinho, respeito e solidariedade da popula\u00e7\u00e3o\u201d, afirmou.<\/p>\n<p style=\"text-align: justify;\"><strong>Dom Lessa<\/strong><\/p>\n<p style=\"text-align: justify;\">Dom Lessa est\u00e1 no arcebispado de Aracaju h\u00e1 20 anos, sendo dois anos como arcebispo coadjutor e 18 anos como titular. A transi\u00e7\u00e3o foi iniciada h\u00e1 dois anos, com a nomea\u00e7\u00e3o, pelo papa, de Dom Frei Jo\u00e3o como coadjutor. A nomea\u00e7\u00e3o de Dom Jos\u00e9 Palmeira Lessa como bispo foi feita pelo Papa Jo\u00e3o Paulo II, h\u00e1 34 anos. Na \u00e9poca, o arcebispo tinha 40 anos de idade. Antes de servir em Aracaju, esteve bispo auxiliar no Rio de Janeiro e bispo diocesano em Propri\u00e1 (SE).\u00a0 Em seus 48 anos de sacerd\u00f3cio e 34 de episcopado, Dom Lessa criou e instalou 67 par\u00f3quias.<\/p>\n<p><strong>O novo arcebispo<\/strong><\/p>\n<p style=\"text-align: justify;\">Dom Jo\u00e3o Jos\u00e9 Costa \u00e9 natural de Lagarto e nasceu em 24 de junho de 1958. Membro da Ordem do Carmo, fez sua profiss\u00e3o religiosa em 2 de janeiro de 1986. Foi nomeado bispo da diocese de Iguatu (CE) em 07 de janeiro de 2009. Em sua trajet\u00f3ria, Dom Jo\u00e3o Jos\u00e9 j\u00e1 atuou como conselheiro da Prov\u00edncia Carmelita, foi formador nas etapas de Postulantado e Filosofia na Prov\u00edncia, trabalhou na Pastoral Carcer\u00e1ria, prestou assist\u00eancia espiritual na Fazenda Esperan\u00e7a, em Lagarto (SE). Ao ser nomeado bispo, era prior do Convento do Carmo de S\u00e3o Crist\u00f3v\u00e3o. Dom Jo\u00e3o \u00e9 tamb\u00e9m o atual presidente da C\u00e1ritas Brasileira, mandato que deve se estender at\u00e9 2019.<\/p>\n<p style=\"text-align: justify;\"><strong>Presen\u00e7as<\/strong><\/p>\n<p style=\"text-align: justify;\">Na missa de celebra\u00e7\u00e3o tamb\u00e9m estiveram presentes os ex-governadores Albano Franco e Jo\u00e3o Alves Filho, o ex-vice-prefeito Jos\u00e9 Carlos Machado, a deputada estadual Ana L\u00facia, o conselheiro do Tribunal de Contas do Estado de Sergipe Carlos Pinna, o presidente da C\u00e2mara Municipal de Aracaju, Josenito Vitale e o vereador Zezinho do Bugio.<img loading=\"lazy\" decoding=\"async\" class=\"aligncenter size-full wp-image-99559\" src=\"http:\/\/senoticias.com.br\/se\/wp-content\/uploads\/2017\/01\/Logo-fone-1-2-1-2-2.jpg\" alt=\"Logo-fone-1-2-1-2\" width=\"599\" height=\"78\" srcset=\"https:\/\/senoticias.com.br\/se\/wp-content\/uploads\/2017\/01\/Logo-fone-1-2-1-2-2.jpg 599w, https:\/\/senoticias.com.br\/se\/wp-content\/uploads\/2017\/01\/Logo-fone-1-2-1-2-2-300x39.jpg 300w\" sizes=\"(max-width: 599px) 100vw, 599px\" \/><\/p>\n<p style=\"text-align: justify;\">A<strong>companhe tamb\u00e9m o SE Not\u00edcias no<\/strong><span class=\"apple-converted-space\"><b>\u00a0<\/b><\/span><strong><a href=\"https:\/\/twitter.com\/Senoticias\" target=\"_blank\">Twitter<\/a>,<\/strong><span class=\"apple-converted-space\"><b>\u00a0<\/b><\/span><strong><a href=\"https:\/\/www.facebook.com\/senoticias1\" target=\"_blank\">Facebook<span class=\"apple-converted-space\">\u00a0<\/span><\/a>e no<\/strong><span class=\"apple-converted-space\"><b>\u00a0<\/b><\/span><strong><a href=\"https:\/\/www.instagram.com\/senoticias\/\" target=\"_blank\">Instagram<\/a><\/strong><\/p>\n<p style=\"text-align: justify;\"><strong><em>Ascom\/Edvaldo<\/em><\/strong><\/p>\n","protected":false},"excerpt":{"rendered":"<p>O prefeito Edvaldo Nogueira prestigiou na noite desta quarta-feira (18) a missa de louvor e a\u00e7\u00e3o de gra\u00e7as pelos 75 anos de Dom Jos\u00e9 Palmeira Lessa. A celebra\u00e7\u00e3o, que ocorreu na Pra\u00e7a Ol\u00edmpio Campos, onde est\u00e1 localizada a Catedral Metropolitana, marcou tamb\u00e9m a troca de comando da Arquidiocese de Aracaju. A partir de agora, Dom [&hellip;]<\/p>\n","protected":false},"author":2,"featured_media":99642,"comment_status":"closed","ping_status":"closed","sticky":false,"template":"","format":"standard","meta":{"footnotes":""},"categories":[15],"tags":[],"class_list":{"0":"post-99641","1":"post","2":"type-post","3":"status-publish","4":"format-standard","5":"has-post-thumbnail","7":"category-destaques"},"_links":{"self":[{"href":"https:\/\/senoticias.com.br\/se\/wp-json\/wp\/v2\/posts\/99641"}],"collection":[{"href":"https:\/\/senoticias.com.br\/se\/wp-json\/wp\/v2\/posts"}],"about":[{"href":"https:\/\/senoticias.com.br\/se\/wp-json\/wp\/v2\/types\/post"}],"author":[{"embeddable":true,"href":"https:\/\/senoticias.com.br\/se\/wp-json\/wp\/v2\/users\/2"}],"replies":[{"embeddable":true,"href":"https:\/\/senoticias.com.br\/se\/wp-json\/wp\/v2\/comments?post=99641"}],"version-history":[{"count":0,"href":"https:\/\/senoticias.com.br\/se\/wp-json\/wp\/v2\/posts\/99641\/revisions"}],"wp:featuredmedia":[{"embeddable":true,"href":"https:\/\/senoticias.com.br\/se\/wp-json\/wp\/v2\/media\/99642"}],"wp:attachment":[{"href":"https:\/\/senoticias.com.br\/se\/wp-json\/wp\/v2\/media?parent=99641"}],"wp:term":[{"taxonomy":"category","embeddable":true,"href":"https:\/\/senoticias.com.br\/se\/wp-json\/wp\/v2\/categories?post=99641"},{"taxonomy":"post_tag","embeddable":true,"href":"https:\/\/senoticias.com.br\/se\/wp-json\/wp\/v2\/tags?post=99641"}],"curies":[{"name":"wp","href":"https:\/\/api.w.org\/{rel}","templated":true}]}}