{"id":99639,"date":"2017-01-19T11:43:04","date_gmt":"2017-01-19T14:43:04","guid":{"rendered":"http:\/\/senoticias.com.br\/se\/?p=99639"},"modified":"2017-01-19T11:43:05","modified_gmt":"2017-01-19T14:43:05","slug":"padre-antonio-maria-vai-se-apresentar-em-hotel-fazenda-em-laranjeiras","status":"publish","type":"post","link":"https:\/\/senoticias.com.br\/se\/padre-antonio-maria-vai-se-apresentar-em-hotel-fazenda-em-laranjeiras\/","title":{"rendered":"Padre Ant\u00f4nio Maria vai se apresentar em hotel fazenda em Laranjeiras"},"content":{"rendered":"<p style=\"text-align: justify\">O padre Ant\u00f4nio Maria vai comemorar 40 anos de carreira em um show no dia 29 de janeiro, a partir das 15h, em um hotel fazenda localizado no KM 16 da BR-235, no munic\u00edpio de Laranjeiras (SE).<\/p>\n<div id=\"attachment_99640\" style=\"width: 590px\" class=\"wp-caption aligncenter\"><a href=\"http:\/\/senoticias.com.br\/se\/wp-content\/uploads\/2017\/01\/padre-antonio-Maria-SE-Noticias-e1484836951279.jpg\"><img loading=\"lazy\" decoding=\"async\" aria-describedby=\"caption-attachment-99640\" class=\"size-full wp-image-99640\" src=\"http:\/\/senoticias.com.br\/se\/wp-content\/uploads\/2017\/01\/padre-antonio-Maria-SE-Noticias-e1484836951279.jpg\" alt=\"Padro Ant\u00f4nio Maria canta m\u00fasicas de louvor (Foto: Divulga\u00e7\u00e3o\/Diocese de Itapetininga)\" width=\"580\" height=\"435\" \/><\/a><p id=\"caption-attachment-99640\" class=\"wp-caption-text\">Padro Ant\u00f4nio Maria canta m\u00fasicas de louvor (Foto: Divulga\u00e7\u00e3o\/Diocese de Itapetininga)<\/p><\/div>\n<p style=\"text-align: justify\">O religioso vai apresentar um show baseado no repert\u00f3rio no \u00faltimo disco \u2018Mais Perto\u2019 que inclui os sucessos como \u2018Amor que cura\u2019, \u2018Pra ser feliz\u2019, \u2018Filha de Maria\u2019 e \u2018Cem mil l\u00e9guas do amor\u2019.<\/p>\n<p style=\"text-align: justify\">\u201cAs m\u00fasicas falam de Deus e com elas tamb\u00e9m falamos com Deus. Cada can\u00e7\u00e3o tem um sentido especial, fala de sentimentos e nos proporciona momentos de muita alegria. Vai ser um momento muito especial e quero contar com a presen\u00e7a de todos\u201d, disse o Padre Ant\u00f4nio Maria.<\/p>\n<p style=\"text-align: justify\"><strong>Servi\u00e7o<\/strong><br \/>\nO passaporte para o evento custa R$ 39,90 e o visitante poder\u00e1 ter acesso a partir das 8h30 ao parque aqu\u00e1tico, zool\u00f3gico e restaurantes da culin\u00e1ria local. Mais informa\u00e7\u00f5es atrav\u00e9s do telefone (79) 3281-4848.<\/p>\n<p style=\"text-align: justify\"><strong>Acompanhe tamb\u00e9m o SE Not\u00edcias no<\/strong><strong>\u00a0<\/strong><strong><a href=\"https:\/\/twitter.com\/Senoticias\">Twitter<\/a>,<\/strong><strong>\u00a0<\/strong><strong><a href=\"https:\/\/www.facebook.com\/senoticias1\">Facebook\u00a0<\/a>e no<\/strong><strong>\u00a0<\/strong><strong><a href=\"https:\/\/www.instagram.com\/senoticias\/\">Instagram<\/a><\/strong><\/p>\n<p style=\"text-align: justify\"><a href=\"http:\/\/senoticias.com.br\/se\/wp-content\/uploads\/2017\/01\/Logo-fone-1-2-1-2-2.jpg\"><img loading=\"lazy\" decoding=\"async\" class=\"aligncenter size-full wp-image-99559\" src=\"http:\/\/senoticias.com.br\/se\/wp-content\/uploads\/2017\/01\/Logo-fone-1-2-1-2-2.jpg\" alt=\"Logo-fone-1-2-1-2\" width=\"599\" height=\"78\" srcset=\"https:\/\/senoticias.com.br\/se\/wp-content\/uploads\/2017\/01\/Logo-fone-1-2-1-2-2.jpg 599w, https:\/\/senoticias.com.br\/se\/wp-content\/uploads\/2017\/01\/Logo-fone-1-2-1-2-2-300x39.jpg 300w\" sizes=\"(max-width: 599px) 100vw, 599px\" \/><\/a><\/p>\n<p style=\"text-align: justify\">Do G1 SE<\/p>\n","protected":false},"excerpt":{"rendered":"<p>O padre Ant\u00f4nio Maria vai comemorar 40 anos de carreira em um show no dia 29 de janeiro, a partir das 15h, em um hotel fazenda localizado no KM 16 da BR-235, no munic\u00edpio de Laranjeiras (SE). O religioso vai apresentar um show baseado no repert\u00f3rio no \u00faltimo disco \u2018Mais Perto\u2019 que inclui os sucessos [&hellip;]<\/p>\n","protected":false},"author":5618,"featured_media":99640,"comment_status":"closed","ping_status":"closed","sticky":false,"template":"","format":"standard","meta":{"footnotes":""},"categories":[46],"tags":[2024],"class_list":{"0":"post-99639","1":"post","2":"type-post","3":"status-publish","4":"format-standard","5":"has-post-thumbnail","7":"category-religiao","8":"tag-padre-antonio-maria-vai-se-apresentar-em-hotel-fazenda-em-laranjeiras"},"_links":{"self":[{"href":"https:\/\/senoticias.com.br\/se\/wp-json\/wp\/v2\/posts\/99639"}],"collection":[{"href":"https:\/\/senoticias.com.br\/se\/wp-json\/wp\/v2\/posts"}],"about":[{"href":"https:\/\/senoticias.com.br\/se\/wp-json\/wp\/v2\/types\/post"}],"author":[{"embeddable":true,"href":"https:\/\/senoticias.com.br\/se\/wp-json\/wp\/v2\/users\/5618"}],"replies":[{"embeddable":true,"href":"https:\/\/senoticias.com.br\/se\/wp-json\/wp\/v2\/comments?post=99639"}],"version-history":[{"count":0,"href":"https:\/\/senoticias.com.br\/se\/wp-json\/wp\/v2\/posts\/99639\/revisions"}],"wp:featuredmedia":[{"embeddable":true,"href":"https:\/\/senoticias.com.br\/se\/wp-json\/wp\/v2\/media\/99640"}],"wp:attachment":[{"href":"https:\/\/senoticias.com.br\/se\/wp-json\/wp\/v2\/media?parent=99639"}],"wp:term":[{"taxonomy":"category","embeddable":true,"href":"https:\/\/senoticias.com.br\/se\/wp-json\/wp\/v2\/categories?post=99639"},{"taxonomy":"post_tag","embeddable":true,"href":"https:\/\/senoticias.com.br\/se\/wp-json\/wp\/v2\/tags?post=99639"}],"curies":[{"name":"wp","href":"https:\/\/api.w.org\/{rel}","templated":true}]}}