{"id":99637,"date":"2017-01-19T11:38:34","date_gmt":"2017-01-19T14:38:34","guid":{"rendered":"http:\/\/senoticias.com.br\/se\/?p=99637"},"modified":"2017-01-19T11:38:34","modified_gmt":"2017-01-19T14:38:34","slug":"sesc-disponibiliza-centenas-de-vagas-em-cursos-gratuitos-em-diversas-areas","status":"publish","type":"post","link":"https:\/\/senoticias.com.br\/se\/sesc-disponibiliza-centenas-de-vagas-em-cursos-gratuitos-em-diversas-areas\/","title":{"rendered":"Sesc disponibiliza centenas de vagas em cursos gratuitos em diversas \u00e1reas"},"content":{"rendered":"<p style=\"text-align: justify\">Os projetos de Alfabetiza\u00e7\u00e3o de Jovens e Adultos (AJA), Caravana da Esperan\u00e7a e para o Programa de Habilidades de Estudos (PHE) e de Comprometimento de Gratuidade (PCG) disponibiliza centenas de vagas em cursos gratuitos. O per\u00edodo de inscri\u00e7\u00e3o come\u00e7a nesta quinta-feira (19) e continua at\u00e9 26 de janeiro. <a href=\"http:\/\/www.sesc-se.com.br\/servicos\/pcg\" target=\"_blank\">Clique aqui<\/a> e saiba como se inscrever.<\/p>\n<p style=\"text-align: justify\"><a href=\"http:\/\/senoticias.com.br\/se\/wp-content\/uploads\/2017\/01\/logo-sesc-novo-SE-Noticias-e1484836642330.jpg\"><img loading=\"lazy\" decoding=\"async\" class=\"aligncenter size-full wp-image-99638\" src=\"http:\/\/senoticias.com.br\/se\/wp-content\/uploads\/2017\/01\/logo-sesc-novo-SE-Noticias-e1484836642330.jpg\" alt=\"logo-sesc-novo SE Noticias\" width=\"580\" height=\"305\" \/><\/a><\/p>\n<p style=\"text-align: justify\">Os cursos s\u00e3o oferecidos pelo Servi\u00e7o Social do Com\u00e9rcio (Sesc) com foco em comerci\u00e1rios e dependentes e nos estudantes da educa\u00e7\u00e3o b\u00e1sica da rede p\u00fablica de ensino. A comunidade em geral tamb\u00e9m pode se inscrever se tiver renda familiar mensal que n\u00e3o ultrapasse o valor de tr\u00eas sal\u00e1rios m\u00ednimos nacionais.<\/p>\n<p style=\"text-align: justify\">Segundo a diretora regional do Sesc, Adely Carneiro, esses projetos s\u00e3o de responsabilidade social junto \u00e0s comunidades. \u201cS\u00e3o conjunto de a\u00e7\u00f5es socioeducativas que contribuem para o aperfei\u00e7oamento da autonomia, exerc\u00edcio da cidadania, melhoria da qualidade de vida e desenvolvimento social das pessoas assistidas pelas a\u00e7\u00f5es dos projetos\u201d, disse.<\/p>\n<p style=\"text-align: justify\"><strong>Acompanhe tamb\u00e9m o SE Not\u00edcias no<\/strong><strong>\u00a0<\/strong><strong><a href=\"https:\/\/twitter.com\/Senoticias\">Twitter<\/a>,<\/strong><strong>\u00a0<\/strong><strong><a href=\"https:\/\/www.facebook.com\/senoticias1\">Facebook\u00a0<\/a>e no<\/strong><strong>\u00a0<\/strong><strong><a href=\"https:\/\/www.instagram.com\/senoticias\/\">Instagram<\/a><\/strong><\/p>\n<p style=\"text-align: justify\"><a href=\"http:\/\/senoticias.com.br\/se\/wp-content\/uploads\/2017\/01\/Logo-fone-1-2-1-2-2.jpg\"><img loading=\"lazy\" decoding=\"async\" class=\"aligncenter size-full wp-image-99559\" src=\"http:\/\/senoticias.com.br\/se\/wp-content\/uploads\/2017\/01\/Logo-fone-1-2-1-2-2.jpg\" alt=\"Logo-fone-1-2-1-2\" width=\"599\" height=\"78\" srcset=\"https:\/\/senoticias.com.br\/se\/wp-content\/uploads\/2017\/01\/Logo-fone-1-2-1-2-2.jpg 599w, https:\/\/senoticias.com.br\/se\/wp-content\/uploads\/2017\/01\/Logo-fone-1-2-1-2-2-300x39.jpg 300w\" sizes=\"(max-width: 599px) 100vw, 599px\" \/><\/a><\/p>\n<p style=\"text-align: justify\">Do G1 SE<\/p>\n<p>&nbsp;<\/p>\n","protected":false},"excerpt":{"rendered":"<p>Os projetos de Alfabetiza\u00e7\u00e3o de Jovens e Adultos (AJA), Caravana da Esperan\u00e7a e para o Programa de Habilidades de Estudos (PHE) e de Comprometimento de Gratuidade (PCG) disponibiliza centenas de vagas em cursos gratuitos. O per\u00edodo de inscri\u00e7\u00e3o come\u00e7a nesta quinta-feira (19) e continua at\u00e9 26 de janeiro. Clique aqui e saiba como se inscrever. [&hellip;]<\/p>\n","protected":false},"author":5618,"featured_media":99638,"comment_status":"closed","ping_status":"closed","sticky":false,"template":"","format":"standard","meta":{"footnotes":""},"categories":[38],"tags":[2023],"class_list":{"0":"post-99637","1":"post","2":"type-post","3":"status-publish","4":"format-standard","5":"has-post-thumbnail","7":"category-municipios","8":"tag-sesc-disponibiliza-centenas-de-vagas-em-cursos-gratuitos-em-diversas-areas"},"_links":{"self":[{"href":"https:\/\/senoticias.com.br\/se\/wp-json\/wp\/v2\/posts\/99637"}],"collection":[{"href":"https:\/\/senoticias.com.br\/se\/wp-json\/wp\/v2\/posts"}],"about":[{"href":"https:\/\/senoticias.com.br\/se\/wp-json\/wp\/v2\/types\/post"}],"author":[{"embeddable":true,"href":"https:\/\/senoticias.com.br\/se\/wp-json\/wp\/v2\/users\/5618"}],"replies":[{"embeddable":true,"href":"https:\/\/senoticias.com.br\/se\/wp-json\/wp\/v2\/comments?post=99637"}],"version-history":[{"count":0,"href":"https:\/\/senoticias.com.br\/se\/wp-json\/wp\/v2\/posts\/99637\/revisions"}],"wp:featuredmedia":[{"embeddable":true,"href":"https:\/\/senoticias.com.br\/se\/wp-json\/wp\/v2\/media\/99638"}],"wp:attachment":[{"href":"https:\/\/senoticias.com.br\/se\/wp-json\/wp\/v2\/media?parent=99637"}],"wp:term":[{"taxonomy":"category","embeddable":true,"href":"https:\/\/senoticias.com.br\/se\/wp-json\/wp\/v2\/categories?post=99637"},{"taxonomy":"post_tag","embeddable":true,"href":"https:\/\/senoticias.com.br\/se\/wp-json\/wp\/v2\/tags?post=99637"}],"curies":[{"name":"wp","href":"https:\/\/api.w.org\/{rel}","templated":true}]}}