{"id":99636,"date":"2017-01-19T11:32:06","date_gmt":"2017-01-19T14:32:06","guid":{"rendered":"http:\/\/senoticias.com.br\/se\/?p=99636"},"modified":"2017-01-19T11:32:06","modified_gmt":"2017-01-19T14:32:06","slug":"abono-salarial-do-pis-comeca-a-ser-pago-hoje","status":"publish","type":"post","link":"https:\/\/senoticias.com.br\/se\/abono-salarial-do-pis-comeca-a-ser-pago-hoje\/","title":{"rendered":"Abono salarial do PIS come\u00e7a a ser pago hoje"},"content":{"rendered":"<p style=\"text-align: justify\">O abono salarial do Programa de Integra\u00e7\u00e3o Social (PIS) ano-base 2015 come\u00e7a a ser pago hoje (19) pelo Minist\u00e9rio do Trabalho. Trabalhadores nascidos em janeiro e fevereiro t\u00eam direito de receber o benef\u00edcio nas ag\u00eancias banc\u00e1rias. Se o trabalhador tem o cart\u00e3o cidad\u00e3o com senha, poder\u00e1 sacar em um terminal de autoatendimento da Caixa Econ\u00f4mica Federal ou em casas lot\u00e9ricas.<\/p>\n<div id=\"attachment_91625\" style=\"width: 609px\" class=\"wp-caption aligncenter\"><a href=\"http:\/\/senoticias.com.br\/se\/wp-content\/uploads\/2016\/05\/SENot\u00edcias-pis_pasep_divulga____o-257941.jpg\"><img loading=\"lazy\" decoding=\"async\" aria-describedby=\"caption-attachment-91625\" class=\"size-full wp-image-91625\" src=\"http:\/\/senoticias.com.br\/se\/wp-content\/uploads\/2016\/05\/SENot\u00edcias-pis_pasep_divulga____o-257941.jpg\" alt=\"Foto: Divulga\u00e7\u00e3o \" width=\"599\" height=\"332\" srcset=\"https:\/\/senoticias.com.br\/se\/wp-content\/uploads\/2016\/05\/SENot\u00edcias-pis_pasep_divulga____o-257941.jpg 599w, https:\/\/senoticias.com.br\/se\/wp-content\/uploads\/2016\/05\/SENot\u00edcias-pis_pasep_divulga____o-257941-300x166.jpg 300w, https:\/\/senoticias.com.br\/se\/wp-content\/uploads\/2016\/05\/SENot\u00edcias-pis_pasep_divulga____o-257941-342x189.jpg 342w\" sizes=\"(max-width: 599px) 100vw, 599px\" \/><\/a><p id=\"caption-attachment-91625\" class=\"wp-caption-text\">Foto: Divulga\u00e7\u00e3o<\/p><\/div>\n<p style=\"text-align: justify\">O benef\u00edcio fica dispon\u00edvel para saque at\u00e9 o dia 30 de junho de 2017. A recomenda\u00e7\u00e3o \u00e9 que os trabalhadores n\u00e3o deixem para a \u00faltima hora, segundo o chefe de divis\u00e3o do Seguro-Desemprego e Abono Salarial do Minist\u00e9rio do Trabalho, M\u00e1rcio Ubiratan. \u201c\u00c9 importante que os benefici\u00e1rios fiquem atentos ao m\u00eas de nascimento, e se dirijam \u00e0s ag\u00eancias de acordo com o calend\u00e1rio divulgado. Essa programa\u00e7\u00e3o evita tumultos,\u201d disse.<\/p>\n<p style=\"text-align: justify\">A partir deste ano o abono \u00e9 proporcional aos meses trabalhados durante o ano-base, explica Ubiratan. \u201cQuem trabalhou durante todo o ano de 2015 ter\u00e1 direito a um sal\u00e1rio m\u00ednimo (R$ 937,00). Quem trabalhou apenas um m\u00eas receber\u00e1 o equivalente a 1\/12 do sal\u00e1rio m\u00ednimo, e assim sucessivamente. A fra\u00e7\u00e3o igual ou superior a 15 dias de trabalho ser\u00e1 contada como m\u00eas integral\u201d, explicou.<\/p>\n<p style=\"text-align: justify\">Para ter direito ao Abono Salarial \u00e9 preciso ter trabalhado com carteira assinada pelo menos 30 dias no ano-base com remunera\u00e7\u00e3o m\u00e9dia de at\u00e9 dois sal\u00e1rios m\u00ednimos. Al\u00e9m disso, o trabalhador deve estar inscrito no PIS\/PASEP h\u00e1 pelo menos cinco anos e a empresa onde trabalha deve informar seus dados na Rela\u00e7\u00e3o Anual de Informa\u00e7\u00e3o Social (RAIS).<\/p>\n<p style=\"text-align: justify\">Para os nascidos em mar\u00e7o e abril, o pagamento fica dispon\u00edvel no dia 16 de fevereiro. Os trabalhadores que nasceram em maio e junho, podem sacar o benef\u00edcio a partir de 16 de mar\u00e7o. Para os demais trabalhadores o valor foi disponibilizado e pode ser sacado at\u00e9 30 de junho.<\/p>\n<p style=\"text-align: justify\"><strong>Acompanhe tamb\u00e9m o SE Not\u00edcias no<\/strong><strong>\u00a0<\/strong><strong><a href=\"https:\/\/twitter.com\/Senoticias\">Twitter<\/a>,<\/strong><strong>\u00a0<\/strong><strong><a href=\"https:\/\/www.facebook.com\/senoticias1\">Facebook\u00a0<\/a>e no<\/strong><strong>\u00a0<\/strong><strong><a href=\"https:\/\/www.instagram.com\/senoticias\/\">Instagram<\/a><\/strong><\/p>\n<p style=\"text-align: justify\"><a href=\"http:\/\/senoticias.com.br\/se\/wp-content\/uploads\/2017\/01\/Logo-fone-1-2-1-2-2.jpg\"><img loading=\"lazy\" decoding=\"async\" class=\"aligncenter size-full wp-image-99559\" src=\"http:\/\/senoticias.com.br\/se\/wp-content\/uploads\/2017\/01\/Logo-fone-1-2-1-2-2.jpg\" alt=\"Logo-fone-1-2-1-2\" width=\"599\" height=\"78\" srcset=\"https:\/\/senoticias.com.br\/se\/wp-content\/uploads\/2017\/01\/Logo-fone-1-2-1-2-2.jpg 599w, https:\/\/senoticias.com.br\/se\/wp-content\/uploads\/2017\/01\/Logo-fone-1-2-1-2-2-300x39.jpg 300w\" sizes=\"(max-width: 599px) 100vw, 599px\" \/><\/a><\/p>\n<p style=\"text-align: justify\">Da Ag\u00eancia Brasil<\/p>\n","protected":false},"excerpt":{"rendered":"<p>O abono salarial do Programa de Integra\u00e7\u00e3o Social (PIS) ano-base 2015 come\u00e7a a ser pago hoje (19) pelo Minist\u00e9rio do Trabalho. Trabalhadores nascidos em janeiro e fevereiro t\u00eam direito de receber o benef\u00edcio nas ag\u00eancias banc\u00e1rias. Se o trabalhador tem o cart\u00e3o cidad\u00e3o com senha, poder\u00e1 sacar em um terminal de autoatendimento da Caixa Econ\u00f4mica [&hellip;]<\/p>\n","protected":false},"author":5618,"featured_media":91625,"comment_status":"closed","ping_status":"closed","sticky":false,"template":"","format":"standard","meta":{"footnotes":""},"categories":[8],"tags":[2022],"class_list":{"0":"post-99636","1":"post","2":"type-post","3":"status-publish","4":"format-standard","5":"has-post-thumbnail","7":"category-esporte-e-cultura","8":"tag-abono-salarial-do-pis-comeca-a-ser-pago-hoje"},"_links":{"self":[{"href":"https:\/\/senoticias.com.br\/se\/wp-json\/wp\/v2\/posts\/99636"}],"collection":[{"href":"https:\/\/senoticias.com.br\/se\/wp-json\/wp\/v2\/posts"}],"about":[{"href":"https:\/\/senoticias.com.br\/se\/wp-json\/wp\/v2\/types\/post"}],"author":[{"embeddable":true,"href":"https:\/\/senoticias.com.br\/se\/wp-json\/wp\/v2\/users\/5618"}],"replies":[{"embeddable":true,"href":"https:\/\/senoticias.com.br\/se\/wp-json\/wp\/v2\/comments?post=99636"}],"version-history":[{"count":0,"href":"https:\/\/senoticias.com.br\/se\/wp-json\/wp\/v2\/posts\/99636\/revisions"}],"wp:featuredmedia":[{"embeddable":true,"href":"https:\/\/senoticias.com.br\/se\/wp-json\/wp\/v2\/media\/91625"}],"wp:attachment":[{"href":"https:\/\/senoticias.com.br\/se\/wp-json\/wp\/v2\/media?parent=99636"}],"wp:term":[{"taxonomy":"category","embeddable":true,"href":"https:\/\/senoticias.com.br\/se\/wp-json\/wp\/v2\/categories?post=99636"},{"taxonomy":"post_tag","embeddable":true,"href":"https:\/\/senoticias.com.br\/se\/wp-json\/wp\/v2\/tags?post=99636"}],"curies":[{"name":"wp","href":"https:\/\/api.w.org\/{rel}","templated":true}]}}