{"id":99634,"date":"2017-01-19T11:18:13","date_gmt":"2017-01-19T14:18:13","guid":{"rendered":"http:\/\/senoticias.com.br\/se\/?p=99634"},"modified":"2017-01-19T11:18:13","modified_gmt":"2017-01-19T14:18:13","slug":"inscricoes-para-o-pre-universitario-do-governo-do-estado-seguem-abertas-ate-o-proximo-dia-22","status":"publish","type":"post","link":"https:\/\/senoticias.com.br\/se\/inscricoes-para-o-pre-universitario-do-governo-do-estado-seguem-abertas-ate-o-proximo-dia-22\/","title":{"rendered":"Inscri\u00e7\u00f5es para o Pr\u00e9-universit\u00e1rio do Governo do Estado seguem abertas at\u00e9 o pr\u00f3ximo dia 22"},"content":{"rendered":"<p style=\"text-align: justify\">O Governo de Sergipe, por meio da Secretaria de Estado da Educa\u00e7\u00e3o (Seed), oferece aos estudantes o maior curso preparat\u00f3rio para as provas do Exame Nacional do Ensino M\u00e9dio (Enem) e dos vestibulares: o Preuni\/Seed. As inscri\u00e7\u00f5es seguem abertas at\u00e9 o pr\u00f3ximo dia 22, e os candidatos inscritos ser\u00e3o submetidos a uma avalia\u00e7\u00e3o que acontecer\u00e1 no dia 5 de fevereiro.<\/p>\n<div id=\"attachment_99635\" style=\"width: 590px\" class=\"wp-caption aligncenter\"><a href=\"http:\/\/senoticias.com.br\/se\/wp-content\/uploads\/2017\/01\/Pre-universitrio-pre-seed-SE-Noticias-e1484835415343.jpg\"><img loading=\"lazy\" decoding=\"async\" aria-describedby=\"caption-attachment-99635\" class=\"size-full wp-image-99635\" src=\"http:\/\/senoticias.com.br\/se\/wp-content\/uploads\/2017\/01\/Pre-universitrio-pre-seed-SE-Noticias-e1484835415343.jpg\" alt=\"O Preuni \u00e9 uma importante a\u00e7\u00e3o do Governo do Estado, pois oferece aos alunos da rede possibilidade de acesso aos estudos de n\u00edvel superior&quot;, explica o diretor do Departamento de Apoio ao Sistema Educacional (Dase), F\u00e1bio Leite Foto: Divulga\u00e7\u00e3o Seed\" width=\"580\" height=\"387\" \/><\/a><p id=\"caption-attachment-99635\" class=\"wp-caption-text\">O Preuni \u00e9 uma importante a\u00e7\u00e3o do Governo do Estado, pois oferece aos alunos da rede possibilidade de acesso aos estudos de n\u00edvel superior&#8221;, explica o diretor do Departamento de Apoio ao Sistema Educacional (Dase), F\u00e1bio Leite Foto: Divulga\u00e7\u00e3o Seed<\/p><\/div>\n<p style=\"text-align: justify\">O programa \u00e9 realizado em 29 munic\u00edpios, distribu\u00eddos em todas as regi\u00f5es do estado, num total de 44 polos, atendendo a todas as Diretorias Regionais de Educa\u00e7\u00e3o (DREs). \u201cO Preuni \u00e9 uma importante a\u00e7\u00e3o do Governo do Estado, pois oferece aos alunos da rede possibilidade de acesso aos estudos de n\u00edvel superior. Os sergipanos recebem uma prepara\u00e7\u00e3o adequada para ingressar nesse n\u00edvel de ensino\u201d, explica o\u00a0\u00a0 diretor do Departamento de Apoio ao Sistema Educacional (Dase), F\u00e1bio Leite.<\/p>\n<p style=\"text-align: justify\">Ainda de acordo com F\u00e1bio Leite, a iniciativa conta com um hist\u00f3rico marcado por um elevado n\u00famero de alunos que s\u00e3o aprovados na Universidade Federal de Sergipe (UFS), institui\u00e7\u00f5es particulares e tamb\u00e9m fora do estado. \u201cA cada ano os indicadores demostram que a Seed investe e se preocupa com a melhoria da qualidade do ensino\u201d, reconhece.<\/p>\n<p style=\"text-align: justify\">No ano passado, a Seed manteve cerca de 320 profissionais da educa\u00e7\u00e3o atuando como professores, coordenadores e na articula\u00e7\u00e3o, integrando o Programa, e mais de 5.550 alunos no curso preparat\u00f3rio. \u201cPara este ano a expectativa \u00e9 superar os inscritos em 2016\u201d, ressalta Leite.<\/p>\n<p style=\"text-align: justify\"><strong>Preuni<\/strong><\/p>\n<p style=\"text-align: justify\">O Preuni \u00e9 uma oportunidade para milhares de estudantes da rede p\u00fablica que est\u00e3o cursando o 3\u00b0 ano ou que j\u00e1 conclu\u00edram o Ensino M\u00e9dio terem acesso ao estudo preparat\u00f3rio para o n\u00edvel superior ou profissionalizante.<\/p>\n<p style=\"text-align: justify\">\u201cO programa tem auxiliado muitos estudantes que almejam o acesso ao Ensino Superior por meio do Enem e outros vestibulares, e isso \u00e9 comprovado por meio dos resultados significativos obtidos ao longo desses anos. Al\u00e9m das atividades direcionadas para os polos, o Pr\u00e9-Universit\u00e1rio vem ampliando as a\u00e7\u00f5es pedag\u00f3gicas, de modo a contemplar estudantes de todos os munic\u00edpios de Sergipe\u201d, informa a coordenadora estadual do Preuni, Leila Gard\u00eania.<\/p>\n<p style=\"text-align: justify\">Vale salientar que a iniciativa conta com um corpo docente formado por professores altamente capacitados, aulas presenciais, revis\u00f5es aos finais de semana, simulados, oficinas de reda\u00e7\u00e3o, acolhimento individualizado, apostilas preparadas com quest\u00f5es que integram a matriz curricular do Enem e um material did\u00e1tico atualizado.<\/p>\n<p style=\"text-align: justify\"><strong>Inscri\u00e7\u00f5es<\/strong><\/p>\n<p style=\"text-align: justify\">As inscri\u00e7\u00f5es para o Preuni\u00a0podem ser realizadas por meio do <a href=\"http:\/\/www.seed.se.gov.br\/\">endere\u00e7o eletr\u00f4nico da Seed<\/a>. Ser\u00e1 realizada uma avalia\u00e7\u00e3o com o prop\u00f3sito de preencher o n\u00famero de vagas dispon\u00edveis em casa polo.<\/p>\n<p style=\"text-align: justify\"><strong>Acompanhe tamb\u00e9m o SE Not\u00edcias no<\/strong><strong>\u00a0<\/strong><strong><a href=\"https:\/\/twitter.com\/Senoticias\">Twitter<\/a>,<\/strong><strong>\u00a0<\/strong><strong><a href=\"https:\/\/www.facebook.com\/senoticias1\">Facebook\u00a0<\/a>e no<\/strong><strong>\u00a0<\/strong><strong><a href=\"https:\/\/www.instagram.com\/senoticias\/\">Instagram<\/a><\/strong><\/p>\n<p style=\"text-align: justify\"><a href=\"http:\/\/senoticias.com.br\/se\/wp-content\/uploads\/2017\/01\/Logo-fone-1-2-1-2-2.jpg\"><img loading=\"lazy\" decoding=\"async\" class=\"aligncenter size-full wp-image-99559\" src=\"http:\/\/senoticias.com.br\/se\/wp-content\/uploads\/2017\/01\/Logo-fone-1-2-1-2-2.jpg\" alt=\"Logo-fone-1-2-1-2\" width=\"599\" height=\"78\" srcset=\"https:\/\/senoticias.com.br\/se\/wp-content\/uploads\/2017\/01\/Logo-fone-1-2-1-2-2.jpg 599w, https:\/\/senoticias.com.br\/se\/wp-content\/uploads\/2017\/01\/Logo-fone-1-2-1-2-2-300x39.jpg 300w\" sizes=\"(max-width: 599px) 100vw, 599px\" \/><\/a><\/p>\n<p style=\"text-align: justify\">Da Ag\u00eancia Sergipe \u00a0Noticias<\/p>\n<p style=\"text-align: justify\">\n","protected":false},"excerpt":{"rendered":"<p>O Governo de Sergipe, por meio da Secretaria de Estado da Educa\u00e7\u00e3o (Seed), oferece aos estudantes o maior curso preparat\u00f3rio para as provas do Exame Nacional do Ensino M\u00e9dio (Enem) e dos vestibulares: o Preuni\/Seed. As inscri\u00e7\u00f5es seguem abertas at\u00e9 o pr\u00f3ximo dia 22, e os candidatos inscritos ser\u00e3o submetidos a uma avalia\u00e7\u00e3o que acontecer\u00e1 [&hellip;]<\/p>\n","protected":false},"author":5618,"featured_media":99635,"comment_status":"closed","ping_status":"closed","sticky":false,"template":"","format":"standard","meta":{"footnotes":""},"categories":[44],"tags":[2021],"class_list":{"0":"post-99634","1":"post","2":"type-post","3":"status-publish","4":"format-standard","5":"has-post-thumbnail","7":"category-educacao","8":"tag-inscricoes-para-o-pre-universitario-do-governo-do-estado-seguem-abertas-ate-o-proximo-dia-22"},"_links":{"self":[{"href":"https:\/\/senoticias.com.br\/se\/wp-json\/wp\/v2\/posts\/99634"}],"collection":[{"href":"https:\/\/senoticias.com.br\/se\/wp-json\/wp\/v2\/posts"}],"about":[{"href":"https:\/\/senoticias.com.br\/se\/wp-json\/wp\/v2\/types\/post"}],"author":[{"embeddable":true,"href":"https:\/\/senoticias.com.br\/se\/wp-json\/wp\/v2\/users\/5618"}],"replies":[{"embeddable":true,"href":"https:\/\/senoticias.com.br\/se\/wp-json\/wp\/v2\/comments?post=99634"}],"version-history":[{"count":0,"href":"https:\/\/senoticias.com.br\/se\/wp-json\/wp\/v2\/posts\/99634\/revisions"}],"wp:featuredmedia":[{"embeddable":true,"href":"https:\/\/senoticias.com.br\/se\/wp-json\/wp\/v2\/media\/99635"}],"wp:attachment":[{"href":"https:\/\/senoticias.com.br\/se\/wp-json\/wp\/v2\/media?parent=99634"}],"wp:term":[{"taxonomy":"category","embeddable":true,"href":"https:\/\/senoticias.com.br\/se\/wp-json\/wp\/v2\/categories?post=99634"},{"taxonomy":"post_tag","embeddable":true,"href":"https:\/\/senoticias.com.br\/se\/wp-json\/wp\/v2\/tags?post=99634"}],"curies":[{"name":"wp","href":"https:\/\/api.w.org\/{rel}","templated":true}]}}