{"id":99632,"date":"2017-01-19T11:07:06","date_gmt":"2017-01-19T14:07:06","guid":{"rendered":"http:\/\/senoticias.com.br\/se\/?p=99632"},"modified":"2017-01-19T11:07:06","modified_gmt":"2017-01-19T14:07:06","slug":"ingleses-apontam-diego-costa-ao-barcelona","status":"publish","type":"post","link":"https:\/\/senoticias.com.br\/se\/ingleses-apontam-diego-costa-ao-barcelona\/","title":{"rendered":"Ingleses apontam Diego Costa ao&#8230; Barcelona"},"content":{"rendered":"<p style=\"text-align: justify\">Apesar de Antonio Conte ter negado qualquer problema disciplinar com Diego Costa, que foi alegadamente afastado dos trabalhos de conjunto do Chelsea, o futuro do avan\u00e7ado hispano-brasileiro pode mesmo passar pela sa\u00edda do clube londrino. E, segundo a imprensa inglesa, o Barcelona \u00e9 um dos destinos prov\u00e1veis, tal como o regresso ao Atl\u00e9tico Madrid ou uma transfer\u00eancia para a China.<\/p>\n<div id=\"attachment_99633\" style=\"width: 590px\" class=\"wp-caption aligncenter\"><a href=\"http:\/\/senoticias.com.br\/se\/wp-content\/uploads\/2017\/01\/Diego-costa-e1484834796147.jpg\"><img loading=\"lazy\" decoding=\"async\" aria-describedby=\"caption-attachment-99633\" class=\"size-full wp-image-99633\" src=\"http:\/\/senoticias.com.br\/se\/wp-content\/uploads\/2017\/01\/Diego-costa-e1484834796147.jpg\" alt=\"Foto: Reuters\" width=\"580\" height=\"326\" \/><\/a><p id=\"caption-attachment-99633\" class=\"wp-caption-text\">Foto: Reuters<\/p><\/div>\n<p style=\"text-align: justify\">Jorge Mendes, empres\u00e1rio do internacional espanhol, j\u00e1 ter\u00e1 informado os respons\u00e1veis do Chelsea da exist\u00eancia de uma proposta dos chineses do Tianjin Quanjian &#8211; que estaria disposto a pagar 92 milh\u00f5es de euros ao Chelsea e quase 35 milh\u00f5es anuais ao jogador -, mas o &#8216;Independent&#8217; avan\u00e7a tamb\u00e9m que o Bar\u00e7a estaria a pensar em Diego Costa para substituir Luis Su\u00e1rez.<\/p>\n<p style=\"text-align: justify\">J\u00e1 o Atl\u00e9tico volta a surgir como possibilidade para receber o avan\u00e7ado, depois de Simeone e Caminero j\u00e1 o terem tentado no ver\u00e3o passado. Agora, o regresso de Diego Costa aos colchoneros voltaria a estar em cima da mesa face \u00e0 hip\u00f3tese de Antoine Griezmann deixar Madrid rumo a Inglaterra &#8211; o franc\u00eas \u00e9 desejado por v\u00e1rios dos grandes clubes da Premier League.<\/p>\n<p style=\"line-height: 14.25pt\"><strong><span style=\"font-size: 10.0pt;font-family: 'Georgia','serif';color: #333333\">Acompanhe tamb\u00e9m o SE Not\u00edcias no<\/span><\/strong><span class=\"apple-converted-space\"><b><span style=\"font-size: 10.0pt;font-family: 'Georgia','serif';color: #333333\">\u00a0<\/span><\/b><\/span><strong><span style=\"font-size: 10.0pt;font-family: 'Georgia','serif';color: #333333\"><a href=\"https:\/\/twitter.com\/Senoticias\" target=\"_blank\">Twitter<\/a>,<\/span><\/strong><span class=\"apple-converted-space\"><b><span style=\"font-size: 10.0pt;font-family: 'Georgia','serif';color: #333333\">\u00a0<\/span><\/b><\/span><strong><span style=\"font-size: 10.0pt;font-family: 'Georgia','serif';color: #333333\"><a href=\"https:\/\/www.facebook.com\/senoticias1\" target=\"_blank\">Facebook<span class=\"apple-converted-space\"><span style=\"color: windowtext;text-decoration: none\">\u00a0<\/span><\/span><\/a>e no<\/span><\/strong><span class=\"apple-converted-space\"><b><span style=\"font-size: 10.0pt;font-family: 'Georgia','serif';color: #333333\">\u00a0<\/span><\/b><\/span><strong><span style=\"font-size: 10.0pt;font-family: 'Georgia','serif';color: #333333\"><a href=\"https:\/\/www.instagram.com\/senoticias\/\" target=\"_blank\">Instagram<\/a>.<\/span><\/strong><\/p>\n<p style=\"line-height: 14.25pt\"><strong><span style=\"font-size: 10.0pt;font-family: 'Georgia','serif';color: #333333\"><br \/>\n<a href=\"http:\/\/senoticias.com.br\/se\/wp-content\/uploads\/2017\/01\/Logo-fone-1-2-1-2-2.jpg\"><img loading=\"lazy\" decoding=\"async\" class=\"aligncenter size-full wp-image-99559\" src=\"http:\/\/senoticias.com.br\/se\/wp-content\/uploads\/2017\/01\/Logo-fone-1-2-1-2-2.jpg\" alt=\"Logo-fone-1-2-1-2\" width=\"599\" height=\"78\" srcset=\"https:\/\/senoticias.com.br\/se\/wp-content\/uploads\/2017\/01\/Logo-fone-1-2-1-2-2.jpg 599w, https:\/\/senoticias.com.br\/se\/wp-content\/uploads\/2017\/01\/Logo-fone-1-2-1-2-2-300x39.jpg 300w\" sizes=\"(max-width: 599px) 100vw, 599px\" \/><\/a><\/span><\/strong><\/p>\n<p style=\"line-height: 14.25pt\">Do Portal RECORD<\/p>\n","protected":false},"excerpt":{"rendered":"<p>Apesar de Antonio Conte ter negado qualquer problema disciplinar com Diego Costa, que foi alegadamente afastado dos trabalhos de conjunto do Chelsea, o futuro do avan\u00e7ado hispano-brasileiro pode mesmo passar pela sa\u00edda do clube londrino. E, segundo a imprensa inglesa, o Barcelona \u00e9 um dos destinos prov\u00e1veis, tal como o regresso ao Atl\u00e9tico Madrid ou [&hellip;]<\/p>\n","protected":false},"author":5618,"featured_media":99633,"comment_status":"closed","ping_status":"closed","sticky":false,"template":"","format":"standard","meta":{"footnotes":""},"categories":[26],"tags":[2020],"class_list":{"0":"post-99632","1":"post","2":"type-post","3":"status-publish","4":"format-standard","5":"has-post-thumbnail","7":"category-esportes","8":"tag-ingleses-apontam-diego-costa-ao-barcelona"},"_links":{"self":[{"href":"https:\/\/senoticias.com.br\/se\/wp-json\/wp\/v2\/posts\/99632"}],"collection":[{"href":"https:\/\/senoticias.com.br\/se\/wp-json\/wp\/v2\/posts"}],"about":[{"href":"https:\/\/senoticias.com.br\/se\/wp-json\/wp\/v2\/types\/post"}],"author":[{"embeddable":true,"href":"https:\/\/senoticias.com.br\/se\/wp-json\/wp\/v2\/users\/5618"}],"replies":[{"embeddable":true,"href":"https:\/\/senoticias.com.br\/se\/wp-json\/wp\/v2\/comments?post=99632"}],"version-history":[{"count":0,"href":"https:\/\/senoticias.com.br\/se\/wp-json\/wp\/v2\/posts\/99632\/revisions"}],"wp:featuredmedia":[{"embeddable":true,"href":"https:\/\/senoticias.com.br\/se\/wp-json\/wp\/v2\/media\/99633"}],"wp:attachment":[{"href":"https:\/\/senoticias.com.br\/se\/wp-json\/wp\/v2\/media?parent=99632"}],"wp:term":[{"taxonomy":"category","embeddable":true,"href":"https:\/\/senoticias.com.br\/se\/wp-json\/wp\/v2\/categories?post=99632"},{"taxonomy":"post_tag","embeddable":true,"href":"https:\/\/senoticias.com.br\/se\/wp-json\/wp\/v2\/tags?post=99632"}],"curies":[{"name":"wp","href":"https:\/\/api.w.org\/{rel}","templated":true}]}}