{"id":99629,"date":"2017-01-19T06:00:11","date_gmt":"2017-01-19T09:00:11","guid":{"rendered":"http:\/\/senoticias.com.br\/se\/?p=99629"},"modified":"2017-01-20T19:34:53","modified_gmt":"2017-01-20T22:34:53","slug":"nao-sou-um-grande-orador-mas-o-que-eu-digo-eu-faco-afirma-o-deputado-moritos-matos","status":"publish","type":"post","link":"https:\/\/senoticias.com.br\/se\/nao-sou-um-grande-orador-mas-o-que-eu-digo-eu-faco-afirma-o-deputado-moritos-matos\/","title":{"rendered":"&#8220;N\u00e3o sou um grande orador, mas o que eu digo eu fa\u00e7o&#8221;, afirma o deputado Moritos Matos"},"content":{"rendered":"<p style=\"text-align: justify;\">Para falar sobre sua nova miss\u00e3o como deputado estadual Moritos Matos (PROS) esteve na manh\u00e3 desta quarta-feira, 18, no programa Jornal da Manh\u00e3, na r\u00e1dio Jovem Pan (88,7 FM), com os apresentadores Rosalvo Nogueira e Paulo Sousa, e o comentarista Lomes Nascimento. Durante a entrevista o deputado afirmou que sempre votou a favor do povo desde que era vereador por Aracaju.<\/p>\n<div id=\"attachment_99630\" style=\"width: 609px\" class=\"wp-caption aligncenter\"><img loading=\"lazy\" decoding=\"async\" aria-describedby=\"caption-attachment-99630\" class=\"size-full wp-image-99630\" src=\"http:\/\/senoticias.com.br\/se\/wp-content\/uploads\/2017\/01\/Moritos-Matos-deputado-Estadual-SE-Noticias-e1484816272984.jpg\" alt=\"Moritos Matos (PROS) esteve na manh\u00e3 desta quarta-feira, 18, no programa Jornal da Manh\u00e3, na r\u00e1dio Jovem Pan\" width=\"599\" height=\"337\" \/><p id=\"caption-attachment-99630\" class=\"wp-caption-text\">Moritos Matos (PROS) esteve na manh\u00e3 desta quarta-feira, 18, no programa Jornal da Manh\u00e3, na r\u00e1dio Jovem Pan. (Foto: ascom\/divulga\u00e7\u00e3o)<\/p><\/div>\n<p style=\"text-align: justify;\">&#8220;Quem acompanhou meu trabalho na C\u00e2mara viu que sempre votei a favor do povo. Nunca votei a favor do aumento de impostos, nem do aumento da passagem. E quatro vezes votei sozinho, mesmo sendo naquela \u00e9poca da bancada de Edvaldo Nogueira. Por exemplo, fui o \u00fanico a votar contra a desativa\u00e7\u00e3o da pra\u00e7a do conjunto Jesse Pinto Freire, foram 15 votos a favor e s\u00f3 o meu contra&#8221;, ressalta Matos.<\/p>\n<p>O comentarista Gomes Nascimentos questionou o deputado sobre qual ser\u00e1 o seu posicionamento na Alese, se ser\u00e1 direita ou esquerda? E o parlamentar deixou bem claro que ser\u00e1 um deputado independente. &#8220;Quem me colocou l\u00e1 foi o povo, 8.324 votos. Eu fui eleito sem o apoio de nenhum prefeito. Fiz apenas uma dobradinha com Dr. Emerson em 2010, mas fora isso n\u00e3o tive apoio nem dos vereadores. Ent\u00e3o meu compromisso \u00e9 com o povo&#8221;, enfatiza.<\/p>\n<p style=\"text-align: justify;\">De acordo com o radialista Rosalvo Nogueira ainda tem pessoas descentes na pol\u00edtica e que \u00e9 poss\u00edvel ser eleito sem comprar voto. E mais, que Matos t\u00eam uma grande oportunidade na Assembleia. &#8220;N\u00e3o sou um grande orador, mas o que eu digo eu fa\u00e7o. Alguns sobem na Tribuna e defendem os trabalhadores, mas na hora votam de forma contr\u00e1ria. Por isso, eu digo que n\u00e3o tenho ideologia eu tenho convic\u00e7\u00e3o. Eu sou um convicto naquilo que eu sigo que \u00e9 Jesus Cristo&#8221;, exp\u00f5e.<\/p>\n<p style=\"text-align: justify;\">Moritos tamb\u00e9m foi questionado sobre como vai agir em rela\u00e7\u00e3o aos deputados que foram acusados de irregularidades na Alese. E ele afirmou que quem cometeu erros deve pagar por eles. &#8220;N\u00e3o posso assumir a culpa dos outros, tenho que responder pelas minhas a\u00e7\u00f5es. At\u00e9 me perguntaram se eu irei entrar na Assembleia de lencinho na cabe\u00e7a e eu disse que isso n\u00e3o ir\u00e1 manchar a imagem da Assembleia. O que vai manchar a imagem s\u00e3o as minhas a\u00e7\u00f5es. N\u00e3o serei inimigo de nenhum deputado, mas n\u00e3o serei conivente com as a\u00e7\u00f5es deles.&#8221;, argumenta.<\/p>\n<p><strong>PARTICIPA\u00c7\u00c3O DOS OUVINTES<\/strong><\/p>\n<p style=\"text-align: justify;\">Durante a entrevista alguns ouvintes questionaram o deputado sobre qual ser\u00e1 o posicionamento de Matos caso chegue na Alese o projeto de privatiza\u00e7\u00e3o da Deso. E de forma direta ele disse: &#8220;Serei contra essa privatiza\u00e7\u00e3o&#8221;. O ouvinte Marcelo Gomes, morador do Santo Ant\u00f4nio reclamou contra a taxa que paga para a Associa\u00e7\u00e3o Aracajuana de Benefic\u00eancia, que acha abusiva essa cobran\u00e7a. E perguntou porque ningu\u00e9m revoga essa lei?\u00a0 E o deputado prometeu que ir\u00e1 analisar junto a sua assessoria jur\u00eddica se h\u00e1 como extinguir essa cobran\u00e7as.<\/p>\n<p style=\"text-align: justify;\">J\u00e1 o ouvinte William se lembrou de quando Moritos Matos era vereador de Aracaju e foi para o Hospital Nestor Piva quando adoeceu e que por essa atitude foi criticado na \u00e9poca pelo secret\u00e1rio do munic\u00edpio. E perguntou se hoje como deputado se ele ainda ir\u00e1 utilizar o Nestor Piva? E ele disse que sim e ainda afirmou quem n\u00e3o tem plano de sa\u00fade. &#8220;Meu plano de sa\u00fade \u00e9 o SUS. Eu j\u00e1 levei meus filhos e quando adoe\u00e7o eu vou para l\u00e1, \u00e9 pertinho da minha casa. Naquele epis\u00f3dio eu reclamei na Tribuna porque fui mal atendido, estava com um fur\u00fanculo na axila, nem baixava o bra\u00e7o. Era uma hora da manh\u00e3 e o m\u00e9dico me disse que ali era caso de posto de sa\u00fade, mas o posto estava fechado&#8221;, revela.<img loading=\"lazy\" decoding=\"async\" class=\"aligncenter size-full wp-image-99559\" src=\"http:\/\/senoticias.com.br\/se\/wp-content\/uploads\/2017\/01\/Logo-fone-1-2-1-2-2.jpg\" alt=\"Logo-fone-1-2-1-2\" width=\"599\" height=\"78\" srcset=\"https:\/\/senoticias.com.br\/se\/wp-content\/uploads\/2017\/01\/Logo-fone-1-2-1-2-2.jpg 599w, https:\/\/senoticias.com.br\/se\/wp-content\/uploads\/2017\/01\/Logo-fone-1-2-1-2-2-300x39.jpg 300w\" sizes=\"(max-width: 599px) 100vw, 599px\" \/><\/p>\n<p style=\"text-align: justify;\"><strong>Acompanhe tamb\u00e9m o SE Not\u00edcias no <a href=\"https:\/\/twitter.com\/Senoticias\">Twitter<\/a>, <a href=\"https:\/\/www.facebook.com\/PortalSENoticias\/\">Facebook <\/a>e no <a href=\"https:\/\/www.instagram.com\/senoticias\/\">Instagram<\/a><\/strong><\/p>\n<p style=\"text-align: justify;\"><em>Da Assessoria de Imprensa<\/em><\/p>\n","protected":false},"excerpt":{"rendered":"<p>Para falar sobre sua nova miss\u00e3o como deputado estadual Moritos Matos (PROS) esteve na manh\u00e3 desta quarta-feira, 18, no programa Jornal da Manh\u00e3, na r\u00e1dio Jovem Pan (88,7 FM), com os apresentadores Rosalvo Nogueira e Paulo Sousa, e o comentarista Lomes Nascimento. Durante a entrevista o deputado afirmou que sempre votou a favor do povo [&hellip;]<\/p>\n","protected":false},"author":2,"featured_media":99630,"comment_status":"closed","ping_status":"closed","sticky":false,"template":"","format":"standard","meta":{"footnotes":""},"categories":[15,6],"tags":[],"class_list":{"0":"post-99629","1":"post","2":"type-post","3":"status-publish","4":"format-standard","5":"has-post-thumbnail","7":"category-destaques","8":"category-politica"},"_links":{"self":[{"href":"https:\/\/senoticias.com.br\/se\/wp-json\/wp\/v2\/posts\/99629"}],"collection":[{"href":"https:\/\/senoticias.com.br\/se\/wp-json\/wp\/v2\/posts"}],"about":[{"href":"https:\/\/senoticias.com.br\/se\/wp-json\/wp\/v2\/types\/post"}],"author":[{"embeddable":true,"href":"https:\/\/senoticias.com.br\/se\/wp-json\/wp\/v2\/users\/2"}],"replies":[{"embeddable":true,"href":"https:\/\/senoticias.com.br\/se\/wp-json\/wp\/v2\/comments?post=99629"}],"version-history":[{"count":0,"href":"https:\/\/senoticias.com.br\/se\/wp-json\/wp\/v2\/posts\/99629\/revisions"}],"wp:featuredmedia":[{"embeddable":true,"href":"https:\/\/senoticias.com.br\/se\/wp-json\/wp\/v2\/media\/99630"}],"wp:attachment":[{"href":"https:\/\/senoticias.com.br\/se\/wp-json\/wp\/v2\/media?parent=99629"}],"wp:term":[{"taxonomy":"category","embeddable":true,"href":"https:\/\/senoticias.com.br\/se\/wp-json\/wp\/v2\/categories?post=99629"},{"taxonomy":"post_tag","embeddable":true,"href":"https:\/\/senoticias.com.br\/se\/wp-json\/wp\/v2\/tags?post=99629"}],"curies":[{"name":"wp","href":"https:\/\/api.w.org\/{rel}","templated":true}]}}