{"id":99627,"date":"2017-01-19T05:41:29","date_gmt":"2017-01-19T08:41:29","guid":{"rendered":"http:\/\/senoticias.com.br\/se\/?p=99627"},"modified":"2017-01-19T05:41:29","modified_gmt":"2017-01-19T08:41:29","slug":"padre-inaldo-almocou-com-usuarios-do-restaurante-popular-frei-miguel-e-ouviu-suas-sugestoes","status":"publish","type":"post","link":"https:\/\/senoticias.com.br\/se\/padre-inaldo-almocou-com-usuarios-do-restaurante-popular-frei-miguel-e-ouviu-suas-sugestoes\/","title":{"rendered":"Padre Inaldo almo\u00e7ou com usu\u00e1rios do Restaurante Popular Frei Miguel e ouviu suas sugest\u00f5es"},"content":{"rendered":"<p style=\"text-align: justify;\">O prefeito Padre Inaldo almo\u00e7ou, nesta quarta-feira, 18, com usu\u00e1rios do restaurante popular Frei Miguel, localizado no conjunto Jo\u00e3o Alves Filho. Na oportunidade, Inaldo conheceu as instala\u00e7\u00f5es e ouviu as sugest\u00f5es dos usu\u00e1rios para ampliar os servi\u00e7os ofertados.<\/p>\n<div id=\"attachment_99628\" style=\"width: 609px\" class=\"wp-caption aligncenter\"><img loading=\"lazy\" decoding=\"async\" aria-describedby=\"caption-attachment-99628\" class=\"size-full wp-image-99628\" src=\"http:\/\/senoticias.com.br\/se\/wp-content\/uploads\/2017\/01\/Padre-Inaldo-almoco-SE-Noticias-e1484815133124.jpg\" alt=\"Prefeito pretende ampliar os servi\u00e7os e oferecer tamb\u00e9m o jantar\" width=\"599\" height=\"397\" \/><p id=\"caption-attachment-99628\" class=\"wp-caption-text\">Prefeito pretende ampliar os servi\u00e7os e oferecer tamb\u00e9m o jantar. (Foto: Ant\u00f4nio Carlos)<\/p><\/div>\n<p style=\"text-align: justify;\">O objetivo da visita, segundo o prefeito, foi tamb\u00e9m conhecer a fundo o funcionamento do restaurante para possibilitar melhorias aos usu\u00e1rios. \u201cIremos elaborar um projeto para melhorar esse restaurante. O grande pedido dos usu\u00e1rios \u00e9 referente \u00e0 amplia\u00e7\u00e3o dos servi\u00e7os, acrescentando o jantar. Vamos observar as possibilidades para atender esse pedido\u201d, relatou.<\/p>\n<p style=\"text-align: justify;\">Segundo a secret\u00e1ria da assist\u00eancia social, Maria do Carmo, a visita ao restaurante foi o primeiro passo para analisar a\u00a0possibilidade de amplia\u00e7\u00e3o dos servi\u00e7os. \u201cNesse almo\u00e7o, pudemos conhecer o espa\u00e7o e ouvir os usu\u00e1rios para melhorar e ampliar os servi\u00e7os ofertados. Diariamente, o restaurante atende 500 pessoas, para o almo\u00e7o, e o nosso objetivo \u00e9 que elas possam tamb\u00e9m receber o jantar\u201d.<\/p>\n<p style=\"text-align: justify;\">Luc\u00e9lia Cardoso, assistente social e coordenadora do Frei Miguel, explica o funcionamento do restaurante. \u201cAo chegar aqui, o usu\u00e1rio paga o valor de um real\u00a0e tem direito a refei\u00e7\u00e3o e um suco\u201d, esclareceu.<\/p>\n<p style=\"text-align: justify;\">Para o usu\u00e1rio Ant\u00f4nio Ferreira, a amplia\u00e7\u00e3o dos servi\u00e7os ser\u00e1 muito importante. &#8220;J\u00e1 tem um temp\u00e3o que a gente pede pra comer a janta aqui tamb\u00e9m. Acho que agora vai&#8221;, comemora.<\/p>\n<p style=\"text-align: justify;\"><img loading=\"lazy\" decoding=\"async\" class=\"aligncenter size-full wp-image-99559\" src=\"http:\/\/senoticias.com.br\/se\/wp-content\/uploads\/2017\/01\/Logo-fone-1-2-1-2-2.jpg\" alt=\"Logo-fone-1-2-1-2\" width=\"599\" height=\"78\" srcset=\"https:\/\/senoticias.com.br\/se\/wp-content\/uploads\/2017\/01\/Logo-fone-1-2-1-2-2.jpg 599w, https:\/\/senoticias.com.br\/se\/wp-content\/uploads\/2017\/01\/Logo-fone-1-2-1-2-2-300x39.jpg 300w\" sizes=\"(max-width: 599px) 100vw, 599px\" \/><\/p>\n<p style=\"text-align: justify;\"><strong>Acompanhe tamb\u00e9m o SE Not\u00edcias no <a href=\"https:\/\/twitter.com\/Senoticias\">Twitter<\/a>, <a href=\"https:\/\/www.facebook.com\/PortalSENoticias\/\">Facebook <\/a>e no <a href=\"https:\/\/www.instagram.com\/senoticias\/\">Instagram<\/a><\/strong><\/p>\n<p style=\"text-align: justify;\"><em>Da Ascom\/Prefeitura Municipal de Nossa Senhora do Socorro<\/em><\/p>\n","protected":false},"excerpt":{"rendered":"<p>O prefeito Padre Inaldo almo\u00e7ou, nesta quarta-feira, 18, com usu\u00e1rios do restaurante popular Frei Miguel, localizado no conjunto Jo\u00e3o Alves Filho. Na oportunidade, Inaldo conheceu as instala\u00e7\u00f5es e ouviu as sugest\u00f5es dos usu\u00e1rios para ampliar os servi\u00e7os ofertados. O objetivo da visita, segundo o prefeito, foi tamb\u00e9m conhecer a fundo o funcionamento do restaurante para [&hellip;]<\/p>\n","protected":false},"author":2,"featured_media":99628,"comment_status":"closed","ping_status":"closed","sticky":false,"template":"","format":"standard","meta":{"footnotes":""},"categories":[6],"tags":[],"class_list":{"0":"post-99627","1":"post","2":"type-post","3":"status-publish","4":"format-standard","5":"has-post-thumbnail","7":"category-politica"},"_links":{"self":[{"href":"https:\/\/senoticias.com.br\/se\/wp-json\/wp\/v2\/posts\/99627"}],"collection":[{"href":"https:\/\/senoticias.com.br\/se\/wp-json\/wp\/v2\/posts"}],"about":[{"href":"https:\/\/senoticias.com.br\/se\/wp-json\/wp\/v2\/types\/post"}],"author":[{"embeddable":true,"href":"https:\/\/senoticias.com.br\/se\/wp-json\/wp\/v2\/users\/2"}],"replies":[{"embeddable":true,"href":"https:\/\/senoticias.com.br\/se\/wp-json\/wp\/v2\/comments?post=99627"}],"version-history":[{"count":0,"href":"https:\/\/senoticias.com.br\/se\/wp-json\/wp\/v2\/posts\/99627\/revisions"}],"wp:featuredmedia":[{"embeddable":true,"href":"https:\/\/senoticias.com.br\/se\/wp-json\/wp\/v2\/media\/99628"}],"wp:attachment":[{"href":"https:\/\/senoticias.com.br\/se\/wp-json\/wp\/v2\/media?parent=99627"}],"wp:term":[{"taxonomy":"category","embeddable":true,"href":"https:\/\/senoticias.com.br\/se\/wp-json\/wp\/v2\/categories?post=99627"},{"taxonomy":"post_tag","embeddable":true,"href":"https:\/\/senoticias.com.br\/se\/wp-json\/wp\/v2\/tags?post=99627"}],"curies":[{"name":"wp","href":"https:\/\/api.w.org\/{rel}","templated":true}]}}