{"id":99625,"date":"2017-01-18T21:16:49","date_gmt":"2017-01-19T00:16:49","guid":{"rendered":"http:\/\/senoticias.com.br\/se\/?p=99625"},"modified":"2017-01-18T21:16:49","modified_gmt":"2017-01-19T00:16:49","slug":"alese-emite-nota-sobre-contrato-de-locacao-de-veiculos-da-xx-conferencia-da-unale","status":"publish","type":"post","link":"https:\/\/senoticias.com.br\/se\/alese-emite-nota-sobre-contrato-de-locacao-de-veiculos-da-xx-conferencia-da-unale\/","title":{"rendered":"Alese emite nota sobre Contrato de Loca\u00e7\u00e3o de Ve\u00edculos da XX Confer\u00eancia da Unale"},"content":{"rendered":"<p style=\"text-align: justify;\">A Assembleia Legislativa de Sergipe (Alese), atrav\u00e9s da Diretoria Geral, vem por meio deste, esclarecer a popula\u00e7\u00e3o sergipana a respeito de mat\u00e9ria veiculada no Portal de Not\u00edcias ISergipe.com, no \u00faltimo dia 17, sobre o Contrato de Loca\u00e7\u00e3o de Ve\u00edculos para a 20\u00aa Confer\u00eancia da Uni\u00e3o Nacional dos Legisladores e Legislativos Estaduais (Unale), realizada no per\u00edodo de 29 de maio a 08 de junho de 2016, em Aracaju.<\/p>\n<div id=\"attachment_99626\" style=\"width: 609px\" class=\"wp-caption aligncenter\"><img loading=\"lazy\" decoding=\"async\" aria-describedby=\"caption-attachment-99626\" class=\"size-full wp-image-99626\" src=\"http:\/\/senoticias.com.br\/se\/wp-content\/uploads\/2017\/01\/Alese-SE-Noticias-e1484784744160.jpg\" alt=\"O encontro \u00e9 realizado anualmente e contou com a presen\u00e7a do presidente e de membros da Confedera\u00e7\u00e3o Parlamentar das Am\u00e9ricas (COPA).\" width=\"599\" height=\"398\" \/><p id=\"caption-attachment-99626\" class=\"wp-caption-text\">O encontro \u00e9 realizado anualmente e contou com a presen\u00e7a do presidente e de membros da Confedera\u00e7\u00e3o Parlamentar das Am\u00e9ricas (COPA). (Foto: Jadilson Sim\u00f5es\/Alese)<\/p><\/div>\n<p>&nbsp;<\/p>\n<p style=\"text-align: justify;\">\n<p style=\"text-align: justify;\">O Portal informa que a Alese locou 171 carros no valor de R$ 94.800,00 reais. Ocorre que essa informa\u00e7\u00e3o n\u00e3o procede. Ao todo foram 27 ve\u00edculos, dos quais um ve\u00edculo executivo no per\u00edodo de 29\/05 a 08\/06; tr\u00eas ve\u00edculos executivos no per\u00edodo de 29\/05 a 05\/06; vinte e um ve\u00edculos executivos no per\u00edodo de 01\/06 a 05\/06 e dois ve\u00edculos populares no per\u00edodo de 31\/05 a 04\/06, com valores unit\u00e1rios R$ 574,00 carro executivo e R$ 238,00 carro popular, totalizando R$ 94.800,00, correspondente a 171 di\u00e1rias.<\/p>\n<p>&nbsp;<\/p>\n<p>&nbsp;<\/p>\n<p style=\"text-align: justify;\">Vale ressaltar que a Assembleia realizou Processo Licitat\u00f3rio para a loca\u00e7\u00e3o de ve\u00edculos, de acordo com o regimento interno da Casa Legislativa, em conson\u00e2ncia com a legisla\u00e7\u00e3o vigente, atrav\u00e9s da Comiss\u00e3o de Licita\u00e7\u00e3o, modalidade Preg\u00e3o Presencial de N\u00ba 010\/2016, com publica\u00e7\u00e3o no Di\u00e1rio Oficial, dando a mais ampla divulga\u00e7\u00e3o referente ao edital, conforme determina a legisla\u00e7\u00e3o.<\/p>\n<p style=\"text-align: justify;\">\n<p style=\"text-align: justify;\">\n<p style=\"text-align: justify;\">A Diretoria Geral informa, ainda, que a empresa Construtora Metro LTDA- ME , recebeu a quantia supracitada atrav\u00e9s de Nota Empenho, datada do dia 27 de maio de 2016, a fim de servir aos presidentes e\/ ou membros das diretorias das Assembleias Legislativas de todo Brasil, conforme contrato de N\u00ba 022\/2016.<\/p>\n<p><strong>Acompanhe tamb\u00e9m o SE Not\u00edcias no <a href=\"https:\/\/twitter.com\/Senoticias\">Twitter<\/a>, <a href=\"https:\/\/www.facebook.com\/PortalSENoticias\/\">Facebook <\/a>e no <a href=\"https:\/\/www.instagram.com\/senoticias\/\">Instagram<\/a><\/strong><\/p>\n<p><img loading=\"lazy\" decoding=\"async\" class=\"aligncenter size-full wp-image-99559\" src=\"http:\/\/senoticias.com.br\/se\/wp-content\/uploads\/2017\/01\/Logo-fone-1-2-1-2-2.jpg\" alt=\"Logo-fone-1-2-1-2\" width=\"599\" height=\"78\" srcset=\"https:\/\/senoticias.com.br\/se\/wp-content\/uploads\/2017\/01\/Logo-fone-1-2-1-2-2.jpg 599w, https:\/\/senoticias.com.br\/se\/wp-content\/uploads\/2017\/01\/Logo-fone-1-2-1-2-2-300x39.jpg 300w\" sizes=\"(max-width: 599px) 100vw, 599px\" \/><\/p>\n<p><em>Por Ag\u00eancia de Not\u00edcias Alese<\/em><\/p>\n","protected":false},"excerpt":{"rendered":"<p>A Assembleia Legislativa de Sergipe (Alese), atrav\u00e9s da Diretoria Geral, vem por meio deste, esclarecer a popula\u00e7\u00e3o sergipana a respeito de mat\u00e9ria veiculada no Portal de Not\u00edcias ISergipe.com, no \u00faltimo dia 17, sobre o Contrato de Loca\u00e7\u00e3o de Ve\u00edculos para a 20\u00aa Confer\u00eancia da Uni\u00e3o Nacional dos Legisladores e Legislativos Estaduais (Unale), realizada no per\u00edodo [&hellip;]<\/p>\n","protected":false},"author":2,"featured_media":99626,"comment_status":"closed","ping_status":"closed","sticky":false,"template":"","format":"standard","meta":{"footnotes":""},"categories":[6],"tags":[],"class_list":{"0":"post-99625","1":"post","2":"type-post","3":"status-publish","4":"format-standard","5":"has-post-thumbnail","7":"category-politica"},"_links":{"self":[{"href":"https:\/\/senoticias.com.br\/se\/wp-json\/wp\/v2\/posts\/99625"}],"collection":[{"href":"https:\/\/senoticias.com.br\/se\/wp-json\/wp\/v2\/posts"}],"about":[{"href":"https:\/\/senoticias.com.br\/se\/wp-json\/wp\/v2\/types\/post"}],"author":[{"embeddable":true,"href":"https:\/\/senoticias.com.br\/se\/wp-json\/wp\/v2\/users\/2"}],"replies":[{"embeddable":true,"href":"https:\/\/senoticias.com.br\/se\/wp-json\/wp\/v2\/comments?post=99625"}],"version-history":[{"count":0,"href":"https:\/\/senoticias.com.br\/se\/wp-json\/wp\/v2\/posts\/99625\/revisions"}],"wp:featuredmedia":[{"embeddable":true,"href":"https:\/\/senoticias.com.br\/se\/wp-json\/wp\/v2\/media\/99626"}],"wp:attachment":[{"href":"https:\/\/senoticias.com.br\/se\/wp-json\/wp\/v2\/media?parent=99625"}],"wp:term":[{"taxonomy":"category","embeddable":true,"href":"https:\/\/senoticias.com.br\/se\/wp-json\/wp\/v2\/categories?post=99625"},{"taxonomy":"post_tag","embeddable":true,"href":"https:\/\/senoticias.com.br\/se\/wp-json\/wp\/v2\/tags?post=99625"}],"curies":[{"name":"wp","href":"https:\/\/api.w.org\/{rel}","templated":true}]}}