{"id":99623,"date":"2017-01-18T20:57:04","date_gmt":"2017-01-18T23:57:04","guid":{"rendered":"http:\/\/senoticias.com.br\/se\/?p=99623"},"modified":"2017-01-19T15:06:39","modified_gmt":"2017-01-19T18:06:39","slug":"fas-de-larissa-manoela-sao-assediados-em-perfil-falso","status":"publish","type":"post","link":"https:\/\/senoticias.com.br\/se\/fas-de-larissa-manoela-sao-assediados-em-perfil-falso\/","title":{"rendered":"F\u00e3s de Larissa Manoela s\u00e3o assediados em perfil falso"},"content":{"rendered":"<div id=\"attachment_99624\" style=\"width: 360px\" class=\"wp-caption alignright\"><img loading=\"lazy\" decoding=\"async\" aria-describedby=\"caption-attachment-99624\" class=\"size-full wp-image-99624\" src=\"http:\/\/senoticias.com.br\/se\/wp-content\/uploads\/2017\/01\/Mensagem-falsa-SE-noticias.jpg\" alt=\"Mensagem enviada por criminoso a menina via Facebook Reprodu\u00e7\u00e3o\" width=\"350\" height=\"500\" srcset=\"https:\/\/senoticias.com.br\/se\/wp-content\/uploads\/2017\/01\/Mensagem-falsa-SE-noticias.jpg 350w, https:\/\/senoticias.com.br\/se\/wp-content\/uploads\/2017\/01\/Mensagem-falsa-SE-noticias-210x300.jpg 210w\" sizes=\"(max-width: 350px) 100vw, 350px\" \/><p id=\"caption-attachment-99624\" class=\"wp-caption-text\">Mensagem enviada por criminoso a menina via Facebook<br \/>Reprodu\u00e7\u00e3o<\/p><\/div>\n<p class=\" \" style=\"text-align: justify;\">&#8220;Ent\u00e3o, vc tem um shortinho bem curtinho de dormir para participar? Se tiver \u00e9 s\u00f3 me chamar no bate-papo que vamos analisar o seu shortinho e vamos ver se voc\u00ea pode concorrer\u201d. Com essa conversa repulsiva, um falso f\u00e3-clube da atriz Larissa Manoela, no Facebook, denominado \u2018Larinaticas Manoela\u2019 assediava crian\u00e7as, induzindo-as a postarem fotos em trajes \u00edntimos, sob o argumento de que participariam de um concurso, cujo pr\u00eamio seria um um encontro com a artista.<\/p>\n<p class=\" \" style=\"text-align: justify;\">Em outra postagem, uma menininha diz que tem um shortinho curto de dormir, mas explica que n\u00e3o sabe como mandar a foto pela internet. O ped\u00f3filo responde: \u201cEle fica bem curtinho? At\u00e9 onde ele fica?\u201d. Numa outra mensagem, outra criancinha diz que n\u00e3o tem shortinho de dormir, mas o homem n\u00e3o desiste: \u201cpode ser calcinha de dormir\u201d.<\/p>\n<p style=\"text-align: justify;\">O caso foi revelado nas redes sociais pela tia de uma das v\u00edtimas. Ela fez um post de alerta na sexta-feira passada e mostrou prints da conversa entre sua sobrinha de 10 anos e o criminoso, que se passa como empres\u00e1rio de Larissa Manoela. A tia conversou com a sobrinha, bloqueou o perfil e prestou queixa na pol\u00edcia. \u201cSe tem adulto que acredita em sorteio de iPhone pelo Facebook, claro que tem crian\u00e7a que acredita em conhecer o \u00eddolo atrav\u00e9s do Facebook tamb\u00e9m\u201d, escreveu. \u201cFica aqui o alerta para as mam\u00e3es, papais, tios e afins, que n\u00e3o deixem essa garotada livre no computador, que se poss\u00edvel sempre olhem com quem eles est\u00e3o conversando. Aqui em casa n\u00e3o funcionou, mas sei que se a \u2018esperta\u2019 estivesse na casa dela teria mandado\u201d, afirmou.<\/p>\n<p style=\"text-align: justify;\">Para a professora de Inform\u00e1tica e Rob\u00f3tica do Col\u00e9gio Liceu Franco Brasileiro, Miriam Lenner, o caso \u00e9 grave e demonstra a import\u00e2ncia de uma campanha esclarecendo pais e alunos. \u201cTodas as escolas devem ter um trabalho de conscientiza\u00e7\u00e3o do uso da internet, que tanto pode ser uma fonte de aprendizado, quanto uma grande vil\u00e3\u201d, defende.<\/p>\n<p style=\"text-align: justify;\">A assessoria de imprensa da atriz disse ao site EGO que ela foi informada sobre o caso. \u201cN\u00f3s soubemos do ocorrido, a fam\u00edlia foi orientada e o caso est\u00e1 sendo investigado pela pol\u00edcia. V\u00e1rias pessoas vieram relatar o que aconteceu depois da postagem da tia da crian\u00e7a e a m\u00e3e dela entrou em contato conosco. A assessoria jur\u00eddica da Larissa prestou assist\u00eancia. \u00c9 importante lembrar que as redes sociais da Larissa s\u00e3o verificadas e ela sempre busca divulg\u00e1-las para ajudar as crian\u00e7as a n\u00e3o se iludirem com um perfil falso\u201d. Em greve, a Pol\u00edcia do Rio ainda n\u00e3o iniciou as investiga\u00e7\u00f5es.<\/p>\n<p style=\"text-align: justify;\"><em>Por Wilson Aquino, da Reda\u00e7\u00e3o <a href=\"http:\/\/odia.ig.com.br\/rio-de-janeiro\/2017-01-18\/fas-de-larissa-manoela-sao-assediados-em-perfil-falso.html\">portal Ig<\/a><\/em><\/p>\n<p style=\"text-align: justify;\"><strong>Acompanhe tamb\u00e9m o SE Not\u00edcias no <a href=\"https:\/\/twitter.com\/Senoticias\">Twitter<\/a>, <a href=\"https:\/\/www.facebook.com\/PortalSENoticias\/\">Facebook <\/a>e no <a href=\"https:\/\/www.instagram.com\/senoticias\/\">Instagram<\/a><\/strong><\/p>\n<p style=\"text-align: justify;\"><img loading=\"lazy\" decoding=\"async\" class=\"aligncenter size-full wp-image-99559\" src=\"http:\/\/senoticias.com.br\/se\/wp-content\/uploads\/2017\/01\/Logo-fone-1-2-1-2-2.jpg\" alt=\"Logo-fone-1-2-1-2\" width=\"599\" height=\"78\" srcset=\"https:\/\/senoticias.com.br\/se\/wp-content\/uploads\/2017\/01\/Logo-fone-1-2-1-2-2.jpg 599w, https:\/\/senoticias.com.br\/se\/wp-content\/uploads\/2017\/01\/Logo-fone-1-2-1-2-2-300x39.jpg 300w\" sizes=\"(max-width: 599px) 100vw, 599px\" \/><\/p>\n","protected":false},"excerpt":{"rendered":"<p>&#8220;Ent\u00e3o, vc tem um shortinho bem curtinho de dormir para participar? Se tiver \u00e9 s\u00f3 me chamar no bate-papo que vamos analisar o seu shortinho e vamos ver se voc\u00ea pode concorrer\u201d. Com essa conversa repulsiva, um falso f\u00e3-clube da atriz Larissa Manoela, no Facebook, denominado \u2018Larinaticas Manoela\u2019 assediava crian\u00e7as, induzindo-as a postarem fotos em [&hellip;]<\/p>\n","protected":false},"author":2,"featured_media":99624,"comment_status":"closed","ping_status":"closed","sticky":false,"template":"","format":"standard","meta":{"footnotes":""},"categories":[21,7],"tags":[],"class_list":{"0":"post-99623","1":"post","2":"type-post","3":"status-publish","4":"format-standard","5":"has-post-thumbnail","7":"category-entretenimento","8":"category-policia"},"_links":{"self":[{"href":"https:\/\/senoticias.com.br\/se\/wp-json\/wp\/v2\/posts\/99623"}],"collection":[{"href":"https:\/\/senoticias.com.br\/se\/wp-json\/wp\/v2\/posts"}],"about":[{"href":"https:\/\/senoticias.com.br\/se\/wp-json\/wp\/v2\/types\/post"}],"author":[{"embeddable":true,"href":"https:\/\/senoticias.com.br\/se\/wp-json\/wp\/v2\/users\/2"}],"replies":[{"embeddable":true,"href":"https:\/\/senoticias.com.br\/se\/wp-json\/wp\/v2\/comments?post=99623"}],"version-history":[{"count":0,"href":"https:\/\/senoticias.com.br\/se\/wp-json\/wp\/v2\/posts\/99623\/revisions"}],"wp:featuredmedia":[{"embeddable":true,"href":"https:\/\/senoticias.com.br\/se\/wp-json\/wp\/v2\/media\/99624"}],"wp:attachment":[{"href":"https:\/\/senoticias.com.br\/se\/wp-json\/wp\/v2\/media?parent=99623"}],"wp:term":[{"taxonomy":"category","embeddable":true,"href":"https:\/\/senoticias.com.br\/se\/wp-json\/wp\/v2\/categories?post=99623"},{"taxonomy":"post_tag","embeddable":true,"href":"https:\/\/senoticias.com.br\/se\/wp-json\/wp\/v2\/tags?post=99623"}],"curies":[{"name":"wp","href":"https:\/\/api.w.org\/{rel}","templated":true}]}}