{"id":99621,"date":"2017-01-18T19:16:26","date_gmt":"2017-01-18T22:16:26","guid":{"rendered":"http:\/\/senoticias.com.br\/se\/?p=99621"},"modified":"2017-01-18T19:16:26","modified_gmt":"2017-01-18T22:16:26","slug":"sergipe-recebe-primeira-concessionaria-exclusiva-de-tuk-tuks","status":"publish","type":"post","link":"https:\/\/senoticias.com.br\/se\/sergipe-recebe-primeira-concessionaria-exclusiva-de-tuk-tuks\/","title":{"rendered":"Sergipe recebe primeira concession\u00e1ria exclusiva de tuk tuks"},"content":{"rendered":"<div class=\"gmail_default\">\n<p style=\"text-align: justify;\"><span style=\"font-family: verdana, sans-serif;\">Com muitos com\u00e9rcios localizados em Aracaju (SE) carentes<span class=\"m_-3993570224045447672m_-1597166068665735616m_5480850895118686975m_-7421031058795002808gmail-m_-8647231722957281480gmail-apple-converted-space\">\u00a0<\/span>de<span class=\"m_-3993570224045447672m_-1597166068665735616m_5480850895118686975m_-7421031058795002808gmail-m_-8647231722957281480gmail-apple-converted-space\">\u00a0<\/span>alternativas<span class=\"m_-3993570224045447672m_-1597166068665735616m_5480850895118686975m_-7421031058795002808gmail-m_-8647231722957281480gmail-apple-converted-space\">\u00a0<\/span>para o<span class=\"m_-3993570224045447672m_-1597166068665735616m_5480850895118686975m_-7421031058795002808gmail-m_-8647231722957281480gmail-apple-converted-space\">\u00a0<\/span>transporte de cargas, os empreendedores Douglas Diego Lima e Ant\u00f4nio Carlos Macedo viram<span class=\"m_-3993570224045447672m_-1597166068665735616m_5480850895118686975m_-7421031058795002808gmail-m_-8647231722957281480gmail-apple-converted-space\">\u00a0<\/span>nos tuk tuks da Motocar (<a href=\"http:\/\/www.triciclosmotocar.com.br\/\" target=\"_blank\" data-saferedirecturl=\"https:\/\/www.google.com\/url?hl=pt-BR&amp;q=http:\/\/www.triciclosmotocar.com.br\/&amp;source=gmail&amp;ust=1484860798848000&amp;usg=AFQjCNFUctg3zQxZnnknL7WUZJUvBfHaqw\">www.triciclosmotocar.com.br<\/a>), \u00fanica f\u00e1brica brasileira de triciclos<span class=\"m_-3993570224045447672m_-1597166068665735616m_5480850895118686975m_-7421031058795002808gmail-m_-8647231722957281480gmail-m2629048128292645290gmail-m1807943454093055162m-2474264023944186541gmail-apple-converted-space\">\u00a0<\/span>e\u00a0com sede na Zona Franca de Manaus, uma oportunidade de baixo custo para a popula\u00e7\u00e3o regional. Com investimento de R$ 160 mil, a cidade recebe a bandeira\u00a0<b>Motocar Sergipe\u00a0<\/b>e fica localizada na Avenida Tancredo Neves, n\u00ba 4221, Bairro Jabotiana.<\/span><\/p>\n<div id=\"attachment_99622\" style=\"width: 609px\" class=\"wp-caption aligncenter\"><img loading=\"lazy\" decoding=\"async\" aria-describedby=\"caption-attachment-99622\" class=\"size-full wp-image-99622\" src=\"http:\/\/senoticias.com.br\/se\/wp-content\/uploads\/2017\/01\/IMG_1651-e1484777558390.jpg\" alt=\"Loja localizada em Aracaju (SE) tem ve\u00edculos com custo-benef\u00edcio atrativo e s\u00e3o recomendados para transporte de cargas dos com\u00e9rcios da regi\u00e3o.\" width=\"599\" height=\"506\" \/><p id=\"caption-attachment-99622\" class=\"wp-caption-text\">Loja localizada em Aracaju tem ve\u00edculos com custo-benef\u00edcio atrativo e s\u00e3o recomendados para transporte de cargas dos com\u00e9rcios da regi\u00e3o. (Foto: SE Not\u00edcias)<\/p><\/div>\n<p style=\"text-align: justify;\"><span style=\"font-family: verdana, sans-serif;\">De acordo com\u00a0<b>Carlos Ara\u00fajo, diretor comercial da Motocar<\/b>, existe um grande potencial de aceita\u00e7\u00e3o pelos triciclos, pois a cidade tem empres\u00e1rios fortes, al\u00e9m do fato de o custo-benef\u00edcio ser muito mais atrativo se comparado a um utilit\u00e1rio\u00a0leve similar a categoria. \u201c<i>Aracaju\u00a0tem muitos com\u00e9rcios\u00a0de bairro\u00a0consolidados que precisam de uma alternativa para o transporte de produtos. Por isso, acreditamos que teremos ades\u00e3o por parte dos empreendedores em diversas regi\u00f5es, principalmente, pelo fato do ve\u00edculo ser muito atrativo neste momento de<span class=\"m_-3993570224045447672m_-1597166068665735616m_5480850895118686975m_-7421031058795002808gmail-m_-8647231722957281480gmail-apple-converted-space\">\u00a0<\/span>instabilidade\u00a0econ\u00f4mica que estamos atravessando\u201d,<\/i>\u00a0afirma.<\/span><\/p>\n<p style=\"text-align: justify;\"><span style=\"font-family: verdana, sans-serif;\">A concession\u00e1ria \u00e9 administrada<span class=\"m_-3993570224045447672m_-1597166068665735616m_5480850895118686975m_-7421031058795002808gmail-m_-8647231722957281480gmail-m2629048128292645290gmail-apple-converted-space\">\u00a0<\/span><strong>pelos<\/strong><span class=\"m_-3993570224045447672m_-1597166068665735616m_5480850895118686975m_-7421031058795002808gmail-m_-8647231722957281480gmail-apple-converted-space\"><b>\u00a0<\/b><\/span><strong>pr\u00f3prios<\/strong><span class=\"m_-3993570224045447672m_-1597166068665735616m_5480850895118686975m_-7421031058795002808gmail-m_-8647231722957281480gmail-apple-converted-space\"><b>\u00a0<\/b><\/span><strong>em<wbr \/>pres\u00e1rios Douglas<\/strong><span class=\"m_-3993570224045447672m_-1597166068665735616m_5480850895118686975m_-7421031058795002808gmail-m_-8647231722957281480gmail-apple-converted-space\"><b>\u00a0<\/b><\/span><strong>Lima<\/strong><span class=\"m_-3993570224045447672m_-1597166068665735616m_5480850895118686975m_-7421031058795002808gmail-m_-8647231722957281480gmail-apple-converted-space\"><b>\u00a0<\/b><\/span><strong>e Ant\u00f4nio<\/strong><span class=\"m_-3993570224045447672m_-1597166068665735616m_5480850895118686975m_-7421031058795002808gmail-m_-8647231722957281480gmail-apple-converted-space\"><b>\u00a0<\/b><\/span><strong>Macedo, q<\/strong>ue resolveram investir no mercado de triciclos<span class=\"m_-3993570224045447672m_-1597166068665735616m_5480850895118686975m_-7421031058795002808gmail-m_-8647231722957281480gmail-m2629048128292645290gmail-m1807943454093055162m-2474264023944186541gmail-apple-converted-space\">\u00a0<\/span>por acreditarem<span class=\"m_-3993570224045447672m_-1597166068665735616m_5480850895118686975m_-7421031058795002808gmail-m_-8647231722957281480gmail-m2629048128292645290gmail-m1807943454093055162m-2474264023944186541gmail-apple-converted-space\">\u00a0<\/span>que<span class=\"m_-3993570224045447672m_-1597166068665735616m_5480850895118686975m_-7421031058795002808gmail-m_-8647231722957281480gmail-apple-converted-space\">\u00a0<\/span>n\u00e3o s\u00f3<span class=\"m_-3993570224045447672m_-1597166068665735616m_5480850895118686975m_-7421031058795002808gmail-m_-8647231722957281480gmail-apple-converted-space\">\u00a0<\/span>os<span class=\"m_-3993570224045447672m_-1597166068665735616m_5480850895118686975m_-7421031058795002808gmail-m_-8647231722957281480gmail-apple-converted-space\">\u00a0<\/span>comerciantes<span class=\"m_-3993570224045447672m_-1597166068665735616m_5480850895118686975m_-7421031058795002808gmail-m_-8647231722957281480gmail-apple-converted-space\">\u00a0<\/span>buscam<span class=\"m_-3993570224045447672m_-1597166068665735616m_5480850895118686975m_-7421031058795002808gmail-m_-8647231722957281480gmail-apple-converted-space\">\u00a0<\/span>cust<wbr \/>o-benef\u00edcio<span class=\"m_-3993570224045447672m_-1597166068665735616m_5480850895118686975m_-7421031058795002808gmail-m_-8647231722957281480gmail-apple-converted-space\">\u00a0<\/span>para a log\u00edstica<span class=\"m_-3993570224045447672m_-1597166068665735616m_5480850895118686975m_-7421031058795002808gmail-m_-8647231722957281480gmail-apple-converted-space\">\u00a0<\/span>de seus neg\u00f3cios, mas tamb\u00e9m os novos empreendedores.<span class=\"m_-3993570224045447672m_-1597166068665735616m_5480850895118686975m_-7421031058795002808gmail-m_-8647231722957281480gmail-apple-converted-space\">\u00a0<\/span><i>\u201cAracaju e cidades pr\u00f3ximas possuem uma gama de com\u00e9rcios que procuram um meio de transporte para log\u00edstica econ\u00f4mico.<span class=\"m_-3993570224045447672m_-1597166068665735616m_5480850895118686975m_-7421031058795002808gmail-m_-8647231722957281480gmail-apple-converted-space\">\u00a0<\/span>Acreditamos que os tuk tuks ir\u00e3o<span class=\"m_-3993570224045447672m_-1597166068665735616m_5480850895118686975m_-7421031058795002808gmail-m_-8647231722957281480gmail-apple-converted-space\">\u00a0<\/span>suprir essas necessidades\u201d,<span class=\"m_-3993570224045447672m_-1597166068665735616m_5480850895118686975m_-7421031058795002808gmail-m_-8647231722957281480gmail-apple-converted-space\">\u00a0<\/span><\/i>afirma Lima.<span class=\"m_-3993570224045447672m_-1597166068665735616m_5480850895118686975m_-7421031058795002808gmail-m_-8647231722957281480gmail-apple-converted-space\"><i>\u00a0<\/i><\/span><i>\u201cAl\u00e9m disso, os ve\u00edculos s\u00e3o extremamente \u00fateis tamb\u00e9m para quem pretende abrir seu pr\u00f3prio neg\u00f3cio em 2017 sem ter um alto custo de opera\u00e7\u00e3o e log\u00edstica\u201d,<span class=\"m_-3993570224045447672m_-1597166068665735616m_5480850895118686975m_-7421031058795002808gmail-m_-8647231722957281480gmail-apple-converted-space\">\u00a0<\/span><\/i>acrescenta Macedo.<span class=\"m_-3993570224045447672m_-1597166068665735616m_5480850895118686975m_-7421031058795002808gmail-m_-8647231722957281480gmail-apple-converted-space\">\u00a0<\/span><\/span><\/p>\n<p style=\"text-align: justify;\"><span style=\"font-family: verdana, sans-serif;\">Com\u00a0tr\u00eas\u00a0vers\u00f5es dispon\u00edveis, duas para carga e uma\u00a0para transporte de passageiros,\u00a0os triciclos da Motocar\u00a0s\u00e3o os \u00fanicos da categoria homologados pelo IBAMA e DENATRAN. Os famosos tuk tuks\u00a0de uso comercial t\u00eam capacidade para carregar at\u00e9 350 kg e, por seu pre\u00e7o mais acess\u00edvel, t\u00eam sido utilizados por\u00a0micro e pequenos empreendedores\u00a0para diversos fins \u2013 desde opera\u00e7\u00f5es log\u00edsticas nas cidades,\u00a0at\u00e9 como alternativa\u00a0aos\u00a0<i>food trucks<\/i>.\u00a0<\/span><\/p>\n<\/div>\n<div class=\"m_-3993570224045447672m_-1597166068665735616m_5480850895118686975m_-7421031058795002808gmail-yj6qo m_-3993570224045447672m_-1597166068665735616m_5480850895118686975m_-7421031058795002808gmail-ajU\">\n<div id=\"m_-3993570224045447672m_-1597166068665735616m_5480850895118686975m_-7421031058795002808gmail-:1ht\" class=\"m_-3993570224045447672m_-1597166068665735616m_5480850895118686975m_-7421031058795002808gmail-ajR\"><img class=\"m_-3993570224045447672m_-1597166068665735616m_5480850895118686975m_-7421031058795002808gmail-ajT\" \/><img loading=\"lazy\" decoding=\"async\" class=\"aligncenter size-full wp-image-99559\" src=\"http:\/\/senoticias.com.br\/se\/wp-content\/uploads\/2017\/01\/Logo-fone-1-2-1-2-2.jpg\" alt=\"Logo-fone-1-2-1-2\" width=\"599\" height=\"78\" srcset=\"https:\/\/senoticias.com.br\/se\/wp-content\/uploads\/2017\/01\/Logo-fone-1-2-1-2-2.jpg 599w, https:\/\/senoticias.com.br\/se\/wp-content\/uploads\/2017\/01\/Logo-fone-1-2-1-2-2-300x39.jpg 300w\" sizes=\"(max-width: 599px) 100vw, 599px\" \/><\/div>\n<div class=\"m_-3993570224045447672m_-1597166068665735616m_5480850895118686975m_-7421031058795002808gmail-ajR\"><\/div>\n<div class=\"m_-3993570224045447672m_-1597166068665735616m_5480850895118686975m_-7421031058795002808gmail-ajR\">A<strong>companhe tamb\u00e9m o SE Not\u00edcias no<\/strong><span class=\"apple-converted-space\"><b>\u00a0<\/b><\/span><strong><a href=\"https:\/\/twitter.com\/Senoticias\" target=\"_blank\">Twitter<\/a>,<\/strong><span class=\"apple-converted-space\"><b>\u00a0<\/b><\/span><strong><a href=\"https:\/\/www.facebook.com\/senoticias1\" target=\"_blank\">Facebook<span class=\"apple-converted-space\">\u00a0<\/span><\/a>e no<\/strong><span class=\"apple-converted-space\"><b>\u00a0<\/b><\/span><strong><a href=\"https:\/\/www.instagram.com\/senoticias\/\" target=\"_blank\">Instagram<\/a><\/strong><\/div>\n<div class=\"m_-3993570224045447672m_-1597166068665735616m_5480850895118686975m_-7421031058795002808gmail-ajR\"><em>Da Assessoria de Imprensa<\/em><\/div>\n<\/div>\n","protected":false},"excerpt":{"rendered":"<p>Com muitos com\u00e9rcios localizados em Aracaju (SE) carentes\u00a0de\u00a0alternativas\u00a0para o\u00a0transporte de cargas, os empreendedores Douglas Diego Lima e Ant\u00f4nio Carlos Macedo viram\u00a0nos tuk tuks da Motocar (www.triciclosmotocar.com.br), \u00fanica f\u00e1brica brasileira de triciclos\u00a0e\u00a0com sede na Zona Franca de Manaus, uma oportunidade de baixo custo para a popula\u00e7\u00e3o regional. Com investimento de R$ 160 mil, a cidade recebe [&hellip;]<\/p>\n","protected":false},"author":2,"featured_media":99622,"comment_status":"closed","ping_status":"closed","sticky":false,"template":"","format":"standard","meta":{"footnotes":""},"categories":[15,8],"tags":[2014,2018,2015,2017,2016,2019],"class_list":{"0":"post-99621","1":"post","2":"type-post","3":"status-publish","4":"format-standard","5":"has-post-thumbnail","7":"category-destaques","8":"category-esporte-e-cultura","9":"tag-concessionaria-de-tuk-tuks","10":"tag-lifan-motors","11":"tag-motocar","12":"tag-motocar-aracaju","13":"tag-motocar-sergipe","14":"tag-sergipe-recebe-primeira-concessionaria"},"_links":{"self":[{"href":"https:\/\/senoticias.com.br\/se\/wp-json\/wp\/v2\/posts\/99621"}],"collection":[{"href":"https:\/\/senoticias.com.br\/se\/wp-json\/wp\/v2\/posts"}],"about":[{"href":"https:\/\/senoticias.com.br\/se\/wp-json\/wp\/v2\/types\/post"}],"author":[{"embeddable":true,"href":"https:\/\/senoticias.com.br\/se\/wp-json\/wp\/v2\/users\/2"}],"replies":[{"embeddable":true,"href":"https:\/\/senoticias.com.br\/se\/wp-json\/wp\/v2\/comments?post=99621"}],"version-history":[{"count":0,"href":"https:\/\/senoticias.com.br\/se\/wp-json\/wp\/v2\/posts\/99621\/revisions"}],"wp:featuredmedia":[{"embeddable":true,"href":"https:\/\/senoticias.com.br\/se\/wp-json\/wp\/v2\/media\/99622"}],"wp:attachment":[{"href":"https:\/\/senoticias.com.br\/se\/wp-json\/wp\/v2\/media?parent=99621"}],"wp:term":[{"taxonomy":"category","embeddable":true,"href":"https:\/\/senoticias.com.br\/se\/wp-json\/wp\/v2\/categories?post=99621"},{"taxonomy":"post_tag","embeddable":true,"href":"https:\/\/senoticias.com.br\/se\/wp-json\/wp\/v2\/tags?post=99621"}],"curies":[{"name":"wp","href":"https:\/\/api.w.org\/{rel}","templated":true}]}}