{"id":99616,"date":"2017-01-18T18:45:25","date_gmt":"2017-01-18T21:45:25","guid":{"rendered":"http:\/\/senoticias.com.br\/se\/?p=99616"},"modified":"2017-01-20T19:36:25","modified_gmt":"2017-01-20T22:36:25","slug":"minicurso-de-espanhol-para-jovens-de-sao-cristovao-teve-inicio-nesta-quarta","status":"publish","type":"post","link":"https:\/\/senoticias.com.br\/se\/minicurso-de-espanhol-para-jovens-de-sao-cristovao-teve-inicio-nesta-quarta\/","title":{"rendered":"Minicurso de Espanhol para jovens de S\u00e3o Crist\u00f3v\u00e3o teve in\u00edcio nesta quarta"},"content":{"rendered":"<p style=\"text-align: justify;\">Teve in\u00edcio nesta quarta-feira, 18, as aulas do minicurso de Espanhol n\u00edvel b\u00e1sico promovido pelo Centro Vocacional Tecnol\u00f3gico (CVT) do SergipeTec em parceria com a Coordenadoria Especial da Juventude (CEJUV) da Secretaria de Estado da Mulher, Inclus\u00e3o e Assist\u00eancia Social, do Trabalho e dos Direitos Humanos e (Seidh) e a Association Internationale des Etudiants en Sciences Economiques et Commerciales (AIESEC). As aulas acontecer\u00e3o semanalmente na sede do SergipeTec, todas as quartas-feiras at\u00e9 22 de fevereiro, das 9h \u00e0s 12h, e das 13h \u00e0s 16h.<\/p>\n<p>Em colabora\u00e7\u00e3o com a CEJUV desde 2011, o CVT contribuiu com a instaura\u00e7\u00e3o da Casa da Juventude, no munic\u00edpio de Indiaroba. Desde ent\u00e3o, o Centro pleiteia cursos de conversa\u00e7\u00e3o e capacita\u00e7\u00e3o para jovens de comunidades carentes de todo o Estado, com a ajuda da AIESEC e demais parceiros que colaboram para a qualifica\u00e7\u00e3o deste p\u00fablico. \u00c9 o que explica Victor Vaz, coordenador do CVT. \u201cEssa iniciativa \u00e9 muito importante, especificamente para a popula\u00e7\u00e3o de S\u00e3o Crist\u00f3v\u00e3o. Temos uma car\u00eancia muito grande de cursos de conversa\u00e7\u00e3o no munic\u00edpio. Ent\u00e3o, esta \u00e9 mais uma a\u00e7\u00e3o que promovemos em conjunto para atender \u00e0s demandas da comunidade\u201d.<\/p>\n<p>O curso de Espanhol teve uma m\u00e9dia de 50 inscritos, sendo 25 alunos pela manh\u00e3 e 25 \u00e0 tarde. As aulas ter\u00e3o dura\u00e7\u00e3o de seis semanas com carga hor\u00e1ria de 20 horas, per\u00edodo no qual os alunos devem desenvolver desde no\u00e7\u00f5es b\u00e1sicas da l\u00edngua espanhola e pr\u00e1ticas de conversa\u00e7\u00e3o, segundo Victor Vaz. \u00a0\u201cTemos um diferencial no curso que \u00e9 justamente o fato de o instrutor ser intercambista &#8211; algo que influenciar\u00e1 bastante na transmiss\u00e3o do conhecimento e na flu\u00eancia da conversa\u00e7\u00e3o. Acredito que isso \u00e9 o que todos que procuram fazer um curso de idiomas buscam\u201d, pontua.<\/p>\n<div id=\"attachment_99617\" style=\"width: 609px\" class=\"wp-caption aligncenter\"><img loading=\"lazy\" decoding=\"async\" aria-describedby=\"caption-attachment-99617\" class=\"size-full wp-image-99617\" src=\"http:\/\/senoticias.com.br\/se\/wp-content\/uploads\/2017\/01\/Curso-de-Espanhoel-SE-Noticias-e1484775840487.jpg\" alt=\"As aulas acontecer\u00e3o semanalmente na sede do SergipeTec, todas as quartas-feiras at\u00e9 22 de fevereiro, das 9h \u00e0s 12h, e das 13h \u00e0s 16h.\" width=\"599\" height=\"400\" \/><p id=\"caption-attachment-99617\" class=\"wp-caption-text\">As aulas acontecer\u00e3o semanalmente na sede do SergipeTec, todas as quartas-feiras at\u00e9 22 de fevereiro, das 9h \u00e0s 12h, e das 13h \u00e0s 16h.<\/p><\/div>\n<p>De acordo com o coordenador da CEJUV, Fredson Santana, est\u00e1 prevista para o m\u00eas de mar\u00e7o a implementa\u00e7\u00e3o de mais um curso de idioma para os jovens, dessa vez de Ingl\u00eas. A oferta de vagas tamb\u00e9m ser\u00e1 de 50 inscritos, sendo duas turmas com 25 alunos cada, nos turnos da manh\u00e3 e da tarde. \u201cVamos unir esfor\u00e7os com o CVT e a AIESEC para que possamos passar, atrav\u00e9s de seus instrutores, o conhecimento de l\u00ednguas que s\u00e3o bastante necess\u00e1rias para o aprendizado e capacita\u00e7\u00e3o dos jovens\u201d, ressalta Fredson.<\/p>\n<p>Inscri\u00e7\u00f5es e mais informa\u00e7\u00f5es sobre os cursos podem ser obtidas atrav\u00e9s do telefone (79) 3257-2232 ou pelo e-mail <a href=\"mailto:cvt@sergipetec.org.br\" target=\"_blank\">cvt@sergipetec.org.br<\/a>.<img loading=\"lazy\" decoding=\"async\" class=\"aligncenter size-full wp-image-99559\" src=\"http:\/\/senoticias.com.br\/se\/wp-content\/uploads\/2017\/01\/Logo-fone-1-2-1-2-2.jpg\" alt=\"Logo-fone-1-2-1-2\" width=\"599\" height=\"78\" srcset=\"https:\/\/senoticias.com.br\/se\/wp-content\/uploads\/2017\/01\/Logo-fone-1-2-1-2-2.jpg 599w, https:\/\/senoticias.com.br\/se\/wp-content\/uploads\/2017\/01\/Logo-fone-1-2-1-2-2-300x39.jpg 300w\" sizes=\"(max-width: 599px) 100vw, 599px\" \/><\/p>\n<p style=\"text-align: justify;\">A<strong>companhe tamb\u00e9m o SE Not\u00edcias no<\/strong><span class=\"apple-converted-space\"><b>\u00a0<\/b><\/span><strong><a href=\"https:\/\/twitter.com\/Senoticias\" target=\"_blank\">Twitter<\/a>,<\/strong><span class=\"apple-converted-space\"><b>\u00a0<\/b><\/span><strong><a href=\"https:\/\/www.facebook.com\/senoticias1\" target=\"_blank\">Facebook<span class=\"apple-converted-space\">\u00a0<\/span><\/a>e no<\/strong><span class=\"apple-converted-space\"><b>\u00a0<\/b><\/span><strong><a href=\"https:\/\/www.instagram.com\/senoticias\/\" target=\"_blank\">Instagram<\/a><\/strong><\/p>\n<p style=\"text-align: justify;\"><em><b>Assessoria de Comunica\u00e7\u00e3o<br \/>\n<\/b>SEIDH &#8211; Governo de Sergipe<\/em><\/p>\n","protected":false},"excerpt":{"rendered":"<p>Teve in\u00edcio nesta quarta-feira, 18, as aulas do minicurso de Espanhol n\u00edvel b\u00e1sico promovido pelo Centro Vocacional Tecnol\u00f3gico (CVT) do SergipeTec em parceria com a Coordenadoria Especial da Juventude (CEJUV) da Secretaria de Estado da Mulher, Inclus\u00e3o e Assist\u00eancia Social, do Trabalho e dos Direitos Humanos e (Seidh) e a Association Internationale des Etudiants en [&hellip;]<\/p>\n","protected":false},"author":2,"featured_media":99617,"comment_status":"closed","ping_status":"closed","sticky":false,"template":"","format":"standard","meta":{"footnotes":""},"categories":[15,38],"tags":[],"class_list":{"0":"post-99616","1":"post","2":"type-post","3":"status-publish","4":"format-standard","5":"has-post-thumbnail","7":"category-destaques","8":"category-municipios"},"_links":{"self":[{"href":"https:\/\/senoticias.com.br\/se\/wp-json\/wp\/v2\/posts\/99616"}],"collection":[{"href":"https:\/\/senoticias.com.br\/se\/wp-json\/wp\/v2\/posts"}],"about":[{"href":"https:\/\/senoticias.com.br\/se\/wp-json\/wp\/v2\/types\/post"}],"author":[{"embeddable":true,"href":"https:\/\/senoticias.com.br\/se\/wp-json\/wp\/v2\/users\/2"}],"replies":[{"embeddable":true,"href":"https:\/\/senoticias.com.br\/se\/wp-json\/wp\/v2\/comments?post=99616"}],"version-history":[{"count":0,"href":"https:\/\/senoticias.com.br\/se\/wp-json\/wp\/v2\/posts\/99616\/revisions"}],"wp:featuredmedia":[{"embeddable":true,"href":"https:\/\/senoticias.com.br\/se\/wp-json\/wp\/v2\/media\/99617"}],"wp:attachment":[{"href":"https:\/\/senoticias.com.br\/se\/wp-json\/wp\/v2\/media?parent=99616"}],"wp:term":[{"taxonomy":"category","embeddable":true,"href":"https:\/\/senoticias.com.br\/se\/wp-json\/wp\/v2\/categories?post=99616"},{"taxonomy":"post_tag","embeddable":true,"href":"https:\/\/senoticias.com.br\/se\/wp-json\/wp\/v2\/tags?post=99616"}],"curies":[{"name":"wp","href":"https:\/\/api.w.org\/{rel}","templated":true}]}}