{"id":99614,"date":"2017-01-18T18:25:26","date_gmt":"2017-01-18T21:25:26","guid":{"rendered":"http:\/\/senoticias.com.br\/se\/?p=99614"},"modified":"2017-01-20T19:37:13","modified_gmt":"2017-01-20T22:37:13","slug":"piloto-solicita-emergencia-em-pouso-no-aeroporto-santa-maria-em-aracaju","status":"publish","type":"post","link":"https:\/\/senoticias.com.br\/se\/piloto-solicita-emergencia-em-pouso-no-aeroporto-santa-maria-em-aracaju\/","title":{"rendered":"Piloto solicita emerg\u00eancia em pouso no Aeroporto Santa Maria em Aracaju"},"content":{"rendered":"<p style=\"text-align: justify;\"><em><strong class=\"fn\">Marina Fontenele, d<\/strong><strong><span class=\"adr\"><span class=\"locality\">o <a href=\"http:\/\/g1.globo.com\/se\/sergipe\/noticia\/2017\/01\/piloto-solicita-emergencia-em-pouso-no-aeroporto-santa-maria-em-aracaju.html\">G1<\/a> SE<\/span><\/span><\/strong><\/em><\/p>\n<p style=\"text-align: justify;\">O piloto do voo 6409 da companhia a\u00e9rea Azul, que saiu de Salvador com destino a Aracaju, solicitou emerg\u00eancia no pouso no Aeroporto Santa Maria, na capital sergipana. De acordo com a Empresa Brasileira de Infraestrutura Aeroportu\u00e1ria (Infraero), a aeronave pousou sem complica\u00e7\u00f5es \u00e0s 9h57 (hor\u00e1rio local) desta quarta-feira (18).<img loading=\"lazy\" decoding=\"async\" class=\"aligncenter size-full wp-image-99615\" src=\"http:\/\/senoticias.com.br\/se\/wp-content\/uploads\/2017\/01\/Azul-SE-Noticias-e1484774643354.jpg\" alt=\"Azul SE Noticias\" width=\"599\" height=\"449\" \/><\/p>\n<p style=\"text-align: justify;\">A\u00a0 Infraero informou que cumpriu os procedimentos do plano de emerg\u00eancia de rotina e que acionou equipes de salvamento em solo. A Azul disse que n\u00e3o h\u00e1 feridos e que todos os passageiros j\u00e1 desembarcaram. A aeronave passar\u00e1 por uma avalia\u00e7\u00e3o t\u00e9cnica.<\/p>\n<p style=\"text-align: justify;\">Uma funcion\u00e1ria do aeroporto, que preferiu n\u00e3o ser identificada, contou a equipe do<strong> G1<\/strong> que por medida de seguran\u00e7a o avi\u00e3o foi resfriado com L\u00edquido Gerador de Espuma (LGE).<\/p>\n<p style=\"text-align: justify;\"><strong>Leia abaixo a nota enviada pela companhia a\u00e9rea:<\/strong><\/p>\n<p style=\"text-align: justify;\"><em>&#8220;A Azul Linhas A\u00e9reas Brasileiras informa que, o voo 6409, que partiu de Salvador para Aracaju nesta manh\u00e3, declarou emerg\u00eancia ao pousar na capital do Sergipe, devido a um problema t\u00e9cnico na aeronave que fazia o trajeto. Os clientes foram desembarcados em seguran\u00e7a e a aeronave est\u00e1 sendo inspecionada pela equipe de manuten\u00e7\u00e3o da companhia.\u00a0<\/em><\/p>\n<p style=\"text-align: justify;\"><em>O voo 6410, que faria o trecho inverso na mesma aeronave, precisou ser cancelado e os clientes ser\u00e3o reacomodados em outras opera\u00e7\u00f5es da companhia ou de empresas cong\u00eaneres. A Azul informa ainda que os clientes est\u00e3o recebendo toda assist\u00eancia necess\u00e1ria, de acordo com a Resolu\u00e7\u00e3o 141 da Ag\u00eancia Nacional de Avia\u00e7\u00e3o Civil (Anac), e refor\u00e7a que medidas como esta s\u00e3o necess\u00e1rias para conferir a seguran\u00e7a de suas opera\u00e7\u00f5es.&#8221;<img loading=\"lazy\" decoding=\"async\" class=\"aligncenter size-full wp-image-99559\" src=\"http:\/\/senoticias.com.br\/se\/wp-content\/uploads\/2017\/01\/Logo-fone-1-2-1-2-2.jpg\" alt=\"Logo-fone-1-2-1-2\" width=\"599\" height=\"78\" srcset=\"https:\/\/senoticias.com.br\/se\/wp-content\/uploads\/2017\/01\/Logo-fone-1-2-1-2-2.jpg 599w, https:\/\/senoticias.com.br\/se\/wp-content\/uploads\/2017\/01\/Logo-fone-1-2-1-2-2-300x39.jpg 300w\" sizes=\"(max-width: 599px) 100vw, 599px\" \/><\/em><\/p>\n<p style=\"text-align: justify;\"><strong>Acompanhe tamb\u00e9m o SE Not\u00edcias no <a href=\"https:\/\/twitter.com\/Senoticias\">Twitter<\/a>, <a href=\"https:\/\/www.facebook.com\/PortalSENoticias\/\">Facebook <\/a>e no <a href=\"https:\/\/www.instagram.com\/senoticias\/\">Instagram<\/a><\/strong><\/p>\n","protected":false},"excerpt":{"rendered":"<p>Marina Fontenele, do G1 SE O piloto do voo 6409 da companhia a\u00e9rea Azul, que saiu de Salvador com destino a Aracaju, solicitou emerg\u00eancia no pouso no Aeroporto Santa Maria, na capital sergipana. De acordo com a Empresa Brasileira de Infraestrutura Aeroportu\u00e1ria (Infraero), a aeronave pousou sem complica\u00e7\u00f5es \u00e0s 9h57 (hor\u00e1rio local) desta quarta-feira (18). [&hellip;]<\/p>\n","protected":false},"author":2,"featured_media":99615,"comment_status":"closed","ping_status":"closed","sticky":false,"template":"","format":"standard","meta":{"footnotes":""},"categories":[15,8],"tags":[],"class_list":{"0":"post-99614","1":"post","2":"type-post","3":"status-publish","4":"format-standard","5":"has-post-thumbnail","7":"category-destaques","8":"category-esporte-e-cultura"},"_links":{"self":[{"href":"https:\/\/senoticias.com.br\/se\/wp-json\/wp\/v2\/posts\/99614"}],"collection":[{"href":"https:\/\/senoticias.com.br\/se\/wp-json\/wp\/v2\/posts"}],"about":[{"href":"https:\/\/senoticias.com.br\/se\/wp-json\/wp\/v2\/types\/post"}],"author":[{"embeddable":true,"href":"https:\/\/senoticias.com.br\/se\/wp-json\/wp\/v2\/users\/2"}],"replies":[{"embeddable":true,"href":"https:\/\/senoticias.com.br\/se\/wp-json\/wp\/v2\/comments?post=99614"}],"version-history":[{"count":0,"href":"https:\/\/senoticias.com.br\/se\/wp-json\/wp\/v2\/posts\/99614\/revisions"}],"wp:featuredmedia":[{"embeddable":true,"href":"https:\/\/senoticias.com.br\/se\/wp-json\/wp\/v2\/media\/99615"}],"wp:attachment":[{"href":"https:\/\/senoticias.com.br\/se\/wp-json\/wp\/v2\/media?parent=99614"}],"wp:term":[{"taxonomy":"category","embeddable":true,"href":"https:\/\/senoticias.com.br\/se\/wp-json\/wp\/v2\/categories?post=99614"},{"taxonomy":"post_tag","embeddable":true,"href":"https:\/\/senoticias.com.br\/se\/wp-json\/wp\/v2\/tags?post=99614"}],"curies":[{"name":"wp","href":"https:\/\/api.w.org\/{rel}","templated":true}]}}