{"id":99609,"date":"2017-01-18T06:26:00","date_gmt":"2017-01-18T09:26:00","guid":{"rendered":"http:\/\/senoticias.com.br\/se\/?p=99609"},"modified":"2017-01-19T06:01:58","modified_gmt":"2017-01-19T09:01:58","slug":"morre-engenheiro-nicanor-moura-apos-ser-alvejado-durante-assalto","status":"publish","type":"post","link":"https:\/\/senoticias.com.br\/se\/morre-engenheiro-nicanor-moura-apos-ser-alvejado-durante-assalto\/","title":{"rendered":"Morre Nicanor Moura, ap\u00f3s ser alvejado durante assalto na creche Almir do Picol\u00e9"},"content":{"rendered":"<p style=\"text-align: justify;\">Morreu na noite desta ter\u00e7a-feira (17), no hospital S\u00e3o Lucas, o engenheiro civil, Nicanor Moura, 67 anos, presidente da Associa\u00e7\u00e3o Brasileira de Engenheiros Civis e ex-coordenador da Defesa Civil.<\/p>\n<div id=\"attachment_99610\" style=\"width: 609px\" class=\"wp-caption aligncenter\"><img loading=\"lazy\" decoding=\"async\" aria-describedby=\"caption-attachment-99610\" class=\"size-full wp-image-99610\" src=\"http:\/\/senoticias.com.br\/se\/wp-content\/uploads\/2017\/01\/Nocanor-Moura-SE-Noticias-e1484731428894.jpg\" alt=\"Engenheiro reage a assalto, \u00e9 alvejado duas vezes e morre. Bandido foge e leva seu carro. (Foto: arquivo\/AAN)\" width=\"599\" height=\"397\" \/><p id=\"caption-attachment-99610\" class=\"wp-caption-text\">Engenheiro reage a assalto, \u00e9 alvejado duas vezes e morre. Bandido foge e leva seu carro. (Foto: arquivo\/AAN)<\/p><\/div>\n<p style=\"text-align: justify;\">Nicanor foi baleado na tarde desta ter\u00e7a, quando ele se encontrava na creche Almir do Picol\u00e9, no conjunto Piabeta, em Nossa Senhora do Socorro, na Grande Aracaju. Ele fazia uma doa\u00e7\u00e3o para a creche quando foi surpreendido por um elemento que de arma em punho anunciou o assalto, exigindo que ele entregasse a chave de seu carro.<\/p>\n<p style=\"text-align: justify;\">Ele entregou a chave do ve\u00edculo, mas seguiu o assaltante at\u00e9 o local onde o carro estava. Foi quando o bandido desferiu um tiro em sua perna. Um v\u00eddeo mostra que Nicanor se aproxima do carro e bate no vidro e novamente o assaltante atirou, s\u00f3 que dessa vez o tiro atingiu o t\u00f3rax.<\/p>\n<p style=\"text-align: justify;\">Ap\u00f3s ferir mortalmente o engenheiro, o assaltante saiu em disparada levando o carro que foi tomado de assalto. Logo na frente o bandido colidiu o carro em um muro. Eles desceu do carro e desapareceu.<\/p>\n<p style=\"text-align: justify;\"><img loading=\"lazy\" decoding=\"async\" class=\"aligncenter size-full wp-image-99559\" src=\"http:\/\/senoticias.com.br\/se\/wp-content\/uploads\/2017\/01\/Logo-fone-1-2-1-2-2.jpg\" alt=\"Logo-fone-1-2-1-2\" width=\"599\" height=\"78\" srcset=\"https:\/\/senoticias.com.br\/se\/wp-content\/uploads\/2017\/01\/Logo-fone-1-2-1-2-2.jpg 599w, https:\/\/senoticias.com.br\/se\/wp-content\/uploads\/2017\/01\/Logo-fone-1-2-1-2-2-300x39.jpg 300w\" sizes=\"(max-width: 599px) 100vw, 599px\" \/><\/p>\n<p style=\"text-align: justify;\"><strong>Acompanhe tamb\u00e9m o SE Not\u00edcias no <a href=\"https:\/\/twitter.com\/Senoticias\">Twitter<\/a>, <a href=\"https:\/\/www.facebook.com\/PortalSENoticias\/\">Facebook <\/a>e no <a href=\"https:\/\/www.instagram.com\/senoticias\/\">Instagram<\/a><\/strong><\/p>\n<p style=\"text-align: justify;\"><strong><em>Informa\u00e7\u00f5es do <a href=\"http:\/\/www.faxaju.com.br\/index.php\/2017\/01\/18\/45367\/\">Fax<\/a> Aju<\/em><\/strong><\/p>\n","protected":false},"excerpt":{"rendered":"<p>Morreu na noite desta ter\u00e7a-feira (17), no hospital S\u00e3o Lucas, o engenheiro civil, Nicanor Moura, 67 anos, presidente da Associa\u00e7\u00e3o Brasileira de Engenheiros Civis e ex-coordenador da Defesa Civil. Nicanor foi baleado na tarde desta ter\u00e7a, quando ele se encontrava na creche Almir do Picol\u00e9, no conjunto Piabeta, em Nossa Senhora do Socorro, na Grande [&hellip;]<\/p>\n","protected":false},"author":2,"featured_media":99610,"comment_status":"closed","ping_status":"closed","sticky":false,"template":"","format":"standard","meta":{"footnotes":""},"categories":[15,7],"tags":[],"class_list":{"0":"post-99609","1":"post","2":"type-post","3":"status-publish","4":"format-standard","5":"has-post-thumbnail","7":"category-destaques","8":"category-policia"},"_links":{"self":[{"href":"https:\/\/senoticias.com.br\/se\/wp-json\/wp\/v2\/posts\/99609"}],"collection":[{"href":"https:\/\/senoticias.com.br\/se\/wp-json\/wp\/v2\/posts"}],"about":[{"href":"https:\/\/senoticias.com.br\/se\/wp-json\/wp\/v2\/types\/post"}],"author":[{"embeddable":true,"href":"https:\/\/senoticias.com.br\/se\/wp-json\/wp\/v2\/users\/2"}],"replies":[{"embeddable":true,"href":"https:\/\/senoticias.com.br\/se\/wp-json\/wp\/v2\/comments?post=99609"}],"version-history":[{"count":0,"href":"https:\/\/senoticias.com.br\/se\/wp-json\/wp\/v2\/posts\/99609\/revisions"}],"wp:featuredmedia":[{"embeddable":true,"href":"https:\/\/senoticias.com.br\/se\/wp-json\/wp\/v2\/media\/99610"}],"wp:attachment":[{"href":"https:\/\/senoticias.com.br\/se\/wp-json\/wp\/v2\/media?parent=99609"}],"wp:term":[{"taxonomy":"category","embeddable":true,"href":"https:\/\/senoticias.com.br\/se\/wp-json\/wp\/v2\/categories?post=99609"},{"taxonomy":"post_tag","embeddable":true,"href":"https:\/\/senoticias.com.br\/se\/wp-json\/wp\/v2\/tags?post=99609"}],"curies":[{"name":"wp","href":"https:\/\/api.w.org\/{rel}","templated":true}]}}