{"id":99608,"date":"2017-01-17T22:49:10","date_gmt":"2017-01-18T01:49:10","guid":{"rendered":"http:\/\/senoticias.com.br\/se\/?p=99608"},"modified":"2017-01-17T22:49:10","modified_gmt":"2017-01-18T01:49:10","slug":"sintasa-recebe-denuncias-de-servidores-de-capela-e-neopolis","status":"publish","type":"post","link":"https:\/\/senoticias.com.br\/se\/sintasa-recebe-denuncias-de-servidores-de-capela-e-neopolis\/","title":{"rendered":"Sintasa recebe den\u00fancias de servidores de Capela e Ne\u00f3polis"},"content":{"rendered":"<div>\n<div style=\"text-align: justify;\">A diretoria do Sindicato dos Trabalhadores na \u00c1rea da Sa\u00fade do Estado de Sergipe (Sintasa) visitou as regionais de Capela e Ne\u00f3polis nessa segunda-feira, 16, e ouviu as reivindica\u00e7\u00f5es dos servidores e tamb\u00e9m para colher opini\u00f5es para a confec\u00e7\u00e3o do novo Acordo Coletivo 2017-2018 da Funda\u00e7\u00e3o Hospitalar de Sa\u00fade (FHS).<\/p>\n<div id=\"attachment_96337\" style=\"width: 341px\" class=\"wp-caption alignright\"><img loading=\"lazy\" decoding=\"async\" aria-describedby=\"caption-attachment-96337\" class=\"size-full wp-image-96337\" src=\"http:\/\/senoticias.com.br\/se\/wp-content\/uploads\/2016\/09\/Sintasa-SE-Noticias.jpg\" alt=\"Augusto Couto, presidente do Sintasa. (Foto:  Ascom\/Sintasa)\" width=\"331\" height=\"486\" srcset=\"https:\/\/senoticias.com.br\/se\/wp-content\/uploads\/2016\/09\/Sintasa-SE-Noticias.jpg 331w, https:\/\/senoticias.com.br\/se\/wp-content\/uploads\/2016\/09\/Sintasa-SE-Noticias-204x300.jpg 204w\" sizes=\"(max-width: 331px) 100vw, 331px\" \/><p id=\"caption-attachment-96337\" class=\"wp-caption-text\">Augusto Couto, presidente do Sintasa. (Foto: Ascom\/Sintasa)<\/p><\/div>\n<\/div>\n<div style=\"text-align: justify;\"><\/div>\n<div style=\"text-align: justify;\">Em Capela, o principal ponto foi sobre a transfer\u00eancia do servi\u00e7o de maternidade para o Hospital Regional de Nossa Senhora do Socorro. Eles n\u00e3o querem que ocorra esta mudan\u00e7a, mas se ocorrer que se mantenham as 12 horas e que tenham condi\u00e7\u00f5es de se locomover at\u00e9 o trabalho. Os servidores est\u00e3o angustiados e esperam que a Sintasa converse com a dire\u00e7\u00e3o da FHS para saber o andamento da situa\u00e7\u00e3o.<\/div>\n<div style=\"text-align: justify;\"><\/div>\n<div style=\"text-align: justify;\">Sobre o Acordo Coletivo, querem que exista a possibilidade para tr\u00eas folgas-pr\u00eamios dentro do ano, visto que atualmente s\u00f3 podem duas vezes. Querem tamb\u00e9m a possibilidade de mais trocas de servi\u00e7o, de prefer\u00eancia, mais de quatro vezes. No tocante \u00e0 alimenta\u00e7\u00e3o, reconhecem que houve uma melhora, mas assim mesmo, o card\u00e1pio ficaria limitado \u00e0 franco e carne mo\u00edda. E outra quest\u00e3o relacionada \u00e9 que denunciam a falta de nutricionista, at\u00e9 mesmo para os pacientes diab\u00e9ticos. Reclamam ainda que n\u00e3o existem farmac\u00eauticos.<\/div>\n<div><\/div>\n<div style=\"text-align: justify;\"><strong>Ne\u00f3polis<\/strong><\/p>\n<\/div>\n<div style=\"text-align: justify;\">Na Regional de Ne\u00f3polis, houve v\u00e1rias reclama\u00e7\u00f5es sobre a alimenta\u00e7\u00e3o que fica restrita \u00e0 frango e carne mo\u00edda, e quando tem suco, falta a salada. Eles denunciam que o hospital funciona como Unidade de Pronto-Atendimento com 16 leitos para uma enfermeira e quatro t\u00e9cnicos de enfermagem ou auxiliares de enfermagem, tanto pelo dia como pela noite.<\/div>\n<div style=\"text-align: justify;\"><\/div>\n<div style=\"text-align: justify;\">Eles apontam que a coordena\u00e7\u00e3o do hospital entregou ao setor de enfermagem uma resolu\u00e7\u00e3o informando que quando houver transfer\u00eancia de paciente \u00e9 preciso ir um t\u00e9cnico ou auxiliar de enfermagem acompanhando, contudo, as ambul\u00e2ncias das unidades s\u00e3o de atendimento b\u00e1sico.<\/div>\n<div style=\"text-align: justify;\"><\/div>\n<div style=\"text-align: justify;\">Outra reclama\u00e7\u00e3o \u00e9 que os auxiliares e t\u00e9cnicos de enfermagem que trabalham na Central de Material Esterilizado (CME) s\u00e3o os mesmos que ficam na \u00e1rea limpa, o que acaba sujando o local. Al\u00e9m disso, o material para desinfec\u00e7\u00e3o vai para a regional de Propri\u00e1 na ambul\u00e2ncia junto com os auxiliares e t\u00e9cnicos, o que acaba atrasando estes profissionais porque muitas vezes precisam esperar a desinfec\u00e7\u00e3o do material para retornar ao munic\u00edpio, uma vez que a autoclave do setor est\u00e1 sem funcionar.<\/div>\n<div style=\"text-align: justify;\"><\/div>\n<div style=\"text-align: justify;\"><img loading=\"lazy\" decoding=\"async\" class=\"aligncenter size-full wp-image-99559\" src=\"http:\/\/senoticias.com.br\/se\/wp-content\/uploads\/2017\/01\/Logo-fone-1-2-1-2-2.jpg\" alt=\"Logo-fone-1-2-1-2\" width=\"599\" height=\"78\" srcset=\"https:\/\/senoticias.com.br\/se\/wp-content\/uploads\/2017\/01\/Logo-fone-1-2-1-2-2.jpg 599w, https:\/\/senoticias.com.br\/se\/wp-content\/uploads\/2017\/01\/Logo-fone-1-2-1-2-2-300x39.jpg 300w\" sizes=\"(max-width: 599px) 100vw, 599px\" \/><\/div>\n<div style=\"text-align: justify;\"><\/div>\n<div style=\"text-align: justify;\"><strong>Acompanhe tamb\u00e9m o SE Not\u00edcias no <a href=\"https:\/\/twitter.com\/Senoticias\">Twitter<\/a>, <a href=\"https:\/\/www.facebook.com\/PortalSENoticias\/\">Facebook <\/a>e no <a href=\"https:\/\/www.instagram.com\/senoticias\/\">Instagram<\/a><\/strong><\/div>\n<div style=\"text-align: justify;\"><\/div>\n<\/div>\n<div><\/div>\n<div><\/div>\n<div><b>Assessoria de Comunica\u00e7\u00e3o\/Sintasa<\/b><\/div>\n","protected":false},"excerpt":{"rendered":"<p>A diretoria do Sindicato dos Trabalhadores na \u00c1rea da Sa\u00fade do Estado de Sergipe (Sintasa) visitou as regionais de Capela e Ne\u00f3polis nessa segunda-feira, 16, e ouviu as reivindica\u00e7\u00f5es dos servidores e tamb\u00e9m para colher opini\u00f5es para a confec\u00e7\u00e3o do novo Acordo Coletivo 2017-2018 da Funda\u00e7\u00e3o Hospitalar de Sa\u00fade (FHS). Em Capela, o principal ponto [&hellip;]<\/p>\n","protected":false},"author":2,"featured_media":96337,"comment_status":"closed","ping_status":"closed","sticky":false,"template":"","format":"standard","meta":{"footnotes":""},"categories":[6],"tags":[],"class_list":{"0":"post-99608","1":"post","2":"type-post","3":"status-publish","4":"format-standard","5":"has-post-thumbnail","7":"category-politica"},"_links":{"self":[{"href":"https:\/\/senoticias.com.br\/se\/wp-json\/wp\/v2\/posts\/99608"}],"collection":[{"href":"https:\/\/senoticias.com.br\/se\/wp-json\/wp\/v2\/posts"}],"about":[{"href":"https:\/\/senoticias.com.br\/se\/wp-json\/wp\/v2\/types\/post"}],"author":[{"embeddable":true,"href":"https:\/\/senoticias.com.br\/se\/wp-json\/wp\/v2\/users\/2"}],"replies":[{"embeddable":true,"href":"https:\/\/senoticias.com.br\/se\/wp-json\/wp\/v2\/comments?post=99608"}],"version-history":[{"count":0,"href":"https:\/\/senoticias.com.br\/se\/wp-json\/wp\/v2\/posts\/99608\/revisions"}],"wp:featuredmedia":[{"embeddable":true,"href":"https:\/\/senoticias.com.br\/se\/wp-json\/wp\/v2\/media\/96337"}],"wp:attachment":[{"href":"https:\/\/senoticias.com.br\/se\/wp-json\/wp\/v2\/media?parent=99608"}],"wp:term":[{"taxonomy":"category","embeddable":true,"href":"https:\/\/senoticias.com.br\/se\/wp-json\/wp\/v2\/categories?post=99608"},{"taxonomy":"post_tag","embeddable":true,"href":"https:\/\/senoticias.com.br\/se\/wp-json\/wp\/v2\/tags?post=99608"}],"curies":[{"name":"wp","href":"https:\/\/api.w.org\/{rel}","templated":true}]}}