{"id":99606,"date":"2017-01-17T22:30:31","date_gmt":"2017-01-18T01:30:31","guid":{"rendered":"http:\/\/senoticias.com.br\/se\/?p=99606"},"modified":"2017-01-17T22:30:31","modified_gmt":"2017-01-18T01:30:31","slug":"eduardo-amorim-visita-campus-da-ufs-em-lagarto","status":"publish","type":"post","link":"https:\/\/senoticias.com.br\/se\/eduardo-amorim-visita-campus-da-ufs-em-lagarto\/","title":{"rendered":"Eduardo Amorim visita campus da UFS em Lagarto"},"content":{"rendered":"<p style=\"text-align: justify;\">Os senadores Valadares, Eduardo Amorim e o deputado federal Valadares Filho estiveram na cidade de Lagarto, na manh\u00e3 desta ter\u00e7a-feira, 17, para ver de perto o andamento das obras do Centro de Simula\u00e7\u00e3o e Pr\u00e1ticas que est\u00e1 sendo constru\u00eddo no Campus Universit\u00e1rio da referida cidade. Na ocasi\u00e3o, o reitor Angelo Antoniolli agradeceu aos presentes pela emenda encaminhada no valor de R$ 7,3 milh\u00f5es, em nome de todos os que comp\u00f5em a bancada federal.<\/p>\n<div id=\"attachment_99607\" style=\"width: 609px\" class=\"wp-caption aligncenter\"><img loading=\"lazy\" decoding=\"async\" aria-describedby=\"caption-attachment-99607\" class=\"size-full wp-image-99607\" src=\"http:\/\/senoticias.com.br\/se\/wp-content\/uploads\/2017\/01\/Eduardo-Gomes-SE-noticias-e1484702959411.jpg\" alt=\"Eduardo Amorim visita campus da UFS em Lagarto\" width=\"599\" height=\"399\" \/><p id=\"caption-attachment-99607\" class=\"wp-caption-text\">Eduardo Amorim visita campus da UFS em Lagarto. (Foto: ascom\/Eduardo Amorim)<\/p><\/div>\n<p style=\"text-align: justify;\">\u201cTemos atualmente uma equipe de nove m\u00e9dicos especializados que j\u00e1 est\u00e3o atendendo atrav\u00e9s da Universidade, ou seja, toda regi\u00e3o est\u00e1 sendo contemplada, a exemplo de Sim\u00e3o Dias, Po\u00e7o Verde, Tobias Barreto, Riach\u00e3o e Salgado com a parceria que n\u00f3s fizemos da Universidade com o munic\u00edpio de Lagarto\u201d, relatou o prefeito Valmir Monteiro.<\/p>\n<p style=\"text-align: justify;\">Segundo Eduardo Amorim j\u00e1 faz muitos anos que Sergipe n\u00e3o empenhava uma emenda de bancada, mas que dessa vez a Universidade tinha sido 100% contemplada. \u201cEssa \u00e9 a Universidade que forma, educa, prepara os novos profissionais da sa\u00fade e ajuda a tratar, a amenizar o sofrimento e ainda mant\u00eam a vida de milhares de sergipanos. Foram duas emendas empenhadas: para o campus de Lagarto e para o Sert\u00e3o, no valor de aproximadamente R$ 7,3 milh\u00f5es para cada uma. Independente de quem tenha as colocado, a vit\u00f3ria \u00e9 da bancada e do povo sergipano. De fato \u00e9 uma etapa muito especial para todos n\u00f3s\u201d, declarou Eduardo.<\/p>\n<p style=\"text-align: justify;\">O reitor Antoniolli falou que a sua felicidade \u00e9 poder sempre contar com os parlamentares sergipanos e que percebe a grande preocupa\u00e7\u00e3o de todos no quesito Educa\u00e7\u00e3o. \u201cEles trazem um compromisso conjunto da bancada com a Universidade. Fa\u00e7o quest\u00e3o de convidar e mostrar o que estamos fazendo atrav\u00e9s do empenho deles. Este \u00e9 o primeiro Centro para Forma\u00e7\u00e3o e Treinamento de Profissionais de Sa\u00fade com estas caracter\u00edsticas aqui no Nordeste. Espero que possamos prosperar ainda mais\u201d, concluiu.<\/p>\n<p><strong>No Gabinete<\/strong><\/p>\n<p style=\"text-align: justify;\">Assim que chegou em Lagarto, o senador Eduardo foi at\u00e9 o gabinete do prefeito Valmir para discutir sobre as necessidades da sua nova gest\u00e3o, e mais uma vez se colocou \u00e0 disposi\u00e7\u00e3o para o que for preciso. \u201cJ\u00e1 fomos parceiros e continuaremos sendo. Sabemos das dificuldades que voc\u00ea j\u00e1 est\u00e1 enfrentando, mas nada que o fa\u00e7a esmorecer. Vamos seguir e vencer juntos todos os obst\u00e1culos!\u201d, finalizou Eduardo.<\/p>\n<p style=\"text-align: justify;\"><img loading=\"lazy\" decoding=\"async\" class=\"aligncenter size-full wp-image-99559\" src=\"http:\/\/senoticias.com.br\/se\/wp-content\/uploads\/2017\/01\/Logo-fone-1-2-1-2-2.jpg\" alt=\"Logo-fone-1-2-1-2\" width=\"599\" height=\"78\" srcset=\"https:\/\/senoticias.com.br\/se\/wp-content\/uploads\/2017\/01\/Logo-fone-1-2-1-2-2.jpg 599w, https:\/\/senoticias.com.br\/se\/wp-content\/uploads\/2017\/01\/Logo-fone-1-2-1-2-2-300x39.jpg 300w\" sizes=\"(max-width: 599px) 100vw, 599px\" \/><\/p>\n<p style=\"text-align: justify;\"><strong>Acompanhe tamb\u00e9m o SE Not\u00edcias no<\/strong><span class=\"apple-converted-space\"><b>\u00a0<\/b><\/span><strong><a href=\"https:\/\/twitter.com\/Senoticias\" target=\"_blank\">Twitter<\/a>,<\/strong><span class=\"apple-converted-space\"><b>\u00a0<\/b><\/span><strong><a href=\"https:\/\/www.facebook.com\/senoticias1\" target=\"_blank\">Facebook<span class=\"apple-converted-space\">\u00a0<\/span><\/a>e no<\/strong><span class=\"apple-converted-space\"><b>\u00a0<\/b><\/span><strong><a href=\"https:\/\/www.instagram.com\/senoticias\/\" target=\"_blank\">Instagram<\/a><\/strong><\/p>\n<p style=\"text-align: justify;\"><strong>Assessoria de Imprensa<\/strong><\/p>\n<p><em>Senador Eduardo Amorim (PSC-SE)<\/em><\/p>\n","protected":false},"excerpt":{"rendered":"<p>Os senadores Valadares, Eduardo Amorim e o deputado federal Valadares Filho estiveram na cidade de Lagarto, na manh\u00e3 desta ter\u00e7a-feira, 17, para ver de perto o andamento das obras do Centro de Simula\u00e7\u00e3o e Pr\u00e1ticas que est\u00e1 sendo constru\u00eddo no Campus Universit\u00e1rio da referida cidade. Na ocasi\u00e3o, o reitor Angelo Antoniolli agradeceu aos presentes pela [&hellip;]<\/p>\n","protected":false},"author":2,"featured_media":99607,"comment_status":"closed","ping_status":"closed","sticky":false,"template":"","format":"standard","meta":{"footnotes":""},"categories":[15,6],"tags":[],"class_list":{"0":"post-99606","1":"post","2":"type-post","3":"status-publish","4":"format-standard","5":"has-post-thumbnail","7":"category-destaques","8":"category-politica"},"_links":{"self":[{"href":"https:\/\/senoticias.com.br\/se\/wp-json\/wp\/v2\/posts\/99606"}],"collection":[{"href":"https:\/\/senoticias.com.br\/se\/wp-json\/wp\/v2\/posts"}],"about":[{"href":"https:\/\/senoticias.com.br\/se\/wp-json\/wp\/v2\/types\/post"}],"author":[{"embeddable":true,"href":"https:\/\/senoticias.com.br\/se\/wp-json\/wp\/v2\/users\/2"}],"replies":[{"embeddable":true,"href":"https:\/\/senoticias.com.br\/se\/wp-json\/wp\/v2\/comments?post=99606"}],"version-history":[{"count":0,"href":"https:\/\/senoticias.com.br\/se\/wp-json\/wp\/v2\/posts\/99606\/revisions"}],"wp:featuredmedia":[{"embeddable":true,"href":"https:\/\/senoticias.com.br\/se\/wp-json\/wp\/v2\/media\/99607"}],"wp:attachment":[{"href":"https:\/\/senoticias.com.br\/se\/wp-json\/wp\/v2\/media?parent=99606"}],"wp:term":[{"taxonomy":"category","embeddable":true,"href":"https:\/\/senoticias.com.br\/se\/wp-json\/wp\/v2\/categories?post=99606"},{"taxonomy":"post_tag","embeddable":true,"href":"https:\/\/senoticias.com.br\/se\/wp-json\/wp\/v2\/tags?post=99606"}],"curies":[{"name":"wp","href":"https:\/\/api.w.org\/{rel}","templated":true}]}}