{"id":99604,"date":"2017-01-17T22:17:37","date_gmt":"2017-01-18T01:17:37","guid":{"rendered":"http:\/\/senoticias.com.br\/se\/?p=99604"},"modified":"2017-01-20T19:37:54","modified_gmt":"2017-01-20T22:37:54","slug":"ministerio-da-justica-confirma-envio-de-120-homens-da-forca-nacional-para-sergipe","status":"publish","type":"post","link":"https:\/\/senoticias.com.br\/se\/ministerio-da-justica-confirma-envio-de-120-homens-da-forca-nacional-para-sergipe\/","title":{"rendered":"Minist\u00e9rio da Justi\u00e7a confirma envio de 120 homens da For\u00e7a Nacional para Sergipe"},"content":{"rendered":"<p style=\"text-align: justify;\">O Minist\u00e9rio da Justi\u00e7a (MJ) confirmou na tarde desta ter\u00e7a-feira ,17, que a For\u00e7a Nacional de Seguran\u00e7a P\u00fablica chegar\u00e1 em Aracaju entre os dias 13 a 17 de fevereiro. A informa\u00e7\u00e3o fez parte das discuss\u00f5es em torno do Plano Nacional de Seguran\u00e7a, debatido entre o secret\u00e1rio da Seguran\u00e7a P\u00fablica de Sergipe, Jo\u00e3o Batista Santos J\u00fanior, o ministro da Justi\u00e7a, Alexandre de Moraes, e o secret\u00e1rio Nacional de Seguran\u00e7a P\u00fablica, Celso Perioli.<\/p>\n<div id=\"attachment_99605\" style=\"width: 609px\" class=\"wp-caption aligncenter\"><img loading=\"lazy\" decoding=\"async\" aria-describedby=\"caption-attachment-99605\" class=\"size-full wp-image-99605\" src=\"http:\/\/senoticias.com.br\/se\/wp-content\/uploads\/2017\/01\/Forca-Nacional-SE-Noticias-e1484702122348.jpg\" alt=\"For\u00e7a Nacional chegar\u00e1 no estado entre 13 e 17 de fevereiro. Viaturas, armas e outros equipamentos tamb\u00e9m ser\u00e3o destinado a Sergipe pelo Governo Federal\" width=\"599\" height=\"449\" \/><p id=\"caption-attachment-99605\" class=\"wp-caption-text\">For\u00e7a Nacional chegar\u00e1 no estado entre 13 e 17 de fevereiro. Viaturas, armas e outros equipamentos tamb\u00e9m ser\u00e3o destinado a Sergipe pelo Governo Federal. (Isaac Amorim)<\/p><\/div>\n<p style=\"text-align: justify;\">O MJ revelou que ser\u00e3o enviados, inicialmente, para Sergipe, 120 integrantes da For\u00e7a Nacional, com viaturas, armamentos e equipamentos pr\u00f3prios do Governo Federal. Toda o planejamento operacional ser\u00e1 coordenado pela Secretaria da Seguran\u00e7a P\u00fablica de Sergipe, com equipes mistas da For\u00e7a Nacional e pol\u00edcias estaduais.<\/p>\n<p style=\"text-align: justify;\">Estiveram presentes na reuni\u00e3o representantes da SSP do Rio Grande do Sul e Rio Grande do Norte, que tamb\u00e9m receber\u00e3o a\u00e7\u00f5es do Plano Nacional. Na aplica\u00e7\u00e3o do Plano, ainda est\u00e3o previstas a\u00e7\u00f5es de enfrentamento ao feminic\u00eddio, homic\u00eddios contra a popula\u00e7\u00e3o negra, e trabalhos integrados com a Pol\u00edcia Rodovi\u00e1ria Federal e Pol\u00edcia Federal.<\/p>\n<p style=\"text-align: justify;\">O secret\u00e1rio Jo\u00e3o Batista agradeceu o empenho do Minist\u00e9rio da Justi\u00e7a e disse que Sergipe est\u00e1 pronto para receber os esfor\u00e7os previstos no Plano Nacional. \u201cDesde novembro estamos prontos. Alinhamos uma discuss\u00e3o permanente com diversas Secretarias do Minist\u00e9rio da Justi\u00e7a e todos os esfor\u00e7os ser\u00e3o importantes para combater a criminalidade em nosso estado\u201d, afirmou o secret\u00e1rio Jo\u00e3o Batista.<\/p>\n<p style=\"text-align: justify;\">Ser\u00e3o investidos no Plano, quites de antitumulto, equipamentos para transporte de presos, aquisi\u00e7\u00e3o e doa\u00e7\u00e3o de equipamentos para fiscaliza\u00e7\u00e3o eletr\u00f4nica e investimento para a constru\u00e7\u00e3o de pres\u00eddios. O secret\u00e1rio da Justi\u00e7a e Cidadania, Cristiano Barreto, ainda se reuniu com representantes do Departamento Penitenci\u00e1rio Nacional do MJ para discutir os investimentos em Sergipe.<\/p>\n<p style=\"text-align: justify;\"><img loading=\"lazy\" decoding=\"async\" class=\"aligncenter size-full wp-image-99559\" src=\"http:\/\/senoticias.com.br\/se\/wp-content\/uploads\/2017\/01\/Logo-fone-1-2-1-2-2.jpg\" alt=\"Logo-fone-1-2-1-2\" width=\"599\" height=\"78\" srcset=\"https:\/\/senoticias.com.br\/se\/wp-content\/uploads\/2017\/01\/Logo-fone-1-2-1-2-2.jpg 599w, https:\/\/senoticias.com.br\/se\/wp-content\/uploads\/2017\/01\/Logo-fone-1-2-1-2-2-300x39.jpg 300w\" sizes=\"(max-width: 599px) 100vw, 599px\" \/>A<strong>companhe tamb\u00e9m o SE Not\u00edcias no<\/strong><span class=\"apple-converted-space\"><b>\u00a0<\/b><\/span><strong><a href=\"https:\/\/twitter.com\/Senoticias\" target=\"_blank\">Twitter<\/a>,<\/strong><span class=\"apple-converted-space\"><b>\u00a0<\/b><\/span><strong><a href=\"https:\/\/www.facebook.com\/senoticias1\" target=\"_blank\">Facebook<span class=\"apple-converted-space\">\u00a0<\/span><\/a>e no<\/strong><span class=\"apple-converted-space\"><b>\u00a0<\/b><\/span><strong><a href=\"https:\/\/www.instagram.com\/senoticias\/\" target=\"_blank\">Instagram<\/a><\/strong><\/p>\n<p style=\"text-align: justify;\"><strong><em>Ag\u00eancia Sergipe de Not\u00edcias<\/em><\/strong><\/p>\n","protected":false},"excerpt":{"rendered":"<p>O Minist\u00e9rio da Justi\u00e7a (MJ) confirmou na tarde desta ter\u00e7a-feira ,17, que a For\u00e7a Nacional de Seguran\u00e7a P\u00fablica chegar\u00e1 em Aracaju entre os dias 13 a 17 de fevereiro. A informa\u00e7\u00e3o fez parte das discuss\u00f5es em torno do Plano Nacional de Seguran\u00e7a, debatido entre o secret\u00e1rio da Seguran\u00e7a P\u00fablica de Sergipe, Jo\u00e3o Batista Santos J\u00fanior, [&hellip;]<\/p>\n","protected":false},"author":2,"featured_media":99605,"comment_status":"closed","ping_status":"closed","sticky":false,"template":"","format":"standard","meta":{"footnotes":""},"categories":[15,7],"tags":[],"class_list":{"0":"post-99604","1":"post","2":"type-post","3":"status-publish","4":"format-standard","5":"has-post-thumbnail","7":"category-destaques","8":"category-policia"},"_links":{"self":[{"href":"https:\/\/senoticias.com.br\/se\/wp-json\/wp\/v2\/posts\/99604"}],"collection":[{"href":"https:\/\/senoticias.com.br\/se\/wp-json\/wp\/v2\/posts"}],"about":[{"href":"https:\/\/senoticias.com.br\/se\/wp-json\/wp\/v2\/types\/post"}],"author":[{"embeddable":true,"href":"https:\/\/senoticias.com.br\/se\/wp-json\/wp\/v2\/users\/2"}],"replies":[{"embeddable":true,"href":"https:\/\/senoticias.com.br\/se\/wp-json\/wp\/v2\/comments?post=99604"}],"version-history":[{"count":0,"href":"https:\/\/senoticias.com.br\/se\/wp-json\/wp\/v2\/posts\/99604\/revisions"}],"wp:featuredmedia":[{"embeddable":true,"href":"https:\/\/senoticias.com.br\/se\/wp-json\/wp\/v2\/media\/99605"}],"wp:attachment":[{"href":"https:\/\/senoticias.com.br\/se\/wp-json\/wp\/v2\/media?parent=99604"}],"wp:term":[{"taxonomy":"category","embeddable":true,"href":"https:\/\/senoticias.com.br\/se\/wp-json\/wp\/v2\/categories?post=99604"},{"taxonomy":"post_tag","embeddable":true,"href":"https:\/\/senoticias.com.br\/se\/wp-json\/wp\/v2\/tags?post=99604"}],"curies":[{"name":"wp","href":"https:\/\/api.w.org\/{rel}","templated":true}]}}