{"id":99600,"date":"2017-01-17T17:47:18","date_gmt":"2017-01-17T20:47:18","guid":{"rendered":"http:\/\/senoticias.com.br\/se\/?p=99600"},"modified":"2017-01-17T17:47:18","modified_gmt":"2017-01-17T20:47:18","slug":"policia-prende-homem-com-5kg-de-maconha-no-bairro-jabotiana","status":"publish","type":"post","link":"https:\/\/senoticias.com.br\/se\/policia-prende-homem-com-5kg-de-maconha-no-bairro-jabotiana\/","title":{"rendered":"Pol\u00edcia prende homem com 5Kg de maconha no bairro Jabotiana"},"content":{"rendered":"<p style=\"text-align: justify;\">A Pol\u00edcia Militar, por meio do Batalh\u00e3o de Pol\u00edcia de Radiopatrulha (BPRp), e a Pol\u00edcia Civil, por meio do Departamento de Narc\u00f3ticos &#8211; Denarc, prendeu na manh\u00e3 desta ter\u00e7a-feira, 17, M\u00e1rcio Menezes de Jesus, 33 anos, acusado de transportar 5Kg de maconha no conjunto JK, bairro Jabotiana, em Aracaju.<\/p>\n<div id=\"attachment_99601\" style=\"width: 609px\" class=\"wp-caption aligncenter\"><img loading=\"lazy\" decoding=\"async\" aria-describedby=\"caption-attachment-99601\" class=\"size-full wp-image-99601\" src=\"http:\/\/senoticias.com.br\/se\/wp-content\/uploads\/2017\/01\/Drogas-apreendidas-na-Jabotiana-SE-Noticias-e1484685974191.jpg\" alt=\"O suspeito informou ter sido preso por roubos e falsidade ideol\u00f3gica no estado de S\u00e3o Paulo\" width=\"599\" height=\"347\" \/><p id=\"caption-attachment-99601\" class=\"wp-caption-text\">O suspeito informou ter sido preso por roubos e falsidade ideol\u00f3gica no estado de S\u00e3o Paulo. (Foto: PM\/SE)<\/p><\/div>\n<p style=\"text-align: justify;\">O suspeito circulava em um ve\u00edculo Ecosport, cor preta, placa de S\u00e3o Paulo, onde foram encontradas duas trouxas de maconha e duas de coca\u00edna. Na resid\u00eancia do suspeito, a Pol\u00edcia encontrou tabletes maconha com cerca de 5,63kg e cerca 415g de coca\u00edna, al\u00e9m de uma balan\u00e7a de precis\u00e3o e cinco muni\u00e7\u00f5es calibre 380.<\/p>\n<p style=\"text-align: justify;\">\n<p style=\"text-align: justify;\">Natural de Aracaju, M\u00e1rcio Menezes informou ter sido preso por alguns roubos e falsidade ideol\u00f3gica no Estado de S\u00e3o Paulo, j\u00e1 tendo cumprido as penas correspondentes.<\/p>\n<p style=\"text-align: justify;\"><img loading=\"lazy\" decoding=\"async\" class=\"aligncenter size-full wp-image-99559\" src=\"http:\/\/senoticias.com.br\/se\/wp-content\/uploads\/2017\/01\/Logo-fone-1-2-1-2-2.jpg\" alt=\"Logo-fone-1-2-1-2\" width=\"599\" height=\"78\" srcset=\"https:\/\/senoticias.com.br\/se\/wp-content\/uploads\/2017\/01\/Logo-fone-1-2-1-2-2.jpg 599w, https:\/\/senoticias.com.br\/se\/wp-content\/uploads\/2017\/01\/Logo-fone-1-2-1-2-2-300x39.jpg 300w\" sizes=\"(max-width: 599px) 100vw, 599px\" \/><\/p>\n<p style=\"text-align: justify;\"><em><strong>Acompanhe tamb\u00e9m o SE Not\u00edcias no<\/strong><span class=\"apple-converted-space\"><b>\u00a0<\/b><\/span><strong><a href=\"https:\/\/twitter.com\/Senoticias\" target=\"_blank\">Twitter<\/a>,<\/strong><span class=\"apple-converted-space\"><b>\u00a0<\/b><\/span><strong><a href=\"https:\/\/www.facebook.com\/senoticias1\" target=\"_blank\">Facebook<span class=\"apple-converted-space\">\u00a0<\/span><\/a>e no<\/strong><span class=\"apple-converted-space\"><b>\u00a0<\/b><\/span><strong><a href=\"https:\/\/www.instagram.com\/senoticias\/\" target=\"_blank\">Instagram<\/a><\/strong><\/em><\/p>\n<p style=\"text-align: justify;\">Ascom\/PM\/SE<\/p>\n","protected":false},"excerpt":{"rendered":"<p>A Pol\u00edcia Militar, por meio do Batalh\u00e3o de Pol\u00edcia de Radiopatrulha (BPRp), e a Pol\u00edcia Civil, por meio do Departamento de Narc\u00f3ticos &#8211; Denarc, prendeu na manh\u00e3 desta ter\u00e7a-feira, 17, M\u00e1rcio Menezes de Jesus, 33 anos, acusado de transportar 5Kg de maconha no conjunto JK, bairro Jabotiana, em Aracaju. O suspeito circulava em um ve\u00edculo [&hellip;]<\/p>\n","protected":false},"author":2,"featured_media":99601,"comment_status":"closed","ping_status":"closed","sticky":false,"template":"","format":"standard","meta":{"footnotes":""},"categories":[7],"tags":[],"class_list":{"0":"post-99600","1":"post","2":"type-post","3":"status-publish","4":"format-standard","5":"has-post-thumbnail","7":"category-policia"},"_links":{"self":[{"href":"https:\/\/senoticias.com.br\/se\/wp-json\/wp\/v2\/posts\/99600"}],"collection":[{"href":"https:\/\/senoticias.com.br\/se\/wp-json\/wp\/v2\/posts"}],"about":[{"href":"https:\/\/senoticias.com.br\/se\/wp-json\/wp\/v2\/types\/post"}],"author":[{"embeddable":true,"href":"https:\/\/senoticias.com.br\/se\/wp-json\/wp\/v2\/users\/2"}],"replies":[{"embeddable":true,"href":"https:\/\/senoticias.com.br\/se\/wp-json\/wp\/v2\/comments?post=99600"}],"version-history":[{"count":0,"href":"https:\/\/senoticias.com.br\/se\/wp-json\/wp\/v2\/posts\/99600\/revisions"}],"wp:featuredmedia":[{"embeddable":true,"href":"https:\/\/senoticias.com.br\/se\/wp-json\/wp\/v2\/media\/99601"}],"wp:attachment":[{"href":"https:\/\/senoticias.com.br\/se\/wp-json\/wp\/v2\/media?parent=99600"}],"wp:term":[{"taxonomy":"category","embeddable":true,"href":"https:\/\/senoticias.com.br\/se\/wp-json\/wp\/v2\/categories?post=99600"},{"taxonomy":"post_tag","embeddable":true,"href":"https:\/\/senoticias.com.br\/se\/wp-json\/wp\/v2\/tags?post=99600"}],"curies":[{"name":"wp","href":"https:\/\/api.w.org\/{rel}","templated":true}]}}