{"id":99598,"date":"2017-01-17T17:13:58","date_gmt":"2017-01-17T20:13:58","guid":{"rendered":"http:\/\/senoticias.com.br\/se\/?p=99598"},"modified":"2017-01-17T17:13:58","modified_gmt":"2017-01-17T20:13:58","slug":"vereador-jason-neto-faz-visita-de-cortesia-a-clovis-barbosa","status":"publish","type":"post","link":"https:\/\/senoticias.com.br\/se\/vereador-jason-neto-faz-visita-de-cortesia-a-clovis-barbosa\/","title":{"rendered":"Vereador Jason Neto faz visita de cortesia a Cl\u00f3vis Barbosa"},"content":{"rendered":"<p style=\"text-align: justify;\">Na manh\u00e3 desta ter\u00e7a-feira (17), o vereador Jason Neto (PDT), esteve na sede do Tribunal de Contas do Estado (TCE) para visita de cortesia ao presidente, Cl\u00f3vis Barbosa. O objetivo de Jason com a visita foi apresentar ao presidente, proposi\u00e7\u00f5es de sua autoria que visam combater preju\u00edzos ao er\u00e1rio, e informar de seu compromisso com a \u00e9tica e o zelo no uso das verbas indenizat\u00f3rias.<\/p>\n<div id=\"attachment_99599\" style=\"width: 609px\" class=\"wp-caption aligncenter\"><img loading=\"lazy\" decoding=\"async\" aria-describedby=\"caption-attachment-99599\" class=\"size-full wp-image-99599\" src=\"http:\/\/senoticias.com.br\/se\/wp-content\/uploads\/2017\/01\/Clovis-Barbosa-e-Jason-Neto-SE-Noticias-e1484683804178.jpg\" alt=\"Em busca de transpar\u00eancia para o seu mandato, o vereador Jason Neto faz visita ao presidente do Tribunal de Contas do Estado de Sergipe (TCE). (Foto: divulga\u00e7\u00e3o\/Ascom) \" width=\"599\" height=\"460\" \/><p id=\"caption-attachment-99599\" class=\"wp-caption-text\">Em busca de transpar\u00eancia para o seu mandato, o vereador Jason Neto faz visita ao presidente do Tribunal de Contas do Estado de Sergipe (TCE). (Foto: divulga\u00e7\u00e3o\/Ascom)<\/p><\/div>\n<p style=\"text-align: justify;\">O vereador aproveitou a oportunidade e parabenizou Cl\u00f3vis Barbosa, com extens\u00e3o aos demais conselheiros, pelo esfor\u00e7o empreendido em 2016 quando o TCE desenvolveu v\u00e1rias a\u00e7\u00f5es contra a corrup\u00e7\u00e3o e a m\u00e1 gest\u00e3o. Ao final num papo amistoso conversaram sobre o Clube Esportivo Sergipe, paix\u00e3o em comum, e sobre o esporte sergipano.<\/p>\n<p style=\"text-align: justify;\"><img loading=\"lazy\" decoding=\"async\" class=\"aligncenter size-full wp-image-99559\" src=\"http:\/\/senoticias.com.br\/se\/wp-content\/uploads\/2017\/01\/Logo-fone-1-2-1-2-2.jpg\" alt=\"Logo-fone-1-2-1-2\" width=\"599\" height=\"78\" srcset=\"https:\/\/senoticias.com.br\/se\/wp-content\/uploads\/2017\/01\/Logo-fone-1-2-1-2-2.jpg 599w, https:\/\/senoticias.com.br\/se\/wp-content\/uploads\/2017\/01\/Logo-fone-1-2-1-2-2-300x39.jpg 300w\" sizes=\"(max-width: 599px) 100vw, 599px\" \/><\/p>\n<p style=\"text-align: justify;\"><em><strong>Acompanhe tamb\u00e9m o SE Not\u00edcias no<\/strong><span class=\"apple-converted-space\"><b>\u00a0<\/b><\/span><strong><a href=\"https:\/\/twitter.com\/Senoticias\" target=\"_blank\">Twitter<\/a>,<\/strong><span class=\"apple-converted-space\"><b>\u00a0<\/b><\/span><strong><a href=\"https:\/\/www.facebook.com\/senoticias1\" target=\"_blank\">Facebook<span class=\"apple-converted-space\">\u00a0<\/span><\/a>e no<\/strong><span class=\"apple-converted-space\"><b>\u00a0<\/b><\/span><strong><a href=\"https:\/\/www.instagram.com\/senoticias\/\" target=\"_blank\">Instagram<\/a><\/strong><\/em><\/p>\n<p style=\"text-align: justify;\"><em>Da Assessoria de Imprensa<\/em><\/p>\n","protected":false},"excerpt":{"rendered":"<p>Na manh\u00e3 desta ter\u00e7a-feira (17), o vereador Jason Neto (PDT), esteve na sede do Tribunal de Contas do Estado (TCE) para visita de cortesia ao presidente, Cl\u00f3vis Barbosa. O objetivo de Jason com a visita foi apresentar ao presidente, proposi\u00e7\u00f5es de sua autoria que visam combater preju\u00edzos ao er\u00e1rio, e informar de seu compromisso com [&hellip;]<\/p>\n","protected":false},"author":2,"featured_media":99599,"comment_status":"closed","ping_status":"closed","sticky":false,"template":"","format":"standard","meta":{"footnotes":""},"categories":[6],"tags":[],"class_list":{"0":"post-99598","1":"post","2":"type-post","3":"status-publish","4":"format-standard","5":"has-post-thumbnail","7":"category-politica"},"_links":{"self":[{"href":"https:\/\/senoticias.com.br\/se\/wp-json\/wp\/v2\/posts\/99598"}],"collection":[{"href":"https:\/\/senoticias.com.br\/se\/wp-json\/wp\/v2\/posts"}],"about":[{"href":"https:\/\/senoticias.com.br\/se\/wp-json\/wp\/v2\/types\/post"}],"author":[{"embeddable":true,"href":"https:\/\/senoticias.com.br\/se\/wp-json\/wp\/v2\/users\/2"}],"replies":[{"embeddable":true,"href":"https:\/\/senoticias.com.br\/se\/wp-json\/wp\/v2\/comments?post=99598"}],"version-history":[{"count":0,"href":"https:\/\/senoticias.com.br\/se\/wp-json\/wp\/v2\/posts\/99598\/revisions"}],"wp:featuredmedia":[{"embeddable":true,"href":"https:\/\/senoticias.com.br\/se\/wp-json\/wp\/v2\/media\/99599"}],"wp:attachment":[{"href":"https:\/\/senoticias.com.br\/se\/wp-json\/wp\/v2\/media?parent=99598"}],"wp:term":[{"taxonomy":"category","embeddable":true,"href":"https:\/\/senoticias.com.br\/se\/wp-json\/wp\/v2\/categories?post=99598"},{"taxonomy":"post_tag","embeddable":true,"href":"https:\/\/senoticias.com.br\/se\/wp-json\/wp\/v2\/tags?post=99598"}],"curies":[{"name":"wp","href":"https:\/\/api.w.org\/{rel}","templated":true}]}}