{"id":99595,"date":"2017-01-17T15:44:12","date_gmt":"2017-01-17T18:44:12","guid":{"rendered":"http:\/\/senoticias.com.br\/se\/?p=99595"},"modified":"2017-01-20T19:38:47","modified_gmt":"2017-01-20T22:38:47","slug":"nat-abre-inscricoes-para-selecao-de-jovem-aprendiz-da-emdagro","status":"publish","type":"post","link":"https:\/\/senoticias.com.br\/se\/nat-abre-inscricoes-para-selecao-de-jovem-aprendiz-da-emdagro\/","title":{"rendered":"NAT abre inscri\u00e7\u00f5es para sele\u00e7\u00e3o de Jovem Aprendiz da EMDAGRO"},"content":{"rendered":"<p class=\"m_-142187262554250635m_-609893579930942197gmail-MsoNoSpacing\" style=\"text-align: justify;\">Est\u00e3o abertas as inscri\u00e7\u00f5es do processo seletivo para Jovem Aprendiz da Empresa de Desenvolvimento Agropecu\u00e1rio de Sergipe (Emdagro), intermediado pelo N\u00facleo de Apoio ao Trabalho (NAT). Ser\u00e3o ofertadas sete vagas no turno da manh\u00e3 para o desenvolvimento de pr\u00e1ticas profissionais na sede da empresa, localizada na Avenida Dr. Carlos Rodrigues Cruz, s\/n\u00b0 &#8211; Bairro Capucho, zona norte da capital.<\/p>\n<div id=\"attachment_99597\" style=\"width: 609px\" class=\"wp-caption aligncenter\"><img loading=\"lazy\" decoding=\"async\" aria-describedby=\"caption-attachment-99597\" class=\"size-full wp-image-99597\" src=\"http:\/\/senoticias.com.br\/se\/wp-content\/uploads\/2017\/01\/Jovem-Aprendiz-SE-Noticias-e1484678808817.jpg\" alt=\"NAT abre inscri\u00e7\u00f5es para sele\u00e7\u00e3o de Jovem Aprendiz. (Foto: ascom\/Nat)\" width=\"599\" height=\"399\" \/><p id=\"caption-attachment-99597\" class=\"wp-caption-text\">NAT abre inscri\u00e7\u00f5es para sele\u00e7\u00e3o de Jovem Aprendiz. (Foto: ascom\/Nat)<\/p><\/div>\n<p style=\"text-align: justify;\">As vagas s\u00e3o destinadas a estudantes com idade entre 16 e 18 anos, matriculados em escola da rede p\u00fablica estadual ou municipal, cursando entre o 8\u00ba ano do Ensino Fundamental e o 2\u00ba ano do Ensino M\u00e9dio, nos turnos da tarde ou noite. Os candidatos interessados devem comparecer \u00e0 sede do NAT, localizado na Rua Santa Luzia, 680 &#8211; Bairro S\u00e3o Jos\u00e9, at\u00e9 o dia 23 de janeiro, a fim de preencher a ficha de inscri\u00e7\u00e3o para participar do processo de sele\u00e7\u00e3o, que nesta etapa, possui o limite de 70 inscri\u00e7\u00f5es.<\/p>\n<p style=\"text-align: justify;\">De acordo com a coordenadora estadual do Trabalho e Emprego da Secretaria de Estado da Mulher, Inclus\u00e3o e Assist\u00eancia Social, do Trabalho e dos Direitos Humanos (Seidh), Sandra Magna Rezende, uma vez esgotada a quantidade ofertada de inscri\u00e7\u00f5es, o sistema ser\u00e1 automaticamente bloqueado, independentemente da data prevista para o encerramento. \u201cPor isso, \u00e9 importante que os candidatos busquem se inscrever o quanto antes, para que n\u00e3o corram o risco de ficar de fora do processo.<\/p>\n<p style=\"text-align: justify;\">S\u00e3o indispens\u00e1veis para o preenchimento da ficha documentos como Carteira de Identidade, CPF, Carteira de Trabalho e Previd\u00eancia Social (CTPS) e comprovante de resid\u00eancia \u2013 originais e xerox. O processo seletivo contar\u00e1 com a realiza\u00e7\u00e3o de uma prova objetiva de Conhecimentos Espec\u00edficos (Portugu\u00eas e Matem\u00e1tica), a se realizar no dia 31 de janeiro pr\u00f3ximo, das 8h \u00e0s 10h, na sede da EMDAGRO. A prova de car\u00e1ter eliminat\u00f3rio e classificat\u00f3rio contar\u00e1 com 20 quest\u00f5es, sendo dez de cada disciplina.<\/p>\n<p>Mais informa\u00e7\u00f5es podem ser conferidas no edital, publicado no Di\u00e1rio Oficial do dia 13 de janeiro, e dispon\u00edvel para download\u00a0<a href=\"http:\/\/www.emdagro.se.gov.br\/modules\/wfdownloads\/singlefile.php?cid=1&amp;lid=1211\"><strong>AQUI<\/strong><\/a><\/p>\n<p><img loading=\"lazy\" decoding=\"async\" class=\"aligncenter size-full wp-image-99559\" src=\"http:\/\/senoticias.com.br\/se\/wp-content\/uploads\/2017\/01\/Logo-fone-1-2-1-2-2.jpg\" alt=\"Logo-fone-1-2-1-2\" width=\"599\" height=\"78\" srcset=\"https:\/\/senoticias.com.br\/se\/wp-content\/uploads\/2017\/01\/Logo-fone-1-2-1-2-2.jpg 599w, https:\/\/senoticias.com.br\/se\/wp-content\/uploads\/2017\/01\/Logo-fone-1-2-1-2-2-300x39.jpg 300w\" sizes=\"(max-width: 599px) 100vw, 599px\" \/><\/p>\n<div class=\"yj6qo ajU\">\n<div id=\":141\" class=\"ajR\" tabindex=\"0\" data-tooltip=\"Mostrar conte\u00fado cortado\"><img decoding=\"async\" class=\"ajT\" src=\"https:\/\/ssl.gstatic.com\/ui\/v1\/icons\/mail\/images\/cleardot.gif\" \/><strong>Acompanhe tamb\u00e9m o SE Not\u00edcias no <a href=\"https:\/\/twitter.com\/Senoticias\">Twitter<\/a>, <a href=\"https:\/\/www.facebook.com\/PortalSENoticias\/\">Facebook <\/a>e no <a href=\"https:\/\/www.instagram.com\/senoticias\/\">Instagram<\/a><\/strong><\/div>\n<div class=\"ajR\" tabindex=\"0\" data-tooltip=\"Mostrar conte\u00fado cortado\"><strong><em>Ascom\/Nat<\/em><\/strong><\/div>\n<\/div>\n","protected":false},"excerpt":{"rendered":"<p>Est\u00e3o abertas as inscri\u00e7\u00f5es do processo seletivo para Jovem Aprendiz da Empresa de Desenvolvimento Agropecu\u00e1rio de Sergipe (Emdagro), intermediado pelo N\u00facleo de Apoio ao Trabalho (NAT). Ser\u00e3o ofertadas sete vagas no turno da manh\u00e3 para o desenvolvimento de pr\u00e1ticas profissionais na sede da empresa, localizada na Avenida Dr. Carlos Rodrigues Cruz, s\/n\u00b0 &#8211; Bairro Capucho, [&hellip;]<\/p>\n","protected":false},"author":2,"featured_media":99597,"comment_status":"closed","ping_status":"closed","sticky":false,"template":"","format":"standard","meta":{"footnotes":""},"categories":[15,8],"tags":[],"class_list":{"0":"post-99595","1":"post","2":"type-post","3":"status-publish","4":"format-standard","5":"has-post-thumbnail","7":"category-destaques","8":"category-esporte-e-cultura"},"_links":{"self":[{"href":"https:\/\/senoticias.com.br\/se\/wp-json\/wp\/v2\/posts\/99595"}],"collection":[{"href":"https:\/\/senoticias.com.br\/se\/wp-json\/wp\/v2\/posts"}],"about":[{"href":"https:\/\/senoticias.com.br\/se\/wp-json\/wp\/v2\/types\/post"}],"author":[{"embeddable":true,"href":"https:\/\/senoticias.com.br\/se\/wp-json\/wp\/v2\/users\/2"}],"replies":[{"embeddable":true,"href":"https:\/\/senoticias.com.br\/se\/wp-json\/wp\/v2\/comments?post=99595"}],"version-history":[{"count":0,"href":"https:\/\/senoticias.com.br\/se\/wp-json\/wp\/v2\/posts\/99595\/revisions"}],"wp:featuredmedia":[{"embeddable":true,"href":"https:\/\/senoticias.com.br\/se\/wp-json\/wp\/v2\/media\/99597"}],"wp:attachment":[{"href":"https:\/\/senoticias.com.br\/se\/wp-json\/wp\/v2\/media?parent=99595"}],"wp:term":[{"taxonomy":"category","embeddable":true,"href":"https:\/\/senoticias.com.br\/se\/wp-json\/wp\/v2\/categories?post=99595"},{"taxonomy":"post_tag","embeddable":true,"href":"https:\/\/senoticias.com.br\/se\/wp-json\/wp\/v2\/tags?post=99595"}],"curies":[{"name":"wp","href":"https:\/\/api.w.org\/{rel}","templated":true}]}}