{"id":99593,"date":"2017-01-17T13:17:25","date_gmt":"2017-01-17T16:17:25","guid":{"rendered":"http:\/\/senoticias.com.br\/se\/?p=99593"},"modified":"2017-01-20T19:39:31","modified_gmt":"2017-01-20T22:39:31","slug":"suspeitos-sao-presos-com-explosivos-em-santo-amaro-das-brotas","status":"publish","type":"post","link":"https:\/\/senoticias.com.br\/se\/suspeitos-sao-presos-com-explosivos-em-santo-amaro-das-brotas\/","title":{"rendered":"Suspeitos s\u00e3o presos com explosivos em Santo Amaro das Brotas"},"content":{"rendered":"<p style=\"text-align: justify;\"><strong><em>Do<a href=\"http:\/\/g1.globo.com\/se\/sergipe\/noticia\/2017\/01\/suspeitos-sao-presos-com-explosivos-em-santo-amaro-das-brotas.html\"> G1 <\/a>SE<\/em><\/strong><\/p>\n<p style=\"text-align: justify;\">Dois homens foram presos com 31 explosivos, 780g de maconha e 37g de coca\u00edna no munic\u00edpio de Santo Amaro das Brotas (SE). Eles foram detidos na segunda-feira (16) durante uma a\u00e7\u00e3o de policiais do Departamento de Narc\u00f3ticos (Denarc), Pol\u00edcia Militar (PM) e do Batalh\u00e3o de Radiopatrulha (BPRp).<\/p>\n<div id=\"attachment_99594\" style=\"width: 609px\" class=\"wp-caption aligncenter\"><img loading=\"lazy\" decoding=\"async\" aria-describedby=\"caption-attachment-99594\" class=\"size-full wp-image-99594\" src=\"http:\/\/senoticias.com.br\/se\/wp-content\/uploads\/2017\/01\/explosivos-SE-Noticias-e1484669754577.jpg\" alt=\"Material apreendido com os suspeitos no interior sergipano (Foto: SSP\/Divulga\u00e7\u00e3o)\" width=\"599\" height=\"449\" \/><p id=\"caption-attachment-99594\" class=\"wp-caption-text\">Material apreendido com os suspeitos no interior sergipano (Foto: SSP\/Divulga\u00e7\u00e3o)<\/p><\/div>\n<p style=\"text-align: justify;\">Segundo informa\u00e7\u00f5es divulgadas pela Secretaria de Estado da Seguran\u00e7a P\u00fablica (SSP), um dos presos participou de um homic\u00eddio no munic\u00edpio no fim do ano passado.<\/p>\n<p style=\"text-align: justify;\"><strong>Acompanhe tamb\u00e9m o SE Not\u00edcias no<\/strong><span class=\"apple-converted-space\"><b>\u00a0<\/b><\/span><strong><a href=\"https:\/\/twitter.com\/Senoticias\" target=\"_blank\">Twitter<\/a>,<\/strong><span class=\"apple-converted-space\"><b>\u00a0<\/b><\/span><strong><a href=\"https:\/\/www.facebook.com\/senoticias1\" target=\"_blank\">Facebook<span class=\"apple-converted-space\">\u00a0<\/span><\/a>e no<\/strong><span class=\"apple-converted-space\"><b>\u00a0<\/b><\/span><strong><a href=\"https:\/\/www.instagram.com\/senoticias\/\" target=\"_blank\">Instagram<\/a><\/strong><\/p>\n<p style=\"text-align: justify;\"><img loading=\"lazy\" decoding=\"async\" class=\"aligncenter size-full wp-image-99559\" src=\"http:\/\/senoticias.com.br\/se\/wp-content\/uploads\/2017\/01\/Logo-fone-1-2-1-2-2.jpg\" alt=\"Logo-fone-1-2-1-2\" width=\"599\" height=\"78\" srcset=\"https:\/\/senoticias.com.br\/se\/wp-content\/uploads\/2017\/01\/Logo-fone-1-2-1-2-2.jpg 599w, https:\/\/senoticias.com.br\/se\/wp-content\/uploads\/2017\/01\/Logo-fone-1-2-1-2-2-300x39.jpg 300w\" sizes=\"(max-width: 599px) 100vw, 599px\" \/><\/p>\n","protected":false},"excerpt":{"rendered":"<p>Do G1 SE Dois homens foram presos com 31 explosivos, 780g de maconha e 37g de coca\u00edna no munic\u00edpio de Santo Amaro das Brotas (SE). Eles foram detidos na segunda-feira (16) durante uma a\u00e7\u00e3o de policiais do Departamento de Narc\u00f3ticos (Denarc), Pol\u00edcia Militar (PM) e do Batalh\u00e3o de Radiopatrulha (BPRp). Segundo informa\u00e7\u00f5es divulgadas pela Secretaria [&hellip;]<\/p>\n","protected":false},"author":2,"featured_media":99594,"comment_status":"closed","ping_status":"closed","sticky":false,"template":"","format":"standard","meta":{"footnotes":""},"categories":[15,7],"tags":[],"class_list":{"0":"post-99593","1":"post","2":"type-post","3":"status-publish","4":"format-standard","5":"has-post-thumbnail","7":"category-destaques","8":"category-policia"},"_links":{"self":[{"href":"https:\/\/senoticias.com.br\/se\/wp-json\/wp\/v2\/posts\/99593"}],"collection":[{"href":"https:\/\/senoticias.com.br\/se\/wp-json\/wp\/v2\/posts"}],"about":[{"href":"https:\/\/senoticias.com.br\/se\/wp-json\/wp\/v2\/types\/post"}],"author":[{"embeddable":true,"href":"https:\/\/senoticias.com.br\/se\/wp-json\/wp\/v2\/users\/2"}],"replies":[{"embeddable":true,"href":"https:\/\/senoticias.com.br\/se\/wp-json\/wp\/v2\/comments?post=99593"}],"version-history":[{"count":0,"href":"https:\/\/senoticias.com.br\/se\/wp-json\/wp\/v2\/posts\/99593\/revisions"}],"wp:featuredmedia":[{"embeddable":true,"href":"https:\/\/senoticias.com.br\/se\/wp-json\/wp\/v2\/media\/99594"}],"wp:attachment":[{"href":"https:\/\/senoticias.com.br\/se\/wp-json\/wp\/v2\/media?parent=99593"}],"wp:term":[{"taxonomy":"category","embeddable":true,"href":"https:\/\/senoticias.com.br\/se\/wp-json\/wp\/v2\/categories?post=99593"},{"taxonomy":"post_tag","embeddable":true,"href":"https:\/\/senoticias.com.br\/se\/wp-json\/wp\/v2\/tags?post=99593"}],"curies":[{"name":"wp","href":"https:\/\/api.w.org\/{rel}","templated":true}]}}