{"id":99584,"date":"2017-01-17T11:06:55","date_gmt":"2017-01-17T14:06:55","guid":{"rendered":"http:\/\/senoticias.com.br\/se\/?p=99584"},"modified":"2017-01-17T11:06:55","modified_gmt":"2017-01-17T14:06:55","slug":"safra-de-cafe-em-2017-sera-menor-que-no-ano-anterior-estima-conab","status":"publish","type":"post","link":"https:\/\/senoticias.com.br\/se\/safra-de-cafe-em-2017-sera-menor-que-no-ano-anterior-estima-conab\/","title":{"rendered":"Safra de caf\u00e9 em 2017 ser\u00e1 menor que no ano anterior, estima Conab"},"content":{"rendered":"<p style=\"text-align: justify;\">A produ\u00e7\u00e3o brasileira de caf\u00e9 da safra 2017 dever\u00e1 ficar entre 43,65 e 47,51 milh\u00f5es de sacas do produto beneficiado. A previs\u00e3o indica uma redu\u00e7\u00e3o entre 15 e 7,5% em rela\u00e7\u00e3o \u00e0 produ\u00e7\u00e3o de 51,37 milh\u00f5es de sacas obtidas em 2016. Cada saca tem 60 quilos. Os dados foram divulgados hoje (17) pela Companhia Nacional de Abastecimento (Conab).<\/p>\n<div id=\"attachment_99585\" style=\"width: 609px\" class=\"wp-caption aligncenter\"><img loading=\"lazy\" decoding=\"async\" aria-describedby=\"caption-attachment-99585\" class=\"size-full wp-image-99585\" src=\"http:\/\/senoticias.com.br\/se\/wp-content\/uploads\/2017\/01\/SE-Not\u00edcias-cafe_colheita.jpg\" alt=\"Segundo a Conab, este \u00e9 um ano de baixa bienalidade para o caf\u00e9 e faz com que a planta obtenha melhores rendimentos em anos alternados (Foto: Imagem de Arquivo\/Ag\u00eancia Brasil)\" width=\"599\" height=\"401\" srcset=\"https:\/\/senoticias.com.br\/se\/wp-content\/uploads\/2017\/01\/SE-Not\u00edcias-cafe_colheita.jpg 599w, https:\/\/senoticias.com.br\/se\/wp-content\/uploads\/2017\/01\/SE-Not\u00edcias-cafe_colheita-300x201.jpg 300w, https:\/\/senoticias.com.br\/se\/wp-content\/uploads\/2017\/01\/SE-Not\u00edcias-cafe_colheita-90x60.jpg 90w, https:\/\/senoticias.com.br\/se\/wp-content\/uploads\/2017\/01\/SE-Not\u00edcias-cafe_colheita-180x120.jpg 180w, https:\/\/senoticias.com.br\/se\/wp-content\/uploads\/2017\/01\/SE-Not\u00edcias-cafe_colheita-95x64.jpg 95w\" sizes=\"(max-width: 599px) 100vw, 599px\" \/><p id=\"caption-attachment-99585\" class=\"wp-caption-text\">Segundo a Conab, este \u00e9 um ano de baixa bienalidade para o caf\u00e9 e faz com que a planta obtenha melhores rendimentos em anos alternados (Foto: Imagem de Arquivo\/Ag\u00eancia Brasil)<\/p><\/div>\n<p style=\"text-align: justify;\">Segundo a Conab, este \u00e9 um ano de baixa bienalidade para o caf\u00e9. A caracter\u00edstica dessa cultura faz com que a planta \u2013 especialmente o caf\u00e9 ar\u00e1bica \u2013 obtenha melhores rendimentos em anos alternados independetemente de tratamento do solo ou de outras a\u00e7\u00f5es tecnol\u00f3gicas.<\/p>\n<p style=\"text-align: justify;\">Assim, esta primeira estimativa mostra redu\u00e7\u00e3o de 19,3% a 12,7% na produ\u00e7\u00e3o de ar\u00e1bica, que abrange 80% do total de caf\u00e9 produzido no pa\u00eds. A Conab estima que sejam colhidas entre 35,01 e 37,88 milh\u00f5es de sacas. O resultado deve-se principalmente ao ciclo de bienalidade negativa do gr\u00e3o.<\/p>\n<p style=\"text-align: justify;\">A produ\u00e7\u00e3o do caf\u00e9 conilon, que representa 20% do total, \u00e9 estimada entre 8,64 e 9,63 milh\u00f5es de sacas, com crescimento entre 8,1% a 20,5% em rela\u00e7\u00e3o \u00e0 safra 2016. Esse resultado se deve, sobretudo, \u00e0 recupera\u00e7\u00e3o da produtividade nos estados da Bahia e de Rond\u00f4nia, bem como ao maior uso de tecnologias.<\/p>\n<p style=\"text-align: justify;\"><strong>\u00c1rea plantada<\/strong><\/p>\n<p style=\"text-align: justify;\">A Conab tamb\u00e9m informa que a \u00e1rea total plantada no pa\u00eds com caf\u00e9 chegou a 2,23 milh\u00f5es de hectares, aumento de 0,2% em rela\u00e7\u00e3o \u00e0 \u00e1rea cultivada em 2016. No entanto, prev\u00ea-se uma redu\u00e7\u00e3o de produtividade em termos gerais entre 12,6% e 4,9%, podendo situar-se entre 23,02 e 25,05 sacas por hectare. A \u00e1rea plantada do caf\u00e9 ar\u00e1bica que mais sofre a influ\u00eancia do ciclo atual de baixa bienalidade, deve ter produtividade entre 23,48 e 25,40 sacas por hectare.<\/p>\n<p style=\"text-align: justify;\">Para o caf\u00e9 conilon o levantamento indica recupera\u00e7\u00e3o de parte do potencial de produtividade, variando de 21,33 a 23,78 sacas por hectare, com ganhos entre 13,4% e 26,5%. Por outro lado, h\u00e1 previs\u00e3o de uma diminui\u00e7\u00e3o de 4,7% na \u00e1rea em produ\u00e7\u00e3o por problemas clim\u00e1ticos pontuais, como seca e m\u00e1 distribui\u00e7\u00e3o de chuvas por tr\u00eas anos consecutivos no Esp\u00edrito Santo \u2013 maior produtor da esp\u00e9cie no pa\u00eds.<\/p>\n<p style=\"text-align: justify;\"><strong>Acompanhe tamb\u00e9m o SE Not\u00edcias no <a href=\"https:\/\/twitter.com\/Senoticias\">Twitter<\/a>, <a href=\"https:\/\/www.facebook.com\/PortalSENoticias\/\">Facebook <\/a>e no <a href=\"https:\/\/www.instagram.com\/senoticias\/\">Instagram<\/a>\u00a0<\/strong><\/p>\n<p style=\"text-align: justify;\"><img loading=\"lazy\" decoding=\"async\" class=\"aligncenter size-full wp-image-99559\" src=\"http:\/\/senoticias.com.br\/se\/wp-content\/uploads\/2017\/01\/Logo-fone-1-2-1-2-2.jpg\" alt=\"Logo-fone-1-2-1-2\" width=\"599\" height=\"78\" srcset=\"https:\/\/senoticias.com.br\/se\/wp-content\/uploads\/2017\/01\/Logo-fone-1-2-1-2-2.jpg 599w, https:\/\/senoticias.com.br\/se\/wp-content\/uploads\/2017\/01\/Logo-fone-1-2-1-2-2-300x39.jpg 300w\" sizes=\"(max-width: 599px) 100vw, 599px\" \/><\/p>\n<p style=\"text-align: justify;\"><em>Da Ag\u00eancia Brasil<\/em><\/p>\n","protected":false},"excerpt":{"rendered":"<p>A produ\u00e7\u00e3o brasileira de caf\u00e9 da safra 2017 dever\u00e1 ficar entre 43,65 e 47,51 milh\u00f5es de sacas do produto beneficiado. A previs\u00e3o indica uma redu\u00e7\u00e3o entre 15 e 7,5% em rela\u00e7\u00e3o \u00e0 produ\u00e7\u00e3o de 51,37 milh\u00f5es de sacas obtidas em 2016. Cada saca tem 60 quilos. Os dados foram divulgados hoje (17) pela Companhia Nacional [&hellip;]<\/p>\n","protected":false},"author":2,"featured_media":99585,"comment_status":"closed","ping_status":"closed","sticky":false,"template":"","format":"standard","meta":{"footnotes":""},"categories":[1],"tags":[],"class_list":{"0":"post-99584","1":"post","2":"type-post","3":"status-publish","4":"format-standard","5":"has-post-thumbnail","7":"category-sem-categoria"},"_links":{"self":[{"href":"https:\/\/senoticias.com.br\/se\/wp-json\/wp\/v2\/posts\/99584"}],"collection":[{"href":"https:\/\/senoticias.com.br\/se\/wp-json\/wp\/v2\/posts"}],"about":[{"href":"https:\/\/senoticias.com.br\/se\/wp-json\/wp\/v2\/types\/post"}],"author":[{"embeddable":true,"href":"https:\/\/senoticias.com.br\/se\/wp-json\/wp\/v2\/users\/2"}],"replies":[{"embeddable":true,"href":"https:\/\/senoticias.com.br\/se\/wp-json\/wp\/v2\/comments?post=99584"}],"version-history":[{"count":0,"href":"https:\/\/senoticias.com.br\/se\/wp-json\/wp\/v2\/posts\/99584\/revisions"}],"wp:featuredmedia":[{"embeddable":true,"href":"https:\/\/senoticias.com.br\/se\/wp-json\/wp\/v2\/media\/99585"}],"wp:attachment":[{"href":"https:\/\/senoticias.com.br\/se\/wp-json\/wp\/v2\/media?parent=99584"}],"wp:term":[{"taxonomy":"category","embeddable":true,"href":"https:\/\/senoticias.com.br\/se\/wp-json\/wp\/v2\/categories?post=99584"},{"taxonomy":"post_tag","embeddable":true,"href":"https:\/\/senoticias.com.br\/se\/wp-json\/wp\/v2\/tags?post=99584"}],"curies":[{"name":"wp","href":"https:\/\/api.w.org\/{rel}","templated":true}]}}