{"id":99562,"date":"2017-01-16T20:54:51","date_gmt":"2017-01-16T23:54:51","guid":{"rendered":"http:\/\/senoticias.com.br\/se\/?p=99562"},"modified":"2017-01-16T20:55:24","modified_gmt":"2017-01-16T23:55:24","slug":"seguranca-237-aprovados-ingressam-no-curso-de-formacao-da-policia-militar","status":"publish","type":"post","link":"https:\/\/senoticias.com.br\/se\/seguranca-237-aprovados-ingressam-no-curso-de-formacao-da-policia-militar\/","title":{"rendered":"Seguran\u00e7a: 237 aprovados ingressam no curso de forma\u00e7\u00e3o da Pol\u00edcia Militar"},"content":{"rendered":"<p style=\"text-align: justify;\">O governador Jackson Barreto convida a imprensa e sociedade sergipana para participarem da solenidade de ingresso de 237 aprovados no concurso da Pol\u00edcia Militar no curso de forma\u00e7\u00e3o, e acompanharem a formatura e promo\u00e7\u00e3o de pra\u00e7as e oficiais. Essa \u00e9 a terceira turma que, ao fim do curso, ingressar\u00e1 nos quadros da Corpora\u00e7\u00e3o. Com o fim do curso, ser\u00e3o mais de 1.200 novos policiais refor\u00e7ando a seguran\u00e7a na capital e interior desde o concurso realizado em 2013. As solenidades ocorrem no Centro de Forma\u00e7\u00e3o e Aperfei\u00e7oamento de Pra\u00e7as (CFAP), no Bairro Am\u00e9rica.<\/p>\n<div id=\"attachment_89473\" style=\"width: 608px\" class=\"wp-caption aligncenter\"><img loading=\"lazy\" decoding=\"async\" aria-describedby=\"caption-attachment-89473\" class=\"size-full wp-image-89473\" src=\"http:\/\/senoticias.com.br\/se\/wp-content\/uploads\/2016\/03\/pmnovos-e1457397558962.jpg\" alt=\"Na ocasi\u00e3o, o governador realiza a promo\u00e7\u00e3o de pra\u00e7as e oficiais e entrega Medalha do M\u00e9rito Policial Militar a militares, civis e Institui\u00e7\u00f5es que tenham prestado relevantes servi\u00e7os \u00e0 Corpora\u00e7\u00e3o . (Foto: arquivo\/ASN)\" width=\"598\" height=\"443\" \/><p id=\"caption-attachment-89473\" class=\"wp-caption-text\">Na ocasi\u00e3o, o governador realiza a promo\u00e7\u00e3o de pra\u00e7as e oficiais e entrega Medalha do M\u00e9rito Policial Militar a militares, civis e Institui\u00e7\u00f5es que tenham prestado relevantes servi\u00e7os \u00e0 Corpora\u00e7\u00e3o.\u00a0(Foto: arquivo\/ASN)<\/p><\/div>\n<p style=\"text-align: justify;\">Matriculados no Curso de Forma\u00e7\u00e3o de Soldados (CFSd) no dia 03 de janeiro de 2017, quando foram iniciadas as aulas, os 237 novos integrantes da PM enfrentar\u00e3o uma maratona de atividades pedag\u00f3gicas e operacionais, durante cinco meses de trabalho, em regime intensivo, nos turnos da manh\u00e3 e tarde. Em seguida, participar\u00e3o de Est\u00e1gio Pr\u00e1tico Supervisionado de Policiamento Ostensivo, no qual exercitar\u00e3o as t\u00e9cnicas e conhecimentos te\u00f3ricos ministrados em sala de aula, na capital e no interior.<\/p>\n<p style=\"text-align: justify;\">Os Cursos de Forma\u00e7\u00e3o de Soldado das Pol\u00edcias Militares do Brasil seguem o curr\u00edculo estabelecido pela Secretaria Nacional de Seguran\u00e7a P\u00fablica do Minist\u00e9rio da Justi\u00e7a, com mat\u00e9rias pr\u00e1ticas, bem como com mat\u00e9rias relacionadas \u00e0 \u00e1rea jur\u00eddica, como o Direito Penal, Direito Constitucional, ou seja, uma forma\u00e7\u00e3o que habilita estes policiais a atenderem a demanda da sociedade por seguran\u00e7a.<\/p>\n<p style=\"text-align: justify;\">A primeira turma, composta por 657 pra\u00e7as, ingressou na Corpora\u00e7\u00e3o em janeiro de 2015. \u00a0A segunda, em maio 2016, com 350 novos concursados.<\/p>\n<p style=\"text-align: justify;\"><strong>Promo\u00e7\u00e3o e entrega de medalhas<\/strong><\/p>\n<p style=\"text-align: justify;\">Na ocasi\u00e3o, o governador realiza a promo\u00e7\u00e3o de pra\u00e7as e oficiais e entrega Medalha do M\u00e9rito Policial Militar a militares, civis e Institui\u00e7\u00f5es que tenham prestado relevantes servi\u00e7os \u00e0 Corpora\u00e7\u00e3o.<\/p>\n<p style=\"text-align: justify;\"><strong>Investimentos em seguran\u00e7a<\/strong><\/p>\n<p style=\"text-align: justify;\">Em dezembro de 2016, o governador Jackson Barreto sancionou a Lei de Subs\u00eddios aos Militares da Pol\u00edcia Militar e do Corpo de Bombeiros. Em 29 de setembro, havia assinado Mensagens e Projetos de Lei sobre progress\u00e3o autom\u00e1tica na carreira e subs\u00eddios, consolidando direitos adquiridos pelos policiais militares e pelos bombeiros.<\/p>\n<p style=\"text-align: justify;\">A Gratifica\u00e7\u00e3o de Atividade em Eventos (Grae) foi transformada em Retribui\u00e7\u00e3o Financeira Transit\u00f3ria pelo Exerc\u00edcio de Atividade Extraordin\u00e1ria (Retae) em 2017, permitindo que cabos e soldados recebam valor duas vezes e meia maior que o anterior. Passa a haver aux\u00edlio uniforme anual no valor de R$ 1.700,00 que beneficiar\u00e1 todos os oficiais e pra\u00e7as da PMSE\/BMSE. Com as medidas, o policial militar passar a ter subs\u00eddio como forma de remunera\u00e7\u00e3o, desaparecendo a possibilidade de perdas na sua aposentadoria de algum recurso.<\/p>\n<p style=\"text-align: justify;\">Na \u00e1rea de per\u00edcia, foram nomeados 34 profissionais criminais classificados em concurso p\u00fablico para as carreiras de atividades periciais da Coordenadoria Geral de Per\u00edcias (Cogerp) da SSP. Os novos servidores foram contratados para trabalhar nos Instituto de Criminal\u00edstica, M\u00e9dico Legal, de Identifica\u00e7\u00e3o e ainda de An\u00e1lise e Pesquisa Forense (IAPF).<\/p>\n<p style=\"text-align: justify;\">Em 2016, foram nomeados 100 Agentes de Pol\u00edcia Judici\u00e1ria Substituto e 20 Escriv\u00e3es Substitutos para a Pol\u00edcia Civil. Recentemente, foram nomeados dez agentes e dez escriv\u00e3es para a Regional de Tobias Barreto e mais dez agentes e dez escriv\u00e3es para a regional de Itabaiana.<\/p>\n<p style=\"text-align: justify;\">O Governo do Estado tamb\u00e9m agiu em prol da valoriza\u00e7\u00e3o dos servidores, atrav\u00e9s da recomposi\u00e7\u00e3o dos sal\u00e1rios, que atingiu todas as classes e hierarquias das Pol\u00edcias Civil, Militar e do Corpo de Bombeiros. Sergipe \u00e9 o Estado que tem a pol\u00edtica salarial mais avan\u00e7ada do Nordeste e uma das mais altas do pa\u00eds. Outra vantagem \u00e9 a amplia\u00e7\u00e3o do per\u00edodo de licen\u00e7a maternidade das servidoras, que foi ampliado de 120 para 180 dias atrav\u00e9s de Emenda Constitucional.<\/p>\n<p style=\"text-align: justify;\">Para colaborar com as a\u00e7\u00f5es de seguran\u00e7a, o Estado providenciou, tamb\u00e9m, a implanta\u00e7\u00e3o do novo sistema de r\u00e1dio comunica\u00e7\u00e3o digital da SSP, resultado de investimento de R$ 26.823.356,52. Com o equipamento, Sergipe \u00e9 o \u00fanico estado a ter 100% do territ\u00f3rio coberto com comunica\u00e7\u00e3o digital. \u00a0Al\u00e9m disso, o governo investe R$ 10,7 milh\u00f5es na aquisi\u00e7\u00e3o de armas, muni\u00e7\u00f5es, coletes e equipamento de prote\u00e7\u00e3o para as Pol\u00edcias Civil e Militar, e colocou nas ruas da capital e interior 32 bases m\u00f3veis de Pol\u00edcia Comunit\u00e1ria. As unidades foram adquiridas por meio do conv\u00eanio firmado com o Minist\u00e9rio da Justi\u00e7a, totalizando um investimento de R$ 4.784.000.<\/p>\n<p style=\"text-align: justify;\"><strong>Servi\u00e7o<\/strong><\/p>\n<p style=\"text-align: justify;\"><strong>O qu\u00ea <\/strong>&#8211; Solenidade de promo\u00e7\u00e3o de Pra\u00e7as e Oficiais, outorga da Medalha do M\u00e9rito Militar e apresenta\u00e7\u00e3o dos novos alunos no Curso de Forma\u00e7\u00e3o de Pra\u00e7as da Pol\u00edcia Militar do Estado de Sergipe;<\/p>\n<p><strong>Quando\u00a0<\/strong>&#8211; nesta ter\u00e7a-feira, dia 17, \u00e0s 19h;<\/p>\n<p><strong>Onde\u00a0<\/strong>&#8211; Centro de Forma\u00e7\u00e3o e Aperfei\u00e7oamento de Pra\u00e7as (CFAP), Rua Argentina.<\/p>\n<p><img loading=\"lazy\" decoding=\"async\" class=\"aligncenter size-full wp-image-99559\" src=\"http:\/\/senoticias.com.br\/se\/wp-content\/uploads\/2017\/01\/Logo-fone-1-2-1-2-2.jpg\" alt=\"Logo-fone-1-2-1-2\" width=\"599\" height=\"78\" srcset=\"https:\/\/senoticias.com.br\/se\/wp-content\/uploads\/2017\/01\/Logo-fone-1-2-1-2-2.jpg 599w, https:\/\/senoticias.com.br\/se\/wp-content\/uploads\/2017\/01\/Logo-fone-1-2-1-2-2-300x39.jpg 300w\" sizes=\"(max-width: 599px) 100vw, 599px\" \/><\/p>\n<p>A<strong>companhe tamb\u00e9m o SE Not\u00edcias no<\/strong><span class=\"apple-converted-space\"><b>\u00a0<\/b><\/span><strong><a href=\"https:\/\/twitter.com\/Senoticias\" target=\"_blank\">Twitter<\/a>,<\/strong><span class=\"apple-converted-space\"><b>\u00a0<\/b><\/span><strong><a href=\"https:\/\/www.facebook.com\/senoticias1\" target=\"_blank\">Facebook<span class=\"apple-converted-space\">\u00a0<\/span><\/a>e no<\/strong><span class=\"apple-converted-space\"><b>\u00a0<\/b><\/span><strong><a href=\"https:\/\/www.instagram.com\/senoticias\/\" target=\"_blank\">Instagram<\/a><\/strong><\/p>\n<p><em>Ascom\/PM\/SE<\/em><\/p>\n","protected":false},"excerpt":{"rendered":"<p>O governador Jackson Barreto convida a imprensa e sociedade sergipana para participarem da solenidade de ingresso de 237 aprovados no concurso da Pol\u00edcia Militar no curso de forma\u00e7\u00e3o, e acompanharem a formatura e promo\u00e7\u00e3o de pra\u00e7as e oficiais. Essa \u00e9 a terceira turma que, ao fim do curso, ingressar\u00e1 nos quadros da Corpora\u00e7\u00e3o. Com o [&hellip;]<\/p>\n","protected":false},"author":2,"featured_media":89473,"comment_status":"closed","ping_status":"closed","sticky":false,"template":"","format":"standard","meta":{"footnotes":""},"categories":[15,7],"tags":[],"class_list":{"0":"post-99562","1":"post","2":"type-post","3":"status-publish","4":"format-standard","5":"has-post-thumbnail","7":"category-destaques","8":"category-policia"},"_links":{"self":[{"href":"https:\/\/senoticias.com.br\/se\/wp-json\/wp\/v2\/posts\/99562"}],"collection":[{"href":"https:\/\/senoticias.com.br\/se\/wp-json\/wp\/v2\/posts"}],"about":[{"href":"https:\/\/senoticias.com.br\/se\/wp-json\/wp\/v2\/types\/post"}],"author":[{"embeddable":true,"href":"https:\/\/senoticias.com.br\/se\/wp-json\/wp\/v2\/users\/2"}],"replies":[{"embeddable":true,"href":"https:\/\/senoticias.com.br\/se\/wp-json\/wp\/v2\/comments?post=99562"}],"version-history":[{"count":0,"href":"https:\/\/senoticias.com.br\/se\/wp-json\/wp\/v2\/posts\/99562\/revisions"}],"wp:featuredmedia":[{"embeddable":true,"href":"https:\/\/senoticias.com.br\/se\/wp-json\/wp\/v2\/media\/89473"}],"wp:attachment":[{"href":"https:\/\/senoticias.com.br\/se\/wp-json\/wp\/v2\/media?parent=99562"}],"wp:term":[{"taxonomy":"category","embeddable":true,"href":"https:\/\/senoticias.com.br\/se\/wp-json\/wp\/v2\/categories?post=99562"},{"taxonomy":"post_tag","embeddable":true,"href":"https:\/\/senoticias.com.br\/se\/wp-json\/wp\/v2\/tags?post=99562"}],"curies":[{"name":"wp","href":"https:\/\/api.w.org\/{rel}","templated":true}]}}