{"id":99561,"date":"2017-01-16T20:39:31","date_gmt":"2017-01-16T23:39:31","guid":{"rendered":"http:\/\/senoticias.com.br\/se\/?p=99561"},"modified":"2017-01-16T20:39:58","modified_gmt":"2017-01-16T23:39:58","slug":"padre-inaldo-diminui-salario-e-ganhara-menos-que-fabio-henrique","status":"publish","type":"post","link":"https:\/\/senoticias.com.br\/se\/padre-inaldo-diminui-salario-e-ganhara-menos-que-fabio-henrique\/","title":{"rendered":"Padre Inaldo diminui sal\u00e1rio e ganhar\u00e1 menos que F\u00e1bio Henrique"},"content":{"rendered":"<p style=\"text-align: justify;\">O Prefeito de Nossa Senhora do Socorro, Padre Inaldo (PCdoB), assinou o Decreto n\u00b013.832, que define uma redu\u00e7\u00e3o de 35,7% em seu pr\u00f3prio sal\u00e1rio. A readequa\u00e7\u00e3o aconteceu ap\u00f3s a apresenta\u00e7\u00e3o de estudos financeiros realizados pela Secretaria da Fazenda (Semfaz) e a Procuradoria Geral do Munic\u00edpio (PGM).<\/p>\n<div id=\"attachment_77787\" style=\"width: 609px\" class=\"wp-caption aligncenter\"><img loading=\"lazy\" decoding=\"async\" aria-describedby=\"caption-attachment-77787\" class=\"size-full wp-image-77787\" src=\"http:\/\/senoticias.com.br\/se\/wp-content\/uploads\/2015\/03\/Padre-Inaldo-e1427331536466.jpg\" alt=\"Padre Inaldo diminui sal\u00e1rio e ganhar\u00e1 menos que F\u00e1bio Henrique. (Foto: arquivo \/ Alese) \" width=\"599\" height=\"396\" \/><p id=\"caption-attachment-77787\" class=\"wp-caption-text\">Padre Inaldo diminui sal\u00e1rio e ganhar\u00e1 menos que F\u00e1bio Henrique. (Foto: arquivo \/ Alese)<\/p><\/div>\n<p style=\"text-align: justify;\">\u201cRecebi como surpresa que o valor seria R$ 39.700 mil. Entendendo a realidade da atual situa\u00e7\u00e3o financeira do nosso munic\u00edpio, solicitei que um estudo detalhado fosse realizado e o valor n\u00e3o fosse reajustado\u201d, explica o prefeito.<\/p>\n<p style=\"text-align: justify;\">Com a assinatura do Decreto o pagamento do primeiro sal\u00e1rio do prefeito j\u00e1 ser\u00e1 feito de acordo com os valores devidamente corrigidos. O ato fixou o valor em R$ 25.500 mil, vencimento menor, inclusive, do que recebia o antigo gestor (R$ 26 mil). \u201cN\u00f3s praticamente congelamos o valor\u201d, explica Padre Inaldo.<\/p>\n<p><strong>Entenda<\/strong><\/p>\n<p style=\"text-align: justify;\">A aprova\u00e7\u00e3o do reajuste salarial para o gestor municipal foi realizada no final do ano de 2016, pela legislatura passada.<img loading=\"lazy\" decoding=\"async\" class=\"aligncenter size-full wp-image-99559\" src=\"http:\/\/senoticias.com.br\/se\/wp-content\/uploads\/2017\/01\/Logo-fone-1-2-1-2-2.jpg\" alt=\"Logo-fone-1-2-1-2\" width=\"599\" height=\"78\" srcset=\"https:\/\/senoticias.com.br\/se\/wp-content\/uploads\/2017\/01\/Logo-fone-1-2-1-2-2.jpg 599w, https:\/\/senoticias.com.br\/se\/wp-content\/uploads\/2017\/01\/Logo-fone-1-2-1-2-2-300x39.jpg 300w\" sizes=\"(max-width: 599px) 100vw, 599px\" \/><\/p>\n<p style=\"text-align: justify;\">A<strong>companhe tamb\u00e9m o SE Not\u00edcias no<\/strong><span class=\"apple-converted-space\"><b>\u00a0<\/b><\/span><strong><a href=\"https:\/\/twitter.com\/Senoticias\" target=\"_blank\">Twitter<\/a>,<\/strong><span class=\"apple-converted-space\"><b>\u00a0<\/b><\/span><strong><a href=\"https:\/\/www.facebook.com\/senoticias1\" target=\"_blank\">Facebook<span class=\"apple-converted-space\">\u00a0<\/span><\/a>e no<\/strong><span class=\"apple-converted-space\"><b>\u00a0<\/b><\/span><strong><a href=\"https:\/\/www.instagram.com\/senoticias\/\" target=\"_blank\">Instagram<\/a><\/strong><\/p>\n<p><strong>Secom PMNSS<\/strong><\/p>\n","protected":false},"excerpt":{"rendered":"<p>O Prefeito de Nossa Senhora do Socorro, Padre Inaldo (PCdoB), assinou o Decreto n\u00b013.832, que define uma redu\u00e7\u00e3o de 35,7% em seu pr\u00f3prio sal\u00e1rio. A readequa\u00e7\u00e3o aconteceu ap\u00f3s a apresenta\u00e7\u00e3o de estudos financeiros realizados pela Secretaria da Fazenda (Semfaz) e a Procuradoria Geral do Munic\u00edpio (PGM). \u201cRecebi como surpresa que o valor seria R$ 39.700 [&hellip;]<\/p>\n","protected":false},"author":2,"featured_media":77787,"comment_status":"closed","ping_status":"closed","sticky":false,"template":"","format":"standard","meta":{"footnotes":""},"categories":[6],"tags":[],"class_list":{"0":"post-99561","1":"post","2":"type-post","3":"status-publish","4":"format-standard","5":"has-post-thumbnail","7":"category-politica"},"_links":{"self":[{"href":"https:\/\/senoticias.com.br\/se\/wp-json\/wp\/v2\/posts\/99561"}],"collection":[{"href":"https:\/\/senoticias.com.br\/se\/wp-json\/wp\/v2\/posts"}],"about":[{"href":"https:\/\/senoticias.com.br\/se\/wp-json\/wp\/v2\/types\/post"}],"author":[{"embeddable":true,"href":"https:\/\/senoticias.com.br\/se\/wp-json\/wp\/v2\/users\/2"}],"replies":[{"embeddable":true,"href":"https:\/\/senoticias.com.br\/se\/wp-json\/wp\/v2\/comments?post=99561"}],"version-history":[{"count":0,"href":"https:\/\/senoticias.com.br\/se\/wp-json\/wp\/v2\/posts\/99561\/revisions"}],"wp:featuredmedia":[{"embeddable":true,"href":"https:\/\/senoticias.com.br\/se\/wp-json\/wp\/v2\/media\/77787"}],"wp:attachment":[{"href":"https:\/\/senoticias.com.br\/se\/wp-json\/wp\/v2\/media?parent=99561"}],"wp:term":[{"taxonomy":"category","embeddable":true,"href":"https:\/\/senoticias.com.br\/se\/wp-json\/wp\/v2\/categories?post=99561"},{"taxonomy":"post_tag","embeddable":true,"href":"https:\/\/senoticias.com.br\/se\/wp-json\/wp\/v2\/tags?post=99561"}],"curies":[{"name":"wp","href":"https:\/\/api.w.org\/{rel}","templated":true}]}}