{"id":99543,"date":"2017-01-16T15:49:06","date_gmt":"2017-01-16T18:49:06","guid":{"rendered":"http:\/\/senoticias.com.br\/se\/?p=99543"},"modified":"2017-01-16T15:49:06","modified_gmt":"2017-01-16T18:49:06","slug":"governo-oficializa-reajuste-de-658-para-aposentadorias-acima-do-minimo","status":"publish","type":"post","link":"https:\/\/senoticias.com.br\/se\/governo-oficializa-reajuste-de-658-para-aposentadorias-acima-do-minimo\/","title":{"rendered":"Governo oficializa reajuste de 6,58% para aposentadorias acima do m\u00ednimo"},"content":{"rendered":"<p style=\"text-align: justify;\">Os aposentados e pensionistas do Instituto Nacional do Seguro Social (INSS) que ganham acima de um sal\u00e1rio m\u00ednimo ter\u00e3o seus benef\u00edcios reajustados em 6,58% este ano. O \u00edndice foi oficializado em portaria do Minist\u00e9rio da Fazenda publicada hoje (16) no Di\u00e1rio Oficial da Uni\u00e3o.<\/p>\n<div id=\"attachment_99544\" style=\"width: 609px\" class=\"wp-caption aligncenter\"><img loading=\"lazy\" decoding=\"async\" aria-describedby=\"caption-attachment-99544\" class=\"size-full wp-image-99544\" src=\"http:\/\/senoticias.com.br\/se\/wp-content\/uploads\/2017\/01\/SENot\u00edcias-inss_0.jpg\" alt=\"Aposentados e pensionistas do Instituto Nacional do Seguro Social que ganham acima de um sal\u00e1rio m\u00ednimo ter\u00e3o seus benef\u00edcios reajustados em 6,58% este ano (Foto: Antonio Cruz\/Ag\u00eancia Brasil)\" width=\"599\" height=\"401\" srcset=\"https:\/\/senoticias.com.br\/se\/wp-content\/uploads\/2017\/01\/SENot\u00edcias-inss_0.jpg 599w, https:\/\/senoticias.com.br\/se\/wp-content\/uploads\/2017\/01\/SENot\u00edcias-inss_0-300x201.jpg 300w, https:\/\/senoticias.com.br\/se\/wp-content\/uploads\/2017\/01\/SENot\u00edcias-inss_0-90x60.jpg 90w, https:\/\/senoticias.com.br\/se\/wp-content\/uploads\/2017\/01\/SENot\u00edcias-inss_0-180x120.jpg 180w, https:\/\/senoticias.com.br\/se\/wp-content\/uploads\/2017\/01\/SENot\u00edcias-inss_0-95x64.jpg 95w\" sizes=\"(max-width: 599px) 100vw, 599px\" \/><p id=\"caption-attachment-99544\" class=\"wp-caption-text\">Aposentados e pensionistas do Instituto Nacional do Seguro Social que ganham acima de um sal\u00e1rio m\u00ednimo ter\u00e3o seus benef\u00edcios reajustados em 6,58% este ano (Foto: Antonio Cruz\/Ag\u00eancia Brasil)<\/p><\/div>\n<p style=\"text-align: justify;\">O reajuste usa como refer\u00eancia o \u00cdndice Nacional de Pre\u00e7os ao Consumidor (INPC), divulgado na \u00faltima quarta-feira (11) pelo Instituto Brasileiro de Geografia e Estat\u00edstica (IBGE).<\/p>\n<p style=\"text-align: justify;\">Em fun\u00e7\u00e3o do INPC, a corre\u00e7\u00e3o desses benef\u00edcios ficar\u00e1 acima do reajuste do sal\u00e1rio m\u00ednimo. Desde 1\u00b0 de janeiro de 2017, o m\u00ednimo \u00e9 R$ 937, 6,48% maior que o anterior, de R$ 880.<\/p>\n<p style=\"text-align: justify;\">No ano passado, o reajuste dos benef\u00edcios do INSS ficou em 11,28%, enquanto o reajuste do sal\u00e1rio m\u00ednimo foi 11,68%, de R$ 788 para R$ 880. A portaria tamb\u00e9m traz o novo teto previdenci\u00e1rio, que passou de R$ 5.189,82, em 2016, para R$ 5.531,31, este ano.<\/p>\n<p style=\"text-align: justify;\"><strong>Pente-fino em benef\u00edcios<\/strong><\/p>\n<p style=\"text-align: justify;\">Tamb\u00e9m nesta segunda-feira, a Fazenda publicou portaria regulamentando a revis\u00e3o dos benef\u00edcios por incapacidade do INSS mantidos h\u00e1 mais de dois anos. A convoca\u00e7\u00e3o n\u00e3o inclui os aposentados por invalidez a partir de 60 anos de idade que n\u00e3o tenham retornado \u00e0 atividade.<\/p>\n<p style=\"text-align: justify;\">Os peritos m\u00e9dicos poder\u00e3o aderir pr\u00e9via e formalmente \u00e0 realiza\u00e7\u00e3o das per\u00edcias. Quem participar, ter\u00e1 direito a b\u00f4nus especial de desempenho institucional por per\u00edcia efetivamente realizada. A portaria oficializa o que j\u00e1 estava previsto na Medida Provis\u00f3ria (MP) 767, publicada no in\u00edcio da semana passada.<\/p>\n<p style=\"text-align: justify;\">A MP 767 substitui a MP 739, que tamb\u00e9m determinava revis\u00e3o dos benef\u00edcios mas perdeu a validade no ano passado, antes de ser votada no Congresso Nacional. A MP anterior, no entanto, n\u00e3o previa a exclus\u00e3o dos aposentados com 60 anos ou mais das per\u00edcias.<\/p>\n<p style=\"text-align: justify;\"><strong>Acompanhe tamb\u00e9m o SE Not\u00edcias no <a href=\"https:\/\/twitter.com\/Senoticias\">Twitter<\/a>, <a href=\"https:\/\/www.facebook.com\/PortalSENoticias\/\">Facebook <\/a>e no <a href=\"https:\/\/www.instagram.com\/senoticias\/\">Instagram<\/a><\/strong><\/p>\n<p style=\"text-align: justify;\"><img loading=\"lazy\" decoding=\"async\" class=\"aligncenter size-full wp-image-99361\" src=\"http:\/\/senoticias.com.br\/se\/wp-content\/uploads\/2017\/01\/Logo-fone-1-2-1-2-1.jpg\" alt=\"logo-fone-1-2-1-2\" width=\"599\" height=\"78\" srcset=\"https:\/\/senoticias.com.br\/se\/wp-content\/uploads\/2017\/01\/Logo-fone-1-2-1-2-1.jpg 599w, https:\/\/senoticias.com.br\/se\/wp-content\/uploads\/2017\/01\/Logo-fone-1-2-1-2-1-300x39.jpg 300w\" sizes=\"(max-width: 599px) 100vw, 599px\" \/><\/p>\n<p style=\"text-align: justify;\"><em>Da Ag\u00eancia Brasil<\/em><\/p>\n","protected":false},"excerpt":{"rendered":"<p>Os aposentados e pensionistas do Instituto Nacional do Seguro Social (INSS) que ganham acima de um sal\u00e1rio m\u00ednimo ter\u00e3o seus benef\u00edcios reajustados em 6,58% este ano. O \u00edndice foi oficializado em portaria do Minist\u00e9rio da Fazenda publicada hoje (16) no Di\u00e1rio Oficial da Uni\u00e3o. O reajuste usa como refer\u00eancia o \u00cdndice Nacional de Pre\u00e7os ao [&hellip;]<\/p>\n","protected":false},"author":2,"featured_media":99544,"comment_status":"closed","ping_status":"closed","sticky":false,"template":"","format":"standard","meta":{"footnotes":""},"categories":[1],"tags":[2001,2002,2003],"class_list":{"0":"post-99543","1":"post","2":"type-post","3":"status-publish","4":"format-standard","5":"has-post-thumbnail","7":"category-sem-categoria","8":"tag-aposentadoria","9":"tag-governo","10":"tag-reajuste"},"_links":{"self":[{"href":"https:\/\/senoticias.com.br\/se\/wp-json\/wp\/v2\/posts\/99543"}],"collection":[{"href":"https:\/\/senoticias.com.br\/se\/wp-json\/wp\/v2\/posts"}],"about":[{"href":"https:\/\/senoticias.com.br\/se\/wp-json\/wp\/v2\/types\/post"}],"author":[{"embeddable":true,"href":"https:\/\/senoticias.com.br\/se\/wp-json\/wp\/v2\/users\/2"}],"replies":[{"embeddable":true,"href":"https:\/\/senoticias.com.br\/se\/wp-json\/wp\/v2\/comments?post=99543"}],"version-history":[{"count":0,"href":"https:\/\/senoticias.com.br\/se\/wp-json\/wp\/v2\/posts\/99543\/revisions"}],"wp:featuredmedia":[{"embeddable":true,"href":"https:\/\/senoticias.com.br\/se\/wp-json\/wp\/v2\/media\/99544"}],"wp:attachment":[{"href":"https:\/\/senoticias.com.br\/se\/wp-json\/wp\/v2\/media?parent=99543"}],"wp:term":[{"taxonomy":"category","embeddable":true,"href":"https:\/\/senoticias.com.br\/se\/wp-json\/wp\/v2\/categories?post=99543"},{"taxonomy":"post_tag","embeddable":true,"href":"https:\/\/senoticias.com.br\/se\/wp-json\/wp\/v2\/tags?post=99543"}],"curies":[{"name":"wp","href":"https:\/\/api.w.org\/{rel}","templated":true}]}}