{"id":99539,"date":"2017-01-16T14:55:35","date_gmt":"2017-01-16T17:55:35","guid":{"rendered":"http:\/\/senoticias.com.br\/se\/?p=99539"},"modified":"2017-01-16T20:13:23","modified_gmt":"2017-01-16T23:13:23","slug":"prefeitura-de-japaratuba-realiza-xvi-festival-de-artes-arthur-bispo-do-rosario","status":"publish","type":"post","link":"https:\/\/senoticias.com.br\/se\/prefeitura-de-japaratuba-realiza-xvi-festival-de-artes-arthur-bispo-do-rosario\/","title":{"rendered":"Prefeitura de Japaratuba realiza XVI Festival de Artes Arthur Bispo do Ros\u00e1rio"},"content":{"rendered":"<div style=\"text-align: justify;\">A Prefeitura Municipal de Japaratuba, atrav\u00e9s da Secretaria Municipal de Cultura, Turismo e Eventos, realiza, de 16 \u00e0 21 de janeiro de 2017, o XVI Festival de Artes Arthur Bispo do Ros\u00e1rio. O evento conta com oficinas e apresenta\u00e7\u00f5es culturais envolvendo dezenas de grupos tradicionais do munic\u00edpio. Nesta segunda-feira, 16 atra\u00e7\u00f5es comandam a programa\u00e7\u00e3o.<img loading=\"lazy\" decoding=\"async\" class=\"aligncenter size-full wp-image-99540\" src=\"http:\/\/senoticias.com.br\/se\/wp-content\/uploads\/2017\/01\/Japaratuba-SE-Noticias-e1484589288440.jpg\" alt=\"Japaratuba SE Noticias\" width=\"599\" height=\"293\" \/><\/div>\n<div style=\"text-align: justify;\"><\/div>\n<div style=\"text-align: justify;\">Segundo os organizadores, a festividade \u00e9 uma das principais marcas da cidade e, este ano, nomes como Eduardo Carvalho Cabral &#8212; \u00a0personalidade japaratubense falecida no in\u00edcio de 2016 &#8212; est\u00e3o sendo homenageados. \u201cO evento conta com uma programa\u00e7\u00e3o recheada de apresenta\u00e7\u00f5es culturais, folcl\u00f3ricas e art\u00edsticas, sendo uma das maiores manifesta\u00e7\u00f5es do g\u00eanero de todo o estado\u201d, explica o secret\u00e1rio de Cultura, Periclys Rocha.<\/div>\n<div><\/div>\n<div style=\"text-align: justify;\">Na noite de abertura, o Reisado de Dona Bizu, Reisado do Marimbondo, P\u00edfanos Zabumbadores do Mestre Ad\u00e3o, Filarm\u00f4nica Santa Teresinha e outros grupos de dan\u00e7a, comp\u00f5em a programa\u00e7\u00e3o. Al\u00e9m de tr\u00eas bandas. \u201cUm evento feito exclusivamente pelos artistas da terra, corroborando a valoriza\u00e7\u00e3o dos talentos japaratubenses. Nossa terra \u00e9 rica em cultura e, por isso, temos uma aten\u00e7\u00e3o especial em oportunizar \u00e0queles que s\u00e3o daqui e carregam a nossa tradi\u00e7\u00e3o em sua hist\u00f3ria\u201d, complementa o secret\u00e1rio.<\/div>\n<div style=\"text-align: justify;\"><\/div>\n<div><img loading=\"lazy\" decoding=\"async\" class=\"aligncenter size-full wp-image-99361\" src=\"http:\/\/senoticias.com.br\/se\/wp-content\/uploads\/2017\/01\/Logo-fone-1-2-1-2-1.jpg\" alt=\"logo-fone-1-2-1-2\" width=\"599\" height=\"78\" srcset=\"https:\/\/senoticias.com.br\/se\/wp-content\/uploads\/2017\/01\/Logo-fone-1-2-1-2-1.jpg 599w, https:\/\/senoticias.com.br\/se\/wp-content\/uploads\/2017\/01\/Logo-fone-1-2-1-2-1-300x39.jpg 300w\" sizes=\"(max-width: 599px) 100vw, 599px\" \/><\/div>\n<div><strong>Acompanhe tamb\u00e9m o SE Not\u00edcias no<\/strong><span class=\"apple-converted-space\"><b>\u00a0<\/b><\/span><strong><a href=\"https:\/\/twitter.com\/Senoticias\" target=\"_blank\">Twitter<\/a>,<\/strong><span class=\"apple-converted-space\"><b>\u00a0<\/b><\/span><strong><a href=\"https:\/\/www.facebook.com\/senoticias1\" target=\"_blank\">Facebook<span class=\"apple-converted-space\">\u00a0<\/span><\/a>e no<\/strong><span class=\"apple-converted-space\"><b>\u00a0<\/b><\/span><strong><a href=\"https:\/\/www.instagram.com\/senoticias\/\" target=\"_blank\">Instagram<\/a><\/strong><\/div>\n<div><\/div>\n<div>Secom\/Prefeitura Municipal de Japaratuba<\/div>\n","protected":false},"excerpt":{"rendered":"<p>A Prefeitura Municipal de Japaratuba, atrav\u00e9s da Secretaria Municipal de Cultura, Turismo e Eventos, realiza, de 16 \u00e0 21 de janeiro de 2017, o XVI Festival de Artes Arthur Bispo do Ros\u00e1rio. O evento conta com oficinas e apresenta\u00e7\u00f5es culturais envolvendo dezenas de grupos tradicionais do munic\u00edpio. Nesta segunda-feira, 16 atra\u00e7\u00f5es comandam a programa\u00e7\u00e3o. Segundo [&hellip;]<\/p>\n","protected":false},"author":2,"featured_media":99540,"comment_status":"closed","ping_status":"closed","sticky":false,"template":"","format":"standard","meta":{"footnotes":""},"categories":[15,38],"tags":[],"class_list":{"0":"post-99539","1":"post","2":"type-post","3":"status-publish","4":"format-standard","5":"has-post-thumbnail","7":"category-destaques","8":"category-municipios"},"_links":{"self":[{"href":"https:\/\/senoticias.com.br\/se\/wp-json\/wp\/v2\/posts\/99539"}],"collection":[{"href":"https:\/\/senoticias.com.br\/se\/wp-json\/wp\/v2\/posts"}],"about":[{"href":"https:\/\/senoticias.com.br\/se\/wp-json\/wp\/v2\/types\/post"}],"author":[{"embeddable":true,"href":"https:\/\/senoticias.com.br\/se\/wp-json\/wp\/v2\/users\/2"}],"replies":[{"embeddable":true,"href":"https:\/\/senoticias.com.br\/se\/wp-json\/wp\/v2\/comments?post=99539"}],"version-history":[{"count":0,"href":"https:\/\/senoticias.com.br\/se\/wp-json\/wp\/v2\/posts\/99539\/revisions"}],"wp:featuredmedia":[{"embeddable":true,"href":"https:\/\/senoticias.com.br\/se\/wp-json\/wp\/v2\/media\/99540"}],"wp:attachment":[{"href":"https:\/\/senoticias.com.br\/se\/wp-json\/wp\/v2\/media?parent=99539"}],"wp:term":[{"taxonomy":"category","embeddable":true,"href":"https:\/\/senoticias.com.br\/se\/wp-json\/wp\/v2\/categories?post=99539"},{"taxonomy":"post_tag","embeddable":true,"href":"https:\/\/senoticias.com.br\/se\/wp-json\/wp\/v2\/tags?post=99539"}],"curies":[{"name":"wp","href":"https:\/\/api.w.org\/{rel}","templated":true}]}}