{"id":99535,"date":"2017-01-16T14:25:40","date_gmt":"2017-01-16T17:25:40","guid":{"rendered":"http:\/\/senoticias.com.br\/se\/?p=99535"},"modified":"2017-01-16T14:25:40","modified_gmt":"2017-01-16T17:25:40","slug":"prefeito-de-sao-cristovao-encontra-caixas-de-medicamentos-vencidos-frota-sucateada-e-urgencia-fechada","status":"publish","type":"post","link":"https:\/\/senoticias.com.br\/se\/prefeito-de-sao-cristovao-encontra-caixas-de-medicamentos-vencidos-frota-sucateada-e-urgencia-fechada\/","title":{"rendered":"Prefeito de S\u00e3o Crist\u00f3v\u00e3o encontra caixas de medicamentos vencidos, frota sucateada e urg\u00eancia fechada"},"content":{"rendered":"<div style=\"text-align: justify;\">Descaso e abandono retratam a situa\u00e7\u00e3o da Sa\u00fade encontrada pela nova gest\u00e3o de S\u00e3o Crist\u00f3v\u00e3o. O quadro \u00e9 assustador: profissionais da \u00e1rea dispensados; rem\u00e9dios vencidos, e largados em \u201cdep\u00f3sitos\u201d improvisados; unidades de sa\u00fade em condi\u00e7\u00f5es prec\u00e1rias de funcionamento; equipamentos danificados; carros e ambul\u00e2ncias abandonados na garagem, tomados pela vegeta\u00e7\u00e3o. Para ter uma ideia, at\u00e9 materiais ambulatoriais b\u00e1sicos &#8211; de curativo, por exemplo -, faltam ou foram encontrados num estoque m\u00ednimo. Um total desrespeito pela popula\u00e7\u00e3o e desperd\u00edcio de dinheiro p\u00fablico.<\/p>\n<div id=\"attachment_99536\" style=\"width: 418px\" class=\"wp-caption aligncenter\"><img loading=\"lazy\" decoding=\"async\" aria-describedby=\"caption-attachment-99536\" class=\"size-full wp-image-99536\" src=\"http:\/\/senoticias.com.br\/se\/wp-content\/uploads\/2017\/01\/saude-caos-em-Soa-cristovao-SE-noticias.jpg\" alt=\"Dezenas de caixas de medicamentos vencidos foram encontradas na secretaria de sa\u00fade. (Foto: M\u00e1rcio Garcez)\" width=\"408\" height=\"612\" srcset=\"https:\/\/senoticias.com.br\/se\/wp-content\/uploads\/2017\/01\/saude-caos-em-Soa-cristovao-SE-noticias.jpg 408w, https:\/\/senoticias.com.br\/se\/wp-content\/uploads\/2017\/01\/saude-caos-em-Soa-cristovao-SE-noticias-200x300.jpg 200w\" sizes=\"(max-width: 408px) 100vw, 408px\" \/><p id=\"caption-attachment-99536\" class=\"wp-caption-text\">Dezenas de caixas de medicamentos vencidos foram encontradas na secretaria de sa\u00fade. (Foto: M\u00e1rcio Garcez)<\/p><\/div>\n<\/div>\n<div style=\"text-align: justify;\"><\/div>\n<div style=\"text-align: justify;\">Segundo a secret\u00e1ria interina da Sa\u00fade de S\u00e3o Crist\u00f3v\u00e3o, Adilene Lima, a realidade exige uma a\u00e7\u00e3o r\u00e1pida e emergencial para que a popula\u00e7\u00e3o n\u00e3o seja ainda mais prejudicada. \u201cEstamos concluindo um levantamento de tudo que nos foi passado, mas podemos afirmar que o quadro \u00e9 de abandono. Toda a equipe de Sa\u00fade est\u00e1 mobilizada para continuar o atendimento, ainda que n\u00e3o de maneira satisfat\u00f3ria, porque as condi\u00e7\u00f5es encontradas n\u00e3o permitem. Temos, de fato, que organizar a casa e, em paralelo, oferecer os servi\u00e7os, porque \u00e9 uma \u00e1rea que n\u00e3o pode parar\u201d, pondera.<\/p>\n<div id=\"attachment_99537\" style=\"width: 609px\" class=\"wp-caption aligncenter\"><img loading=\"lazy\" decoding=\"async\" aria-describedby=\"caption-attachment-99537\" class=\"size-full wp-image-99537\" src=\"http:\/\/senoticias.com.br\/se\/wp-content\/uploads\/2017\/01\/Caos-na-saude-de-Sao-Cristovao-SE-Noticias-e1484586877477.jpeg\" alt=\" A prefeitura vai pedir uma investiga\u00e7\u00e3o do TCE e Minist\u00e9rio P\u00fablico. (Foto: M\u00e1rcio Garcez) \" width=\"599\" height=\"399\" \/><p id=\"caption-attachment-99537\" class=\"wp-caption-text\"><br \/>A prefeitura vai pedir uma investiga\u00e7\u00e3o do TCE e Minist\u00e9rio P\u00fablico. (Foto: M\u00e1rcio Garcez)<\/p><\/div>\n<\/div>\n<div><\/div>\n<div style=\"text-align: justify;\">Uma das a\u00e7\u00f5es emergenciais \u00e9 reorganizar o quadro de profissionais, especialmente, enfermeiros e m\u00e9dicos. As equipes da Sa\u00fade &#8211; 22 no total, entre unidades b\u00e1sicas e de sa\u00fade da fam\u00edlia &#8211; n\u00e3o t\u00eam condi\u00e7\u00f5es de oferecer os servi\u00e7os adequados, justamente por falta de pessoal. \u201cEm uma equipe falta m\u00e9dico; em outra, enfermeiro; na outra, os dois. \u00c9 um absurdo. Mas j\u00e1 estamos resolvendo a quest\u00e3o, inclusive, retomando o atendimento odontol\u00f3gico, cujos equipamentos encontramos quebrados\u201d, explica Lima. \u201cPara a falta de profissionais, a proposta \u00e9 contrata\u00e7\u00e3o emergencial de m\u00e9dicos e enfermeiros, por meio de processo seletivo\u201d, complementa a secret\u00e1ria.<\/div>\n<div style=\"text-align: justify;\">\n<div id=\"attachment_99538\" style=\"width: 609px\" class=\"wp-caption aligncenter\"><img loading=\"lazy\" decoding=\"async\" aria-describedby=\"caption-attachment-99538\" class=\"size-full wp-image-99538\" src=\"http:\/\/senoticias.com.br\/se\/wp-content\/uploads\/2017\/01\/Saude-coas-SE-noticias-e1484587265977.jpeg\" alt=\"O material foi identificado numa vistoria que servidores da nova gest\u00e3o est\u00e3o fazendo para levantar quais os pr\u00e9dios p\u00fablicos da prefeitura. (Foto: M\u00e1rcio Garcez)\" width=\"599\" height=\"399\" \/><p id=\"caption-attachment-99538\" class=\"wp-caption-text\">O material foi identificado numa vistoria que servidores da nova gest\u00e3o est\u00e3o fazendo para levantar quais os pr\u00e9dios p\u00fablicos da prefeitura. (Foto: M\u00e1rcio Garcez)<\/p><\/div>\n<\/div>\n<div style=\"text-align: justify;\"><\/div>\n<div style=\"text-align: justify;\"><b>Ve\u00edculos tomados pela vegeta\u00e7\u00e3o<\/b> &#8211; Outra demanda imediata \u00e9 solucionar o problema dos ve\u00edculos &#8211; hoje s\u00f3 est\u00e3o dispon\u00edveis duas motos, uma ambul\u00e2ncia, um carro pequeno e um maior, que transporte pacientes que realizam tratamento em Aracaju (hemodi\u00e1lise, oncologia e fisioterapia). Enquanto isso, carros espec\u00edficos da Sa\u00fade, entre outros, foram encontrados abandonas na garagem do munic\u00edpio, alguns sendo tomados pela vegeta\u00e7\u00e3o. \u201c\u00c9 um descaso total\u201d, resume a secret\u00e1ria. Descaso tamb\u00e9m encontrado no armazenamento e descarte de rem\u00e9dios e materiais ambulatoriais. Quantidade significativa de rem\u00e9dios vencidos foi encontrada, inclusive, na sede da Secretaria de Sa\u00fade. Um levantamento est\u00e1 sendo feito, por uma t\u00e9cnica da \u00e1rea, para separar o que ainda pode ser utilizado, al\u00e9m da contrata\u00e7\u00e3o de uma empresa especializada para retirar os rem\u00e9dios vencidos dos locais onde se encontram.<\/div>\n<div><\/div>\n<div style=\"text-align: justify;\"><b>Rem\u00e9dios vencidos<\/b> &#8211; Trabalho dificultado porque o sistema de controle de almoxarifado foi encontrado bloqueado, impedindo o acesso a um invent\u00e1rio. \u201cEstamos fazendo esse levantamento inicial de medicamento e materiais, e tomando as devidas provid\u00eancias para reposi\u00e7\u00e3o. Muita coisa falta para reabastecer os postos, como rem\u00e9dios para hipertens\u00e3o e diabetes, al\u00e9m de material de curativo\u201d, conta o coordenador do Departamento Administrativo Financeiro (DAF), Valfredo Dantas.<\/div>\n<div style=\"text-align: justify;\"><\/div>\n<div style=\"text-align: justify;\">Realidade sentida nos pontos de sa\u00fade. Na Unidade B\u00e1sica Governador Valadares Filho, por exemplo, o abandono \u00e9 vis\u00edvel. Paredes descascadas, banheiros com infiltra\u00e7\u00e3o, estruturas f\u00edsicas prec\u00e1rias &#8211; j\u00e1 comprometendo, inclusive, o saneamento b\u00e1sico-, falta de computadores &#8211; todos os prontu\u00e1rios do pacientes s\u00e3o utilizados manualmente, n\u00e3o h\u00e1 nenhum registro informatizado. A ideia, inclusive, \u00e9 realizar uma reforma na unidade, transferindo-a provisoriamente para outro local \u2013 a viabilidade da proposta ainda est\u00e1 sendo analisada pela secretaria.<\/div>\n<div><\/div>\n<div style=\"text-align: justify;\">Diante do quadro, a atual gest\u00e3o municipal busca solu\u00e7\u00f5es emergenciais ao mesmo tempo em que coloca em pr\u00e1tica o plano de a\u00e7\u00e3o para reestruturar a Sa\u00fade no munic\u00edpio. \u201cPodemos dizer que encontramos a Sa\u00fade desestruturada para tudo. Est\u00e1 funcionando pela boa vontade da equipe. Mas vamos modificar essa realidade e trazer um tempo novo para a Sa\u00fade em S\u00e3o Crist\u00f3v\u00e3o\u201d, garante a secret\u00e1ria.<\/div>\n<div style=\"text-align: justify;\"><\/div>\n<div style=\"text-align: justify;\"><img loading=\"lazy\" decoding=\"async\" class=\"aligncenter size-full wp-image-99361\" src=\"http:\/\/senoticias.com.br\/se\/wp-content\/uploads\/2017\/01\/Logo-fone-1-2-1-2-1.jpg\" alt=\"logo-fone-1-2-1-2\" width=\"599\" height=\"78\" srcset=\"https:\/\/senoticias.com.br\/se\/wp-content\/uploads\/2017\/01\/Logo-fone-1-2-1-2-1.jpg 599w, https:\/\/senoticias.com.br\/se\/wp-content\/uploads\/2017\/01\/Logo-fone-1-2-1-2-1-300x39.jpg 300w\" sizes=\"(max-width: 599px) 100vw, 599px\" \/><\/div>\n<div style=\"text-align: justify;\"><\/div>\n<div style=\"text-align: justify;\"><strong>Acompanhe tamb\u00e9m o SE Not\u00edcias no<\/strong><span class=\"apple-converted-space\"><b>\u00a0<\/b><\/span><strong><a href=\"https:\/\/twitter.com\/Senoticias\" target=\"_blank\">Twitter<\/a>,<\/strong><span class=\"apple-converted-space\"><b>\u00a0<\/b><\/span><strong><a href=\"https:\/\/www.facebook.com\/senoticias1\" target=\"_blank\">Facebook<span class=\"apple-converted-space\">\u00a0<\/span><\/a>e no<\/strong><span class=\"apple-converted-space\"><b>\u00a0<\/b><\/span><strong><a href=\"https:\/\/www.instagram.com\/senoticias\/\" target=\"_blank\">Instagram<\/a><\/strong><\/div>\n<div style=\"text-align: justify;\">Mat\u00e9ria enviada pela ascom\/PMSC<\/div>\n","protected":false},"excerpt":{"rendered":"<p>Descaso e abandono retratam a situa\u00e7\u00e3o da Sa\u00fade encontrada pela nova gest\u00e3o de S\u00e3o Crist\u00f3v\u00e3o. O quadro \u00e9 assustador: profissionais da \u00e1rea dispensados; rem\u00e9dios vencidos, e largados em \u201cdep\u00f3sitos\u201d improvisados; unidades de sa\u00fade em condi\u00e7\u00f5es prec\u00e1rias de funcionamento; equipamentos danificados; carros e ambul\u00e2ncias abandonados na garagem, tomados pela vegeta\u00e7\u00e3o. Para ter uma ideia, at\u00e9 materiais [&hellip;]<\/p>\n","protected":false},"author":2,"featured_media":99536,"comment_status":"closed","ping_status":"closed","sticky":false,"template":"","format":"standard","meta":{"footnotes":""},"categories":[15,38],"tags":[],"class_list":{"0":"post-99535","1":"post","2":"type-post","3":"status-publish","4":"format-standard","5":"has-post-thumbnail","7":"category-destaques","8":"category-municipios"},"_links":{"self":[{"href":"https:\/\/senoticias.com.br\/se\/wp-json\/wp\/v2\/posts\/99535"}],"collection":[{"href":"https:\/\/senoticias.com.br\/se\/wp-json\/wp\/v2\/posts"}],"about":[{"href":"https:\/\/senoticias.com.br\/se\/wp-json\/wp\/v2\/types\/post"}],"author":[{"embeddable":true,"href":"https:\/\/senoticias.com.br\/se\/wp-json\/wp\/v2\/users\/2"}],"replies":[{"embeddable":true,"href":"https:\/\/senoticias.com.br\/se\/wp-json\/wp\/v2\/comments?post=99535"}],"version-history":[{"count":0,"href":"https:\/\/senoticias.com.br\/se\/wp-json\/wp\/v2\/posts\/99535\/revisions"}],"wp:featuredmedia":[{"embeddable":true,"href":"https:\/\/senoticias.com.br\/se\/wp-json\/wp\/v2\/media\/99536"}],"wp:attachment":[{"href":"https:\/\/senoticias.com.br\/se\/wp-json\/wp\/v2\/media?parent=99535"}],"wp:term":[{"taxonomy":"category","embeddable":true,"href":"https:\/\/senoticias.com.br\/se\/wp-json\/wp\/v2\/categories?post=99535"},{"taxonomy":"post_tag","embeddable":true,"href":"https:\/\/senoticias.com.br\/se\/wp-json\/wp\/v2\/tags?post=99535"}],"curies":[{"name":"wp","href":"https:\/\/api.w.org\/{rel}","templated":true}]}}