{"id":99532,"date":"2017-01-16T07:29:39","date_gmt":"2017-01-16T10:29:39","guid":{"rendered":"http:\/\/senoticias.com.br\/se\/?p=99532"},"modified":"2017-01-17T13:22:12","modified_gmt":"2017-01-17T16:22:12","slug":"suspeito-de-assaltos-na-praia-do-robalo-morre-em-confronto-com-a-policia-militar","status":"publish","type":"post","link":"https:\/\/senoticias.com.br\/se\/suspeito-de-assaltos-na-praia-do-robalo-morre-em-confronto-com-a-policia-militar\/","title":{"rendered":"Suspeito de assaltos na Praia do Robalo morre em confronto com a Pol\u00edcia Militar"},"content":{"rendered":"<p style=\"text-align: justify;\">A Pol\u00edcia Militar do Estado de Sergipe, por meio do Batalh\u00e3o de Policiamento Tur\u00edstico (BPTur), apreendeu na noite desse s\u00e1bado, 14, um rifle calibre 22 que estava em poder de um acusado de cometer roubos na regi\u00e3o do Robalo, em Aracaju.<\/p>\n<div id=\"attachment_99533\" style=\"width: 609px\" class=\"wp-caption aligncenter\"><img loading=\"lazy\" decoding=\"async\" aria-describedby=\"caption-attachment-99533\" class=\"size-full wp-image-99533\" src=\"http:\/\/senoticias.com.br\/se\/wp-content\/uploads\/2017\/01\/Suspeito-morto-SE-Noticias-e1484562484828.png\" alt=\"Rifle calibre 22 foi apreendido com suspeito, segundo a pol\u00edcia.. (Foto: PM\/SE)\" width=\"599\" height=\"449\" \/><p id=\"caption-attachment-99533\" class=\"wp-caption-text\">Rifle calibre 22 foi apreendido com suspeito, segundo a pol\u00edcia.. (Foto: PM\/SE)<\/p><\/div>\n<p style=\"text-align: justify;\">A a\u00e7\u00e3o aconteceu por volta das 22h, quando uma guarni\u00e7\u00e3o policial foi acionada via Centro Integrado de Opera\u00e7\u00f5es em Seguran\u00e7a P\u00fablica (CIOSP), \u00a0para atender ocorr\u00eancia onde dois indiv\u00edduos supostamente armados, transitavam em um ciclomotor de cor preta, cometendo roubos naquela localidade.<\/p>\n<p style=\"text-align: justify;\">Os policiais realizaram dilig\u00eancias no local indicado e localizaram um suspeito com as caracter\u00edsticas mencionadas pelo CIOSP. Ap\u00f3s voz de parada por parte dos PMs, o infrator fugiu. Pr\u00f3ximo a um matagal, o homem foi alcan\u00e7ado, mas efetuou seis disparos contra a guarni\u00e7\u00e3o, tendo um dos tiros atingido o cap\u00f4 da viatura.<\/p>\n<p style=\"text-align: justify;\">Os policiais revidaram a injusta agress\u00e3o e o acusado foi atingido, sendo imediatamente encaminhado ao Hospital de Urg\u00eancia de Sergipe (HUSE). O suspeito n\u00e3o resistiu aos ferimentos e veio a \u00f3bito. O caso foi encaminhado ao Complexo de Opera\u00e7\u00f5es Policiais Especiais (Cope) da Pol\u00edcia Civil.<\/p>\n<p style=\"text-align: justify;\"><img loading=\"lazy\" decoding=\"async\" class=\"aligncenter size-full wp-image-99361\" src=\"http:\/\/senoticias.com.br\/se\/wp-content\/uploads\/2017\/01\/Logo-fone-1-2-1-2-1.jpg\" alt=\"logo-fone-1-2-1-2\" width=\"599\" height=\"78\" srcset=\"https:\/\/senoticias.com.br\/se\/wp-content\/uploads\/2017\/01\/Logo-fone-1-2-1-2-1.jpg 599w, https:\/\/senoticias.com.br\/se\/wp-content\/uploads\/2017\/01\/Logo-fone-1-2-1-2-1-300x39.jpg 300w\" sizes=\"(max-width: 599px) 100vw, 599px\" \/><\/p>\n<p style=\"text-align: justify;\">\u00a0<strong>Acompanhe tamb\u00e9m o SE Not\u00edcias no<\/strong><span class=\"apple-converted-space\"><b>\u00a0<\/b><\/span><strong><a href=\"https:\/\/twitter.com\/Senoticias\" target=\"_blank\">Twitter<\/a>,<\/strong><span class=\"apple-converted-space\"><b>\u00a0<\/b><\/span><strong><a href=\"https:\/\/www.facebook.com\/senoticias1\" target=\"_blank\">Facebook<span class=\"apple-converted-space\">\u00a0<\/span><\/a>e no<\/strong><span class=\"apple-converted-space\"><b>\u00a0<\/b><\/span><strong><a href=\"https:\/\/www.instagram.com\/senoticias\/\" target=\"_blank\">Instagram<\/a><\/strong><\/p>\n<p style=\"text-align: justify;\"><em>Informa\u00e7\u00f5es do site da PM\/SE<\/em><\/p>\n","protected":false},"excerpt":{"rendered":"<p>A Pol\u00edcia Militar do Estado de Sergipe, por meio do Batalh\u00e3o de Policiamento Tur\u00edstico (BPTur), apreendeu na noite desse s\u00e1bado, 14, um rifle calibre 22 que estava em poder de um acusado de cometer roubos na regi\u00e3o do Robalo, em Aracaju. A a\u00e7\u00e3o aconteceu por volta das 22h, quando uma guarni\u00e7\u00e3o policial foi acionada via [&hellip;]<\/p>\n","protected":false},"author":2,"featured_media":99533,"comment_status":"closed","ping_status":"closed","sticky":false,"template":"","format":"standard","meta":{"footnotes":""},"categories":[15,7],"tags":[],"class_list":{"0":"post-99532","1":"post","2":"type-post","3":"status-publish","4":"format-standard","5":"has-post-thumbnail","7":"category-destaques","8":"category-policia"},"_links":{"self":[{"href":"https:\/\/senoticias.com.br\/se\/wp-json\/wp\/v2\/posts\/99532"}],"collection":[{"href":"https:\/\/senoticias.com.br\/se\/wp-json\/wp\/v2\/posts"}],"about":[{"href":"https:\/\/senoticias.com.br\/se\/wp-json\/wp\/v2\/types\/post"}],"author":[{"embeddable":true,"href":"https:\/\/senoticias.com.br\/se\/wp-json\/wp\/v2\/users\/2"}],"replies":[{"embeddable":true,"href":"https:\/\/senoticias.com.br\/se\/wp-json\/wp\/v2\/comments?post=99532"}],"version-history":[{"count":0,"href":"https:\/\/senoticias.com.br\/se\/wp-json\/wp\/v2\/posts\/99532\/revisions"}],"wp:featuredmedia":[{"embeddable":true,"href":"https:\/\/senoticias.com.br\/se\/wp-json\/wp\/v2\/media\/99533"}],"wp:attachment":[{"href":"https:\/\/senoticias.com.br\/se\/wp-json\/wp\/v2\/media?parent=99532"}],"wp:term":[{"taxonomy":"category","embeddable":true,"href":"https:\/\/senoticias.com.br\/se\/wp-json\/wp\/v2\/categories?post=99532"},{"taxonomy":"post_tag","embeddable":true,"href":"https:\/\/senoticias.com.br\/se\/wp-json\/wp\/v2\/tags?post=99532"}],"curies":[{"name":"wp","href":"https:\/\/api.w.org\/{rel}","templated":true}]}}