{"id":99526,"date":"2017-01-16T07:02:12","date_gmt":"2017-01-16T10:02:12","guid":{"rendered":"http:\/\/senoticias.com.br\/se\/?p=99526"},"modified":"2017-01-17T13:25:33","modified_gmt":"2017-01-17T16:25:33","slug":"contribuinte-pode-atualizar-cpf-pela-internet-a-partir-desta-segunda-feira","status":"publish","type":"post","link":"https:\/\/senoticias.com.br\/se\/contribuinte-pode-atualizar-cpf-pela-internet-a-partir-desta-segunda-feira\/","title":{"rendered":"Contribuinte pode atualizar CPF pela internet a partir desta segunda-feira"},"content":{"rendered":"<p style=\"text-align: justify;\">A partir desta segunda-feira (16), o contribuinte poder\u00e1 atualizar o CPF pela internet. A Receita Federal oferecer\u00e1, no <a href=\"http:\/\/www.receita.fazenda.gov.br\/\" target=\"_blank\">site do \u00f3rg\u00e3o<\/a>, um formul\u00e1rio eletr\u00f4nico que permite a altera\u00e7\u00e3o instant\u00e2nea de dados como nome, endere\u00e7o, telefone e t\u00edtulo de eleitor.<\/p>\n<div id=\"attachment_99530\" style=\"width: 609px\" class=\"wp-caption aligncenter\"><img loading=\"lazy\" decoding=\"async\" aria-describedby=\"caption-attachment-99530\" class=\"size-full wp-image-99530\" src=\"http:\/\/senoticias.com.br\/se\/wp-content\/uploads\/2017\/01\/CPF-PORTAL-SE-NOTICIAS-e1484561205778.png\" alt=\"O novo servi\u00e7o ser\u00e1 gratuito. (Foto: ag\u00eancia Brasil)\" width=\"599\" height=\"398\" \/><p id=\"caption-attachment-99530\" class=\"wp-caption-text\">O novo servi\u00e7o ser\u00e1 gratuito. (Foto: ag\u00eancia Brasil)<\/p><\/div>\n<p style=\"text-align: justify;\">Segundo a Receita, o servi\u00e7o estar\u00e1 dispon\u00edvel 24 horas por dia e poder\u00e1 ser usado tanto por brasileiros como por estrangeiros residentes no Brasil, independentemente da idade. O \u00f3rg\u00e3o estima que 191 milh\u00f5es de contribuintes ser\u00e3o beneficiados pela ferramenta.<\/p>\n<p style=\"text-align: justify;\">O novo servi\u00e7o ser\u00e1 gratuito. Atualmente, o contribuinte que deseja atualizar o CPF precisa ir a uma unidade dos Correios, da Caixa Econ\u00f4mica Federal ou do Banco do Brasil e deve pagar R$ 7 de tarifa de servi\u00e7o.<\/p>\n<p><strong>Novo comprovante<\/strong><\/p>\n<p style=\"text-align: justify;\">Tamb\u00e9m amanh\u00e3, a Receita lan\u00e7ar\u00e1 os novos modelos de comprovante de inscri\u00e7\u00e3o e de situa\u00e7\u00e3o cadastral no CPF, que continuar\u00e3o a ser emitidos na p\u00e1gina da Receita Federal. A principal mudan\u00e7a est\u00e1 na forma de autentica\u00e7\u00e3o, que ser\u00e1 feita por meio de QR Code, tipo de c\u00f3digo usado em dispositivos m\u00f3veis.<\/p>\n<p style=\"text-align: justify;\">Atualmente, os comprovantes podem ser emitidos na p\u00e1gina da Receita na internet. No entanto, de acordo com o \u00f3rg\u00e3o, o servi\u00e7o \u00e9 pouco usado porque a autentica\u00e7\u00e3o exige que os dados do documento (n\u00famero de inscri\u00e7\u00e3o, c\u00f3digo de controle, data da emiss\u00e3o e hora da emiss\u00e3o) sejam informados na \u00edntegra para valida\u00e7\u00e3o. Os dados dos comprovantes CPF com o QR Code ser\u00e3o validados em tempo real com as informa\u00e7\u00f5es da base de dados da Receita Federal.<img loading=\"lazy\" decoding=\"async\" class=\"aligncenter size-full wp-image-99361\" src=\"http:\/\/senoticias.com.br\/se\/wp-content\/uploads\/2017\/01\/Logo-fone-1-2-1-2-1.jpg\" alt=\"logo-fone-1-2-1-2\" width=\"599\" height=\"78\" srcset=\"https:\/\/senoticias.com.br\/se\/wp-content\/uploads\/2017\/01\/Logo-fone-1-2-1-2-1.jpg 599w, https:\/\/senoticias.com.br\/se\/wp-content\/uploads\/2017\/01\/Logo-fone-1-2-1-2-1-300x39.jpg 300w\" sizes=\"(max-width: 599px) 100vw, 599px\" \/><\/p>\n<p style=\"text-align: justify;\">\u00a0<strong>Acompanhe tamb\u00e9m o SE Not\u00edcias no<\/strong><span class=\"apple-converted-space\"><b>\u00a0<\/b><\/span><strong><a href=\"https:\/\/twitter.com\/Senoticias\" target=\"_blank\">Twitter<\/a>,<\/strong><span class=\"apple-converted-space\"><b>\u00a0<\/b><\/span><strong><a href=\"https:\/\/www.facebook.com\/senoticias1\" target=\"_blank\">Facebook<span class=\"apple-converted-space\">\u00a0<\/span><\/a>e no<\/strong><span class=\"apple-converted-space\"><b>\u00a0<\/b><\/span><strong><a href=\"https:\/\/www.instagram.com\/senoticias\/\" target=\"_blank\">Instagram<\/a><\/strong><\/p>\n<p style=\"text-align: justify;\"><em>Ag\u00eancia Brasil<\/em><\/p>\n","protected":false},"excerpt":{"rendered":"<p>A partir desta segunda-feira (16), o contribuinte poder\u00e1 atualizar o CPF pela internet. A Receita Federal oferecer\u00e1, no site do \u00f3rg\u00e3o, um formul\u00e1rio eletr\u00f4nico que permite a altera\u00e7\u00e3o instant\u00e2nea de dados como nome, endere\u00e7o, telefone e t\u00edtulo de eleitor. Segundo a Receita, o servi\u00e7o estar\u00e1 dispon\u00edvel 24 horas por dia e poder\u00e1 ser usado tanto [&hellip;]<\/p>\n","protected":false},"author":2,"featured_media":99530,"comment_status":"closed","ping_status":"closed","sticky":false,"template":"","format":"standard","meta":{"footnotes":""},"categories":[15,6],"tags":[],"class_list":{"0":"post-99526","1":"post","2":"type-post","3":"status-publish","4":"format-standard","5":"has-post-thumbnail","7":"category-destaques","8":"category-politica"},"_links":{"self":[{"href":"https:\/\/senoticias.com.br\/se\/wp-json\/wp\/v2\/posts\/99526"}],"collection":[{"href":"https:\/\/senoticias.com.br\/se\/wp-json\/wp\/v2\/posts"}],"about":[{"href":"https:\/\/senoticias.com.br\/se\/wp-json\/wp\/v2\/types\/post"}],"author":[{"embeddable":true,"href":"https:\/\/senoticias.com.br\/se\/wp-json\/wp\/v2\/users\/2"}],"replies":[{"embeddable":true,"href":"https:\/\/senoticias.com.br\/se\/wp-json\/wp\/v2\/comments?post=99526"}],"version-history":[{"count":0,"href":"https:\/\/senoticias.com.br\/se\/wp-json\/wp\/v2\/posts\/99526\/revisions"}],"wp:featuredmedia":[{"embeddable":true,"href":"https:\/\/senoticias.com.br\/se\/wp-json\/wp\/v2\/media\/99530"}],"wp:attachment":[{"href":"https:\/\/senoticias.com.br\/se\/wp-json\/wp\/v2\/media?parent=99526"}],"wp:term":[{"taxonomy":"category","embeddable":true,"href":"https:\/\/senoticias.com.br\/se\/wp-json\/wp\/v2\/categories?post=99526"},{"taxonomy":"post_tag","embeddable":true,"href":"https:\/\/senoticias.com.br\/se\/wp-json\/wp\/v2\/tags?post=99526"}],"curies":[{"name":"wp","href":"https:\/\/api.w.org\/{rel}","templated":true}]}}