{"id":99521,"date":"2017-01-15T20:49:58","date_gmt":"2017-01-15T23:49:58","guid":{"rendered":"http:\/\/senoticias.com.br\/se\/?p=99521"},"modified":"2017-01-16T07:04:26","modified_gmt":"2017-01-16T10:04:26","slug":"carne-do-iptu-comecara-a-ser-entregue-em-aracaju-nesta-semana","status":"publish","type":"post","link":"https:\/\/senoticias.com.br\/se\/carne-do-iptu-comecara-a-ser-entregue-em-aracaju-nesta-semana\/","title":{"rendered":"Carn\u00ea do IPTU de Aracaju come\u00e7ar\u00e1 a ser entregue nesta semana"},"content":{"rendered":"<p style=\"line-height: 14.25pt; text-align: justify;\">O carn\u00ea do Imposto Predial e Territorial Urbano (IPTU) come\u00e7ar\u00e1 a ser distribu\u00eddo pelos Correios nesta segunda quinzena de janeiro. Em 2017, mais de 162 mil domic\u00edlios e estabelecimentos comerciais da capital dever\u00e3o pagar o tributo. O boleto tamb\u00e9m pode ser <a href=\"http:\/\/financas.aracaju.se.gov.br\/financas\/iptupesq.wsp\" target=\"_blank\">emitido pela internet<\/a>, atrav\u00e9s do Portal do Contribuinte da Prefeitura de Aracaju.<\/p>\n<div id=\"attachment_99522\" style=\"width: 590px\" class=\"wp-caption aligncenter\"><a href=\"http:\/\/senoticias.com.br\/se\/wp-content\/uploads\/2017\/01\/iptu-SE-Noticias-e1484524088562.jpg\"><img loading=\"lazy\" decoding=\"async\" aria-describedby=\"caption-attachment-99522\" class=\"size-full wp-image-99522\" src=\"http:\/\/senoticias.com.br\/se\/wp-content\/uploads\/2017\/01\/iptu-SE-Noticias-e1484524088562.jpg\" alt=\"Foto: inlustrativa\" width=\"580\" height=\"387\" \/><\/a><p id=\"caption-attachment-99522\" class=\"wp-caption-text\">IPTU de Aracaju, come\u00e7ar\u00e1 a ser entregue esta semana. (Foto: ilustrativa\/net)<\/p><\/div>\n<p style=\"text-align: justify;\">De acordo com informa\u00e7\u00f5es da prefeitura, a base de c\u00e1lculo do IPTU n\u00e3o vai mudar, mas ser\u00e1 reajustada em 8,78% com base no \u00cdndice Nacional de Pre\u00e7os ao Consumidor Amplo (IPCA), apurado pelo Instituto Brasileiro de Geografia e Estat\u00edstica (IBGE). O aumento foi definido em decreto de 29 de dezembro de 2016.<\/p>\n<p style=\"text-align: justify;\">O IPTU poder\u00e1 ser pago em cota \u00fanica ou parcelado em at\u00e9 10 vezes, conforme o valor da parcela. Para quem quiser fazer o pagamento em parcela \u00fanica e n\u00e3o t\u00eam d\u00e9bitos anteriores, ser\u00e3o concedidos 10% de desconto para pagamento realizado at\u00e9 o dia 6 de fevereiro. Os contribuintes que possuem pend\u00eancia que desejarem efetuar o recolhimento da cota \u00fanica at\u00e9 essa data ter\u00e3o desconto de 5%.<\/p>\n<p style=\"text-align: justify;\">Quem n\u00e3o receber o IPTU em casa tamb\u00e9m poder\u00e1 solicitar a impress\u00e3o em um dos postos de atendimento da Secretaria Municipal da Fazenda (Semfaz) funcionam na Pra\u00e7a General Valad\u00e3o, 341, no Centro de Aracaju, e nos Centro de Atendimento ao Cidad\u00e3o (CEACs) do Shopping Riomar ou Rodovi\u00e1ria Nova.<\/p>\n<p style=\"text-align: justify;\">O contribuinte que recebe menos de dois sal\u00e1rios m\u00edninos, al\u00e9m de servidores p\u00fablicos, tem direito a isen\u00e7\u00e3o do imposto, por\u00e9m, em ambos os casos, os requerentes devem dar entrada no benef\u00edcio at\u00e9 o dia 30 de junho do ano anterior.<\/p>\n<p style=\"text-align: justify;\">Veja como realizar o pagamento do IPTU pela internet:<\/p>\n<p style=\"text-align: justify;\">1 &#8211; Deve-se acessar o Portal do Contribuinte da Prefeitura Municipal de Aracaju www.aracaju.se.gov.br\/contribuinte;<br \/>\n2- No site, o internauta dever\u00e1 clicar no link IPTU;<br \/>\n3- Em seguida no menu Servi\u00e7os &gt; Consulta de d\u00e9bitos \/ 2\u00b0 via;<br \/>\n4- Deve-se preencher o espa\u00e7o N\u00famero de Inscri\u00e7\u00e3o Imobili\u00e1ria, em seguida preencher Data para Vencimento e prosseguir no link Pesquisar;<br \/>\nOBS: O contribuinte pode encontrar o n\u00famero de inscri\u00e7\u00e3o de seu im\u00f3vel em carn\u00eas de pagamento de IPTU antigos.<br \/>\n5- Para cota \u00fanica, o contribuinte dever\u00e1 clicar no \u00edcone. Para ver em quantas parcelas o IPTU poder\u00e1 ser dividido o contribuinte dever\u00e1 clicar no \u00edcone;<br \/>\n6- Em seguida pode-se imprimir o(s) boleto(s) e fazer os devidos pagamentos;<br \/>\nOs valores podem ser pagos nas ag\u00eancias banc\u00e1rias credenciadas: Caixa Econ\u00f4mica Federal, Casas lot\u00e9ricas, Banese, Banco do Brasil e ITAU;<br \/>\nPara o atendimento na SEMFAZ, o hor\u00e1rio \u00e9 das 8 \u00e0s 16h e nos CEAC\u00b4s, das 8 \u00e0s 17h.<\/p>\n<p style=\"line-height: 14.25pt; text-align: justify;\"><strong><span style=\"font-size: 10.0pt; font-family: 'Georgia','serif'; color: #333333;\">Acompanhe tamb\u00e9m o SE Not\u00edcias no<\/span><\/strong><span class=\"apple-converted-space\"><b><span style=\"font-size: 10.0pt; font-family: 'Georgia','serif'; color: #333333;\">\u00a0<\/span><\/b><\/span><strong><span style=\"font-size: 10.0pt; font-family: 'Georgia','serif'; color: #333333;\"><a href=\"https:\/\/twitter.com\/Senoticias\" target=\"_blank\">Twitter<\/a>,<\/span><\/strong><span class=\"apple-converted-space\"><b><span style=\"font-size: 10.0pt; font-family: 'Georgia','serif'; color: #333333;\">\u00a0<\/span><\/b><\/span><strong><span style=\"font-size: 10.0pt; font-family: 'Georgia','serif'; color: #333333;\"><a href=\"https:\/\/www.facebook.com\/senoticias1\" target=\"_blank\">Facebook<span class=\"apple-converted-space\"><span style=\"color: windowtext; text-decoration: none;\">\u00a0<\/span><\/span><\/a>e no<\/span><\/strong><span class=\"apple-converted-space\"><b><span style=\"font-size: 10.0pt; font-family: 'Georgia','serif'; color: #333333;\">\u00a0<\/span><\/b><\/span><strong><span style=\"font-size: 10.0pt; font-family: 'Georgia','serif'; color: #333333;\"><a href=\"https:\/\/www.instagram.com\/senoticias\/\" target=\"_blank\">Instagram<\/a>.<\/span><\/strong><\/p>\n<p style=\"text-align: justify;\"><a href=\"http:\/\/senoticias.com.br\/se\/wp-content\/uploads\/2017\/01\/Logo-fone-1-2-1-2-1.jpg\"><img loading=\"lazy\" decoding=\"async\" class=\"aligncenter size-full wp-image-99361\" src=\"http:\/\/senoticias.com.br\/se\/wp-content\/uploads\/2017\/01\/Logo-fone-1-2-1-2-1.jpg\" alt=\"logo-fone-1-2-1-2\" width=\"599\" height=\"78\" srcset=\"https:\/\/senoticias.com.br\/se\/wp-content\/uploads\/2017\/01\/Logo-fone-1-2-1-2-1.jpg 599w, https:\/\/senoticias.com.br\/se\/wp-content\/uploads\/2017\/01\/Logo-fone-1-2-1-2-1-300x39.jpg 300w\" sizes=\"(max-width: 599px) 100vw, 599px\" \/><\/a><\/p>\n<p style=\"text-align: justify;\"><em>Informa\u00e7\u00f5es do G1 SE<\/em><\/p>\n","protected":false},"excerpt":{"rendered":"<p>O carn\u00ea do Imposto Predial e Territorial Urbano (IPTU) come\u00e7ar\u00e1 a ser distribu\u00eddo pelos Correios nesta segunda quinzena de janeiro. Em 2017, mais de 162 mil domic\u00edlios e estabelecimentos comerciais da capital dever\u00e3o pagar o tributo. O boleto tamb\u00e9m pode ser emitido pela internet, atrav\u00e9s do Portal do Contribuinte da Prefeitura de Aracaju. De acordo [&hellip;]<\/p>\n","protected":false},"author":5618,"featured_media":99522,"comment_status":"closed","ping_status":"closed","sticky":false,"template":"","format":"standard","meta":{"footnotes":""},"categories":[15],"tags":[1999],"class_list":{"0":"post-99521","1":"post","2":"type-post","3":"status-publish","4":"format-standard","5":"has-post-thumbnail","7":"category-destaques","8":"tag-carne-do-iptu-comecara-a-ser-entregue-em-aracaju-nesta-semana"},"_links":{"self":[{"href":"https:\/\/senoticias.com.br\/se\/wp-json\/wp\/v2\/posts\/99521"}],"collection":[{"href":"https:\/\/senoticias.com.br\/se\/wp-json\/wp\/v2\/posts"}],"about":[{"href":"https:\/\/senoticias.com.br\/se\/wp-json\/wp\/v2\/types\/post"}],"author":[{"embeddable":true,"href":"https:\/\/senoticias.com.br\/se\/wp-json\/wp\/v2\/users\/5618"}],"replies":[{"embeddable":true,"href":"https:\/\/senoticias.com.br\/se\/wp-json\/wp\/v2\/comments?post=99521"}],"version-history":[{"count":0,"href":"https:\/\/senoticias.com.br\/se\/wp-json\/wp\/v2\/posts\/99521\/revisions"}],"wp:featuredmedia":[{"embeddable":true,"href":"https:\/\/senoticias.com.br\/se\/wp-json\/wp\/v2\/media\/99522"}],"wp:attachment":[{"href":"https:\/\/senoticias.com.br\/se\/wp-json\/wp\/v2\/media?parent=99521"}],"wp:term":[{"taxonomy":"category","embeddable":true,"href":"https:\/\/senoticias.com.br\/se\/wp-json\/wp\/v2\/categories?post=99521"},{"taxonomy":"post_tag","embeddable":true,"href":"https:\/\/senoticias.com.br\/se\/wp-json\/wp\/v2\/tags?post=99521"}],"curies":[{"name":"wp","href":"https:\/\/api.w.org\/{rel}","templated":true}]}}