{"id":99517,"date":"2017-01-15T20:02:56","date_gmt":"2017-01-15T23:02:56","guid":{"rendered":"http:\/\/senoticias.com.br\/se\/?p=99517"},"modified":"2017-01-15T20:02:56","modified_gmt":"2017-01-15T23:02:56","slug":"rebeliao-mais-violenta-da-historia-do-rn-tem-26-mortos-diz-governo","status":"publish","type":"post","link":"https:\/\/senoticias.com.br\/se\/rebeliao-mais-violenta-da-historia-do-rn-tem-26-mortos-diz-governo\/","title":{"rendered":"Rebeli\u00e3o mais violenta da hist\u00f3ria do RN tem 26 mortos, diz governo"},"content":{"rendered":"<p style=\"text-align: justify\">Vinte e seis presos morreram na rebeli\u00e3o da Penitenci\u00e1ria de Alca\u00e7uz que j\u00e1 \u00e9 a mais violenta da hist\u00f3ria do Rio Grande do Norte. Quase todos foram decapitados. O motim come\u00e7ou na tarde de s\u00e1bado (14) e terminou 14h depois j\u00e1 na manh\u00e3 deste domingo (15).<\/p>\n<div id=\"attachment_99518\" style=\"width: 590px\" class=\"wp-caption aligncenter\"><a href=\"http:\/\/senoticias.com.br\/se\/wp-content\/uploads\/2017\/01\/presos-tnok.jpg-rio-grande-do-norte-SE-noticias-e1484520959997.jpg\"><img loading=\"lazy\" decoding=\"async\" aria-describedby=\"caption-attachment-99518\" class=\"size-full wp-image-99518\" src=\"http:\/\/senoticias.com.br\/se\/wp-content\/uploads\/2017\/01\/presos-tnok.jpg-rio-grande-do-norte-SE-noticias-e1484520959997.jpg\" alt=\"Pol\u00edcia faz revista de presos (Foto: Adriano Abreu\/Tribuna do Norte) \" width=\"580\" height=\"435\" \/><\/a><p id=\"caption-attachment-99518\" class=\"wp-caption-text\">Pol\u00edcia faz revista de presos (Foto: Adriano Abreu\/Tribuna do Norte)<\/p><\/div>\n<p style=\"text-align: justify\">Mais cedo, havia sido divulgado que 27 presos morreram, mas, segundo o governo do estado, um deles foi computado duas vezes por que alguns corpos foram esquartejados e dois foram carbonizados.<\/p>\n<p style=\"text-align: justify\">O secret\u00e1rio de Seguran\u00e7a P\u00fablica, Caio Bezerra, disse, em coletiva na noite de domingo, que haver\u00e1 refor\u00e7o nas guaritas e nos arredores do pres\u00eddio durante a noite para evitar fugas, e que na segunda-feira ser\u00e1 realizada uma nova revista na unidade para buscar armas brancas ou de fogo. Neste domingo foram encontradas armas de fogo artesanais, segundo ele.<\/p>\n<p style=\"text-align: justify\">O secret\u00e1rio de Justi\u00e7a, Wallber Virgolino, disse que os l\u00edderes identificados est\u00e3o isolados dentro da unidade prisional e que ele espera que na segunda seja feita a transfer\u00eancia de presos para outras unidades no pr\u00f3prio estado. O objetivo \u00e9 separar duas fac\u00e7\u00f5es: Sindicato do Crime e PCC. Ele classificou o local como &#8220;cen\u00e1rio de barb\u00e1rie&#8221;.<\/p>\n<p style=\"text-align: justify\">Ele respondeu ainda sobre boatos de que haveria mais corpos em fossas do pres\u00eddio, e disse que na segunda-feira haver\u00e1 uma nova busca. Virgolino afirmou n\u00e3o descartar a possibilidade, mas que n\u00e3o acredita que ela se confirme.<\/p>\n<p style=\"text-align: justify\">Os corpos foram levados para o Instituto de T\u00e9cnico-Cient\u00edfico de Pol\u00edcia (Itep) para que seja feita a identifica\u00e7\u00e3o, mas, por quest\u00f5es de seguran\u00e7a, seguiram de l\u00e1 at\u00e9 o quartel da PM. Um caminh\u00e3o frigor\u00edfico foi alugado para armazenar os corpos enquanto n\u00e3o acontece a libera\u00e7\u00e3o para os sepultamentos. Al\u00e9m disso, legistas do Cear\u00e1 e da Para\u00edba foram deslocados para ajudar no trabalho de identifica\u00e7\u00e3o. Alguns presos, al\u00e9m de decapitados, tamb\u00e9m foram esquartejados.<\/p>\n<div id=\"attachment_99519\" style=\"width: 590px\" class=\"wp-caption aligncenter\"><a href=\"http:\/\/senoticias.com.br\/se\/wp-content\/uploads\/2017\/01\/whatsapp_image_2017-01-15_at_17.51.161-SE-Noticias-e1484521071937.jpeg\"><img loading=\"lazy\" decoding=\"async\" aria-describedby=\"caption-attachment-99519\" class=\"size-full wp-image-99519\" src=\"http:\/\/senoticias.com.br\/se\/wp-content\/uploads\/2017\/01\/whatsapp_image_2017-01-15_at_17.51.161-SE-Noticias-e1484521071937.jpeg\" alt=\"Corpos foram levados para o Instituto de T\u00e9cnico-Cient\u00edfico de Pol\u00edcia (Itep) (Foto: Emmily Virg\u00edlio\/Inter TV) \" width=\"580\" height=\"435\" \/><\/a><p id=\"caption-attachment-99519\" class=\"wp-caption-text\">Corpos foram levados para o Instituto de T\u00e9cnico-Cient\u00edfico de Pol\u00edcia (Itep) (Foto: Emmily Virg\u00edlio\/Inter TV)<\/p><\/div>\n<p style=\"text-align: justify\">A identifica\u00e7\u00e3o dos corpos deve acontecer a partir da manh\u00e3 de segunda-feira. Nenhum dos mortos foi identificado por enquanto.<\/p>\n<p style=\"text-align: justify\">Nove presos que estavam com ferimentos graves foram transferidos para o Pronto-socorro Cl\u00f3vis Sarinho, em Natal. De acordo com a dire\u00e7\u00e3o do hospital, nenhum deles corre risco de morte, mas n\u00e3o h\u00e1 previs\u00e3o de alta.<\/p>\n<p style=\"text-align: justify\">Em entrevista coletiva realizada na manh\u00e3 deste domingo (15) o Governo do Estado informou que<a href=\"http:\/\/g1.globo.com\/rn\/rio-grande-do-norte\/noticia\/2017\/01\/lideres-de-rebeliao-no-rn-sao-identificados-e-serao-transferidos.html\" target=\"_blank\"> identificou pelo menos seis l\u00edderes da rebeli\u00e3o<\/a>. De acordo com a Secretaria de Justi\u00e7a e Cidadania (Sejuc), o governo vai pedir a transfer\u00eancias dos l\u00edderes para pres\u00eddios federais. Outros detentos devem ser transferidos ainda neste domingo (15) para outras unidades prisionais do estado.<\/p>\n<p style=\"text-align: justify\">O titular da Sejuc, Wallber Virgolino, confirmou que os presos do pavilh\u00e3o 5 invadiram o pavilh\u00e3o 4. Segundo ele, um trabalho de conten\u00e7\u00e3o realizado por agentes penitenci\u00e1rios com o uso de bombas de efeito moral evitou a entrada dos rebelados no pavilh\u00e3o 1. &#8220;Em termos de n\u00famero de mortes essa \u00e9 a maior rebeli\u00e3o da hist\u00f3ria do Rio Grande do Norte&#8221;, disse.<\/p>\n<p style=\"text-align: justify\">Ainda de acordo com o secret\u00e1rio, a rebeli\u00e3o no Rio Grande do Norte n\u00e3o tem rela\u00e7\u00e3o confirmada com os motins no Amazonas e em Roraima. &#8220;N\u00e3o h\u00e1 confirma\u00e7\u00e3o de rela\u00e7\u00e3o, mas com certeza as rebeli\u00f5es naqueles pres\u00eddios incentivaram o que aconteceu aqui&#8221;, disse Virgolino.<\/p>\n<p style=\"text-align: justify\">Tr\u00eas equipes de delegados da Divis\u00e3o de Homic\u00eddios e Prote\u00e7\u00e3o \u00e0 Pessoa (DHPP) e 15 homens est\u00e3o respons\u00e1veis pela per\u00edcia dos locais de crime.<\/p>\n<p style=\"text-align: justify\">A Penitenci\u00e1ria de Alca\u00e7uz, segundo o governo, ficou parcialmente destru\u00edda e n\u00e3o h\u00e1 previs\u00e3o para reconstru\u00e7\u00e3o. Ainda na tarde de s\u00e1bado (14) um detento fugiu da penitenci\u00e1ria, mas foi recapturado em seguida.<\/p>\n<p style=\"text-align: justify\"><strong>Sobre a rebeli\u00e3o<\/strong><br \/>\nA rebeli\u00e3o come\u00e7ou com uma briga entre presos dos pavilh\u00f5es 4 e 5 por volta das 17h de s\u00e1bado (14). De acordo com a presidente do Sindicato dos Agentes Penitenci\u00e1rios, Vilma Batista, homens em um carro se aproximaram do pres\u00eddio antes da rebeli\u00e3o e jogaram armas por sobre o muro.<\/p>\n<p style=\"text-align: justify\">Segundo o governo, a briga estava restrita aos dois pavilh\u00f5es. O pavilh\u00e3o 5 \u00e9 o pres\u00eddio Rog\u00e9rio Coutinho Madruga, que fica anexo a Alca\u00e7uz. H\u00e1 separa\u00e7\u00e3o entre presos de fac\u00e7\u00f5es criminosas entre os dois pres\u00eddios.<\/p>\n<p style=\"text-align: justify\">De acordo com a Sejuc, os pr\u00f3prios presos desligaram a energia do local e, com isso, os bloqueadores de celulares da unidade prisional deixaram de funcionar. Durante a madrugada foram ouvidos tiros dentro da unidade prisional e muita fuma\u00e7a era vista no local.<\/p>\n<p style=\"text-align: justify\">Na manh\u00e3 deste domingo (15) policiais militares entraram na unidade prisional com ve\u00edculo blindado, vans e carros para tentar acabar com rebeli\u00e3o. A rebeli\u00e3o foi controlada por volta das 7h20 com a entrada do Bope e do Choque, al\u00e9m do Grupo de Opera\u00e7\u00f5es Especiais formado por agentes penitenci\u00e1rios.<\/p>\n<p style=\"text-align: justify\">Alca\u00e7uz fica em N\u00edsia Floresta, cidade da Grande <a class=\"premium-tip\" href=\"http:\/\/g1.globo.com\/rn\/rio-grande-do-norte\/cidade\/natal.html\">Natal<\/a>, e \u00e9 o maior pres\u00eddio do estado. A penitenci\u00e1ria possui capacidade para 620 detentos, mas abriga cerca de 1.150 presos, segundo a Sejuc, \u00f3rg\u00e3o respons\u00e1vel pelo sistema prisional do RN.<\/p>\n<p style=\"text-align: justify\"><strong>Rebeli\u00f5es e fugas<\/strong><br \/>\n<a href=\"http:\/\/g1.globo.com\/rn\/rio-grande-do-norte\/noticia\/2015\/11\/videos-e-fotos-mostram-destruicao-em-presidios-alvos-de-rebelioes-no-rn.html\" target=\"_blank\">A \u00faltima rebeli\u00e3o em Alca\u00e7uz foi registrada em novembro de 2015<\/a>. Houve quebra-quebra ap\u00f3s a descoberta de um t\u00fanel escavado a partir do pavilh\u00e3o 2. \u201cAssim que acabou a visita social, por volta das 15h, os presos se amotinaram\u201d, disse o secret\u00e1rio de Justi\u00e7a da \u00e9poca, Cristiano Feitosa.<\/p>\n<p style=\"text-align: justify\"><a href=\"http:\/\/g1.globo.com\/rn\/rio-grande-do-norte\/noticia\/2016\/10\/apos-nova-fuga-penitenciaria-de-alcacuz-tera-recontagem-de-presos.html\" target=\"_blank\">Mais de 100 presos conseguiram escapar do pres\u00eddio no ano passado<\/a>, em 14 fugas. A maioria deixou o pres\u00eddio por meio de t\u00faneis escavados a partir dos pavilh\u00f5es ou por buracos abertos no p\u00e9 do muro, sempre sob uma guarita desativada ou sem vigil\u00e2ncia.<\/p>\n<p style=\"text-align: justify\"><strong>For\u00e7a Nacional<\/strong><br \/>\nNa segunda-feira (9), o Minist\u00e9rio da Justi\u00e7a prorrogou por mais 60 dias a presen\u00e7a da For\u00e7a Nacional de Seguran\u00e7a no Rio Grande do Norte. Os policiais enviados pelo governo federal est\u00e3o atuando no patrulhamento das ruas e podem atuar na seguran\u00e7a do per\u00edmetro externo das unidades prisionais localizadas na Grande Natal.<\/p>\n<p style=\"text-align: justify\"><a href=\"http:\/\/g1.globo.com\/rn\/rio-grande-do-norte\/noticia\/2016\/09\/tropa-da-forca-nacional-comeca-atuar-no-rn.html\" target=\"_blank\">A For\u00e7a Nacional chegou ao estado em mar\u00e7o de 2015, durante a s\u00e9rie de motins no sistema prisional do estado<\/a>, e o prazo de apoio poder\u00e1 ser novamente prorrogado, caso haja necessidade.<\/p>\n<p style=\"text-align: justify\"><strong>Calamidade p\u00fablica<\/strong><br \/>\n<a href=\"http:\/\/g1.globo.com\/rn\/rio-grande-do-norte\/noticia\/2015\/03\/governo-do-rn-decreta-calamidade-apos-onda-de-rebelioes-em-presidios.html\" target=\"_blank\">O sistema penitenci\u00e1rio potiguar entrou em calamidade p\u00fablica no mesmo m\u00eas, em mar\u00e7o de 2015.<\/a> Na ocasi\u00e3o, foram gastos mais de R$ 7 milh\u00f5es para recuperar 14 pres\u00eddios depredados durante motins, mas as melhorias foram novamente destru\u00eddas. Atualmente, em v\u00e1rias unidades as celas n\u00e3o possuem grades e os presos circulam livremente dentro dos pavilh\u00f5es.<\/p>\n<p style=\"text-align: justify\">Segundo a Secretaria de Justi\u00e7a e da Cidadania (Sejuc), \u00f3rg\u00e3o respons\u00e1vel pelo sistema prisional do estado, o <a class=\"premium-tip\" href=\"http:\/\/g1.globo.com\/tudo-sobre\/rio-grande-do-norte\">Rio Grande do Norte<\/a> possui 33 unidades prisionais, que oferecem 3,5 mil vagas, mas a popula\u00e7\u00e3o carcer\u00e1ria \u00e9 de 8 mil presos &#8211; ou seja, o d\u00e9ficit \u00e9 de 4,5 mil vagas.<\/p>\n<p style=\"text-align: justify\"><strong>Acre e Amazonas<\/strong><br \/>\nNa quinta-feira (12), presos apontados pelos setores de intelig\u00eancia do <a class=\"premium-tip\" href=\"http:\/\/g1.globo.com\/tudo-sobre\/acre\">Acre<\/a> e do Amazonas como l\u00edderes de fac\u00e7\u00f5es criminosas chegaram \u00e0 penitenci\u00e1ria federal de <a class=\"premium-tip\" href=\"http:\/\/g1.globo.com\/rn\/rio-grande-do-norte\/cidade\/mossoro.html\">Mossor\u00f3<\/a>, na regi\u00e3o oeste do <a class=\"premium-tip\" href=\"http:\/\/g1.globo.com\/tudo-sobre\/rio-grande-do-norte\">Rio Grande do Norte<\/a>. Ao todo, foram 19 detentos que foram trazidos em uma opera\u00e7\u00e3o especial para o pres\u00eddio potiguar &#8211; 14 do Acre e 5 do Amazonas.<\/p>\n<p style=\"text-align: justify\"><a href=\"http:\/\/senoticias.com.br\/se\/wp-content\/uploads\/2017\/01\/rebeliao-presidio-alcacuz-rn-vale-esse-SE-Noticias-e1484521209314.jpg\"><img loading=\"lazy\" decoding=\"async\" class=\"aligncenter size-full wp-image-99520\" src=\"http:\/\/senoticias.com.br\/se\/wp-content\/uploads\/2017\/01\/rebeliao-presidio-alcacuz-rn-vale-esse-SE-Noticias-e1484521209314.jpg\" alt=\"rebeliao-presidio-alcacuz-rn-vale-esse SE Noticias\" width=\"580\" height=\"1582\" \/><\/a><\/p>\n<p style=\"line-height: 14.25pt\"><strong><span style=\"font-size: 10.0pt;font-family: 'Georgia','serif';color: #333333\">Acompanhe tamb\u00e9m o SE Not\u00edcias no<\/span><\/strong><span class=\"apple-converted-space\"><b><span style=\"font-size: 10.0pt;font-family: 'Georgia','serif';color: #333333\">\u00a0<\/span><\/b><\/span><strong><span style=\"font-size: 10.0pt;font-family: 'Georgia','serif';color: #333333\"><a href=\"https:\/\/twitter.com\/Senoticias\" target=\"_blank\">Twitter<\/a>,<\/span><\/strong><span class=\"apple-converted-space\"><b><span style=\"font-size: 10.0pt;font-family: 'Georgia','serif';color: #333333\">\u00a0<\/span><\/b><\/span><strong><span style=\"font-size: 10.0pt;font-family: 'Georgia','serif';color: #333333\"><a href=\"https:\/\/www.facebook.com\/senoticias1\" target=\"_blank\">Facebook<span class=\"apple-converted-space\"><span style=\"color: windowtext;text-decoration: none\">\u00a0<\/span><\/span><\/a>e no<\/span><\/strong><span class=\"apple-converted-space\"><b><span style=\"font-size: 10.0pt;font-family: 'Georgia','serif';color: #333333\">\u00a0<\/span><\/b><\/span><strong><span style=\"font-size: 10.0pt;font-family: 'Georgia','serif';color: #333333\"><a href=\"https:\/\/www.instagram.com\/senoticias\/\" target=\"_blank\">Instagram<\/a>.<\/span><\/strong><\/p>\n<p style=\"text-align: justify\"><a href=\"http:\/\/senoticias.com.br\/se\/wp-content\/uploads\/2017\/01\/Logo-fone-1-2-1-2-1.jpg\"><img loading=\"lazy\" decoding=\"async\" class=\"aligncenter size-full wp-image-99361\" src=\"http:\/\/senoticias.com.br\/se\/wp-content\/uploads\/2017\/01\/Logo-fone-1-2-1-2-1.jpg\" alt=\"logo-fone-1-2-1-2\" width=\"599\" height=\"78\" srcset=\"https:\/\/senoticias.com.br\/se\/wp-content\/uploads\/2017\/01\/Logo-fone-1-2-1-2-1.jpg 599w, https:\/\/senoticias.com.br\/se\/wp-content\/uploads\/2017\/01\/Logo-fone-1-2-1-2-1-300x39.jpg 300w\" sizes=\"(max-width: 599px) 100vw, 599px\" \/><\/a><\/p>\n<p style=\"text-align: justify\">Por Fernanda Zauli e Fred Carvalho<br \/>\nDo G1 RN<\/p>\n","protected":false},"excerpt":{"rendered":"<p>Vinte e seis presos morreram na rebeli\u00e3o da Penitenci\u00e1ria de Alca\u00e7uz que j\u00e1 \u00e9 a mais violenta da hist\u00f3ria do Rio Grande do Norte. Quase todos foram decapitados. O motim come\u00e7ou na tarde de s\u00e1bado (14) e terminou 14h depois j\u00e1 na manh\u00e3 deste domingo (15). Mais cedo, havia sido divulgado que 27 presos morreram, [&hellip;]<\/p>\n","protected":false},"author":5618,"featured_media":99519,"comment_status":"closed","ping_status":"closed","sticky":false,"template":"","format":"standard","meta":{"footnotes":""},"categories":[7],"tags":[1893,1998],"class_list":{"0":"post-99517","1":"post","2":"type-post","3":"status-publish","4":"format-standard","5":"has-post-thumbnail","7":"category-policia","8":"tag-diz-governo","9":"tag-rebeliao-mais-violenta-da-historia-do-rn-tem-26-mortos"},"_links":{"self":[{"href":"https:\/\/senoticias.com.br\/se\/wp-json\/wp\/v2\/posts\/99517"}],"collection":[{"href":"https:\/\/senoticias.com.br\/se\/wp-json\/wp\/v2\/posts"}],"about":[{"href":"https:\/\/senoticias.com.br\/se\/wp-json\/wp\/v2\/types\/post"}],"author":[{"embeddable":true,"href":"https:\/\/senoticias.com.br\/se\/wp-json\/wp\/v2\/users\/5618"}],"replies":[{"embeddable":true,"href":"https:\/\/senoticias.com.br\/se\/wp-json\/wp\/v2\/comments?post=99517"}],"version-history":[{"count":0,"href":"https:\/\/senoticias.com.br\/se\/wp-json\/wp\/v2\/posts\/99517\/revisions"}],"wp:featuredmedia":[{"embeddable":true,"href":"https:\/\/senoticias.com.br\/se\/wp-json\/wp\/v2\/media\/99519"}],"wp:attachment":[{"href":"https:\/\/senoticias.com.br\/se\/wp-json\/wp\/v2\/media?parent=99517"}],"wp:term":[{"taxonomy":"category","embeddable":true,"href":"https:\/\/senoticias.com.br\/se\/wp-json\/wp\/v2\/categories?post=99517"},{"taxonomy":"post_tag","embeddable":true,"href":"https:\/\/senoticias.com.br\/se\/wp-json\/wp\/v2\/tags?post=99517"}],"curies":[{"name":"wp","href":"https:\/\/api.w.org\/{rel}","templated":true}]}}