{"id":99513,"date":"2017-01-15T19:44:31","date_gmt":"2017-01-15T22:44:31","guid":{"rendered":"http:\/\/senoticias.com.br\/se\/?p=99513"},"modified":"2017-01-15T19:44:31","modified_gmt":"2017-01-15T22:44:31","slug":"homenagens-da-pmse-marcam-o-velorio-do-major-silvano","status":"publish","type":"post","link":"https:\/\/senoticias.com.br\/se\/homenagens-da-pmse-marcam-o-velorio-do-major-silvano\/","title":{"rendered":"Homenagens da PMSE marcam o vel\u00f3rio do major Silvano"},"content":{"rendered":"<p style=\"text-align: justify\">Clima de muita como\u00e7\u00e3o tomou conta do velat\u00f3rio Osaf na tarde desse s\u00e1bado, 14, durante a despedida do corpo do major da Pol\u00edcia Militar do Estado de Sergipe, Silvano Alves. O momento reuniu familiares, amigos, colegas de trabalho e integrantes da Banda de M\u00fasica da PM.<\/p>\n<div id=\"attachment_99514\" style=\"width: 160px\" class=\"wp-caption alignleft\"><a href=\"http:\/\/senoticias.com.br\/se\/wp-content\/uploads\/2017\/01\/FUNERAL-GTA-SE-Noticias.jpg\"><img loading=\"lazy\" decoding=\"async\" aria-describedby=\"caption-attachment-99514\" class=\"size-full wp-image-99514\" src=\"http:\/\/senoticias.com.br\/se\/wp-content\/uploads\/2017\/01\/FUNERAL-GTA-SE-Noticias.jpg\" alt=\"Foto: PM\/SE\" width=\"150\" height=\"150\" \/><\/a><p id=\"caption-attachment-99514\" class=\"wp-caption-text\">Foto: PM\/SE<\/p><\/div>\n<p style=\"text-align: justify\">O major, que foi v\u00edtima de um grave acidente automobil\u00edstico, iniciou carreira na Corpora\u00e7\u00e3o como soldado em 1993. Em 1995 foi aprovado no concurso para oficiais e cursou o CFO na Academia Militar da Pol\u00edcia de Alagoas. Atualmente, exercia a fun\u00e7\u00e3o de subcomandante do 10\u00ba Batalh\u00e3o de Pol\u00edcia Militar (10\u00ba BPM), com sede no munic\u00edpio de Nossa Senhora das Dores. Ele partiu deixando esposa e dois filhos.<\/p>\n<p style=\"text-align: justify\">O comandante geral da PMSE, coronel Marcony Cabral, compareceu ao velat\u00f3rio e prestou condol\u00eancias \u00e0 fam\u00edlia do major. De acordo com o comandante, \u201ca institui\u00e7\u00e3o encontra-se profundamente enlutada com a perda inestim\u00e1vel de um oficial promissor. O militar, que partiu de forma inesperada, far\u00e1 muita falta \u00e0 Fam\u00edlia Policial Militar, mas deixa a marca de um grande homem e um excelente profissional, que sempre atuou em defesa da sociedade sergipana\u201d, concluiu.<\/p>\n<div id=\"attachment_99515\" style=\"width: 160px\" class=\"wp-caption alignleft\"><a href=\"http:\/\/senoticias.com.br\/se\/wp-content\/uploads\/2017\/01\/FUNERAL-major-SE-Noticias.jpg\"><img loading=\"lazy\" decoding=\"async\" aria-describedby=\"caption-attachment-99515\" class=\"size-full wp-image-99515\" src=\"http:\/\/senoticias.com.br\/se\/wp-content\/uploads\/2017\/01\/FUNERAL-major-SE-Noticias.jpg\" alt=\"Foto: PM\/SE\" width=\"150\" height=\"150\" \/><\/a><p id=\"caption-attachment-99515\" class=\"wp-caption-text\">Foto: PM\/SE<\/p><\/div>\n<p style=\"text-align: justify\">No vel\u00f3rio, ap\u00f3s a execu\u00e7\u00e3o do toque de sil\u00eancio, a Banda de M\u00fasica, regida pelo tenente J\u00falio, executou a m\u00fasica \u2018Amigos Para Sempre\u2019, homenageando o oficial falecido. Ao final, o corpo do militar, foi escoltado por um grande comboio de viaturas at\u00e9 o cemit\u00e9rio S\u00e3o Benedito, localizado na pra\u00e7a Princesa Isabel, bairro Santo Ant\u00f4nio, na capital.<\/p>\n<p style=\"text-align: justify\">Na chegada ao cemit\u00e9rio, o Batalh\u00e3o de Choque efetuou uma salva de tiros para honrar o seu ex-integrante. A \u00faltima homenagem ficou por conta do Grupamento T\u00e1tico A\u00e9reo (GTA), que sobrevoou o cemit\u00e9rio e liberou uma chuva de p\u00e9talas de rosas durante o sepultamento. O gesto emocionou a todos que participaram do funeral.<\/p>\n<p style=\"line-height: 14.25pt\"><strong><span style=\"font-size: 10.0pt;font-family: 'Georgia','serif';color: #333333\">Acompanhe tamb\u00e9m o SE Not\u00edcias no<\/span><\/strong><span class=\"apple-converted-space\"><b><span style=\"font-size: 10.0pt;font-family: 'Georgia','serif';color: #333333\">\u00a0<\/span><\/b><\/span><strong><span style=\"font-size: 10.0pt;font-family: 'Georgia','serif';color: #333333\"><a href=\"https:\/\/twitter.com\/Senoticias\" target=\"_blank\">Twitter<\/a>,<\/span><\/strong><span class=\"apple-converted-space\"><b><span style=\"font-size: 10.0pt;font-family: 'Georgia','serif';color: #333333\">\u00a0<\/span><\/b><\/span><strong><span style=\"font-size: 10.0pt;font-family: 'Georgia','serif';color: #333333\"><a href=\"https:\/\/www.facebook.com\/senoticias1\" target=\"_blank\">Facebook<span class=\"apple-converted-space\"><span style=\"color: windowtext;text-decoration: none\">\u00a0<\/span><\/span><\/a>e no<\/span><\/strong><span class=\"apple-converted-space\"><b><span style=\"font-size: 10.0pt;font-family: 'Georgia','serif';color: #333333\">\u00a0<\/span><\/b><\/span><strong><span style=\"font-size: 10.0pt;font-family: 'Georgia','serif';color: #333333\"><a href=\"https:\/\/www.instagram.com\/senoticias\/\" target=\"_blank\">Instagram<\/a>.<\/span><\/strong><\/p>\n<p style=\"text-align: justify\"><a href=\"http:\/\/senoticias.com.br\/se\/wp-content\/uploads\/2017\/01\/Logo-fone-1-2-1-2-1.jpg\"><img loading=\"lazy\" decoding=\"async\" class=\"aligncenter size-full wp-image-99361\" src=\"http:\/\/senoticias.com.br\/se\/wp-content\/uploads\/2017\/01\/Logo-fone-1-2-1-2-1.jpg\" alt=\"logo-fone-1-2-1-2\" width=\"599\" height=\"78\" srcset=\"https:\/\/senoticias.com.br\/se\/wp-content\/uploads\/2017\/01\/Logo-fone-1-2-1-2-1.jpg 599w, https:\/\/senoticias.com.br\/se\/wp-content\/uploads\/2017\/01\/Logo-fone-1-2-1-2-1-300x39.jpg 300w\" sizes=\"(max-width: 599px) 100vw, 599px\" \/><\/a><\/p>\n<p style=\"text-align: justify\">Com informa\u00e7\u00f5es da PM de SE<\/p>\n","protected":false},"excerpt":{"rendered":"<p>Clima de muita como\u00e7\u00e3o tomou conta do velat\u00f3rio Osaf na tarde desse s\u00e1bado, 14, durante a despedida do corpo do major da Pol\u00edcia Militar do Estado de Sergipe, Silvano Alves. O momento reuniu familiares, amigos, colegas de trabalho e integrantes da Banda de M\u00fasica da PM. O major, que foi v\u00edtima de um grave acidente [&hellip;]<\/p>\n","protected":false},"author":5618,"featured_media":99516,"comment_status":"closed","ping_status":"closed","sticky":false,"template":"","format":"standard","meta":{"footnotes":""},"categories":[7],"tags":[1997],"class_list":{"0":"post-99513","1":"post","2":"type-post","3":"status-publish","4":"format-standard","5":"has-post-thumbnail","7":"category-policia","8":"tag-homenagens-da-pmse-marcam-o-velorio-do-major-silvano"},"_links":{"self":[{"href":"https:\/\/senoticias.com.br\/se\/wp-json\/wp\/v2\/posts\/99513"}],"collection":[{"href":"https:\/\/senoticias.com.br\/se\/wp-json\/wp\/v2\/posts"}],"about":[{"href":"https:\/\/senoticias.com.br\/se\/wp-json\/wp\/v2\/types\/post"}],"author":[{"embeddable":true,"href":"https:\/\/senoticias.com.br\/se\/wp-json\/wp\/v2\/users\/5618"}],"replies":[{"embeddable":true,"href":"https:\/\/senoticias.com.br\/se\/wp-json\/wp\/v2\/comments?post=99513"}],"version-history":[{"count":0,"href":"https:\/\/senoticias.com.br\/se\/wp-json\/wp\/v2\/posts\/99513\/revisions"}],"wp:featuredmedia":[{"embeddable":true,"href":"https:\/\/senoticias.com.br\/se\/wp-json\/wp\/v2\/media\/99516"}],"wp:attachment":[{"href":"https:\/\/senoticias.com.br\/se\/wp-json\/wp\/v2\/media?parent=99513"}],"wp:term":[{"taxonomy":"category","embeddable":true,"href":"https:\/\/senoticias.com.br\/se\/wp-json\/wp\/v2\/categories?post=99513"},{"taxonomy":"post_tag","embeddable":true,"href":"https:\/\/senoticias.com.br\/se\/wp-json\/wp\/v2\/tags?post=99513"}],"curies":[{"name":"wp","href":"https:\/\/api.w.org\/{rel}","templated":true}]}}