{"id":99429,"date":"2017-01-12T10:45:11","date_gmt":"2017-01-12T13:45:11","guid":{"rendered":"http:\/\/senoticias.com.br\/se\/?p=99429"},"modified":"2017-01-12T10:45:11","modified_gmt":"2017-01-12T13:45:11","slug":"trabalhadores-com-mais-de-65-anos-ocupam-menos-de-1-das-vagas-formais","status":"publish","type":"post","link":"https:\/\/senoticias.com.br\/se\/trabalhadores-com-mais-de-65-anos-ocupam-menos-de-1-das-vagas-formais\/","title":{"rendered":"Trabalhadores com mais de 65 anos ocupam menos de 1% das vagas formais"},"content":{"rendered":"<p style=\"text-align: justify;\">Se a proposta de reforma da Previd\u00eancia do governo federal for aprovada, a maioria dos brasileiros ter\u00e1 que trabalhar al\u00e9m dos 65 anos para conseguir a aposentadoria integral e manter seu padr\u00e3o de vida na terceira idade. Quem optar por esse caminho, vai esbarrar em um n\u00famero limitado de vagas formais para os idosos no mercado de trabalho brasileiro.<\/p>\n<div id=\"attachment_99430\" style=\"width: 609px\" class=\"wp-caption aligncenter\"><img loading=\"lazy\" decoding=\"async\" aria-describedby=\"caption-attachment-99430\" class=\"size-full wp-image-99430\" src=\"http:\/\/senoticias.com.br\/se\/wp-content\/uploads\/2017\/01\/SENot\u00edcias-trabalho_tiago_queiroz_estadao_conteudo.jpg\" alt=\"Proposta de reforma da Previd\u00eancia prev\u00ea que brasileiro trabalhe al\u00e9m dos 65 anos para obter aposentadoria integral (Foto: Reprodu\u00e7\u00e3o \/ TV Globo) \" width=\"599\" height=\"337\" srcset=\"https:\/\/senoticias.com.br\/se\/wp-content\/uploads\/2017\/01\/SENot\u00edcias-trabalho_tiago_queiroz_estadao_conteudo.jpg 599w, https:\/\/senoticias.com.br\/se\/wp-content\/uploads\/2017\/01\/SENot\u00edcias-trabalho_tiago_queiroz_estadao_conteudo-300x169.jpg 300w\" sizes=\"(max-width: 599px) 100vw, 599px\" \/><p id=\"caption-attachment-99430\" class=\"wp-caption-text\">Proposta de reforma da Previd\u00eancia prev\u00ea que brasileiro trabalhe al\u00e9m dos 65 anos para obter aposentadoria integral (Foto: Reprodu\u00e7\u00e3o \/ TV Globo)<\/p><\/div>\n<p style=\"text-align: justify;\">Estimativas do IBGE apontam que a popula\u00e7\u00e3o brasileira tem cerca de 16 milh\u00f5es de pessoas com mais de 65 anos. No entanto, apenas 137,6 mil delas ocupam vagas formais no mercado de trabalho, de acordo com dados da Rela\u00e7\u00e3o Anual de Informa\u00e7\u00f5es Sociais (Rais) de 2015. Esse grupo representa apenas 0,3% dos 48 milh\u00f5es de trabalhadores formais na economia brasileira em 2015.<\/p>\n<p style=\"text-align: justify;\">Al\u00e9m dos dados do Cadastro Geral de Empregados e Desempregados (Caged), que englobam os trabalhadores celetistas (regidos pela Consolida\u00e7\u00e3o das Leis do Trabalho, a CLT), os n\u00fameros da Rais tamb\u00e9m incluem os servidores p\u00fablicos federais, estaduais e municipais, al\u00e9m de trabalhadores tempor\u00e1rios.<\/p>\n<p style=\"text-align: justify;\">De acordo com a Rais de 2015, dos 5.570 munic\u00edpios do pa\u00eds, 906 n\u00e3o tinham nenhum trabalhador com essa idade. A maior parte dos munic\u00edpios (4.234) tinha, cada um, menos de 50 trabalhadores com 65 anos ou mais.<\/p>\n<p style=\"text-align: justify;\">Entre as cidades com trabalhadores acima de 65 anos, aquela que tem mais pessoas nessa condi\u00e7\u00e3o \u00e9 S\u00e3o Paulo (15.756), seguida por Rio de Janeiro (10.935), Belo Horizonte (3.652), Bras\u00edlia (3.508), Fortaleza (3.116), Salvador (3.072), Porto Alegre (3.011), Curitiba (2.957), Recife (2.873) e Bel\u00e9m (1.897).<\/p>\n<p style=\"text-align: justify;\"><strong>Reforma da Previd\u00eancia<\/strong><\/p>\n<p style=\"text-align: justify;\">O governo federal apresentou no in\u00edcio de dezembro uma proposta para a reforma da Previd\u00eancia Social. Uma das principais mudan\u00e7as \u00e9 a cria\u00e7\u00e3o de uma idade m\u00ednima de aposentadoria, de 65 anos, para homens e mulheres. Essa regra inviabilizaria que trabalhadores mais jovens se aposentassem por tempo de contribui\u00e7\u00e3o, como ocorre atualmente.<\/p>\n<p style=\"text-align: justify;\">A proposta tamb\u00e9m muda o c\u00e1lculo do benef\u00edcio do aposentado. Para conseguir a aposentadoria integral, o trabalhador deveria contribuir por 49 anos. Ou seja, apenas aqueles que come\u00e7aram a trabalhar com 16 anos teriam aposentadoria integral ao se aposentar com a idade m\u00ednima.<\/p>\n<p style=\"text-align: justify;\">A proposta est\u00e1 em tramita\u00e7\u00e3o no Congresso Nacional e ainda pode sofrer modifica\u00e7\u00f5es antes de entrar em vigor.<\/p>\n<p style=\"text-align: justify;\"><strong>Idosos na economia informal<\/strong><\/p>\n<p style=\"text-align: justify;\">De acordo com a pesquisadora do Instituto de Pesquisa Econ\u00f4mica Aplicada (Ipea), Ana Am\u00e9lia Camarano, o n\u00famero de idosos com mais de 65 anos trabalhando sobe quando se considera tamb\u00e9m o mercado informal.<\/p>\n<p style=\"text-align: justify;\">Citando dados da Pesquisa Nacional por Amostra de Domic\u00edlio (Pnad), do IBGE, ela informou que havia cerca de 2,82 milh\u00f5es de trabalhadores com mais de 65 anos no pa\u00eds em 2014 \u2013 enquanto que a popula\u00e7\u00e3o economicamente ativa somava mais de 100 milh\u00f5es de pessoas.<\/p>\n<p style=\"text-align: justify;\">&#8220;As pessoas se aposentam mais cedo. Aqui no Brasil, a legisla\u00e7\u00e3o permite que as pessoas se aposentem cedo e continuem trabalhando. Provavelmente, muitos dos que voltaram a trabalhar est\u00e3o nas atividades informais&#8221;, avaliou a pesquisadora. Segundo ela, muitos trabalhadores com mais de 65 anos atuam no setor de servi\u00e7os ou na agricultura.<\/p>\n<p style=\"text-align: justify;\">A pesquisadora defende a necessidade de se fazer uma reforma da Previd\u00eancia no pa\u00eds, com aumento da idade m\u00ednima, mas avaliou que \u00e9 necess\u00e1rio oferecer um &#8220;pacote mais completo&#8221; para a popula\u00e7\u00e3o, englobando tamb\u00e9m medidas de sa\u00fade e de capacita\u00e7\u00e3o de idosos para o mercado de trabalho.<\/p>\n<p style=\"text-align: justify;\">&#8220;Hoje se fala muito em requalifica\u00e7\u00e3o continuada com essa mudan\u00e7a tecnol\u00f3gica. Seria importante o Minist\u00e9rio do Trabalho oferecer medidas de capacita\u00e7\u00e3o e dar algum incentivo para que as empresas empreguem o trabalhador mais velho.&#8221;<\/p>\n<p style=\"text-align: justify;\">Para o secret\u00e1rio de Finan\u00e7as da Central \u00danica dos Trabalhadores (CUT), Quintino Severo, esses n\u00fameros mostram a &#8220;realidade do Brasil&#8221;, onde os trabalhadores ingressam muito cedo no mercado de trabalho.<\/p>\n<p style=\"text-align: justify;\">De acordo com Severo, os empregadores s\u00e3o &#8220;preconceituosos&#8221;. &#8220;Um trabalhador acima de 45, 50 anos n\u00e3o consegue voltar para o mercado de trabalho, que \u00e9 altamente rotativo. H\u00e1 uma resist\u00eancia por parte dos empregadores em contratar pessoas com mais idade, assim como os planos de Sa\u00fade [em aceitar pessoas com mais idade]. \u00c9 por isso que o mercado de trabalho exige pessoas jovens e, ao mesmo tempo, com experi\u00eancia, [o que \u00e9] uma contradi\u00e7\u00e3o. Isso vai cada vez mais dificultando a vida de quem tem mais idade&#8221;, disse.<\/p>\n<p style=\"text-align: justify;\">&#8220;A CUT \u00e9 contr\u00e1ria a ter idade m\u00ednima para aposentadoria. Defendemos a l\u00f3gica do tempo de contribui\u00e7\u00e3o, de 30 anos para mulher e 35 para homem, como est\u00e1 hoje&#8221;, afirmou ele.<\/p>\n<p style=\"text-align: justify;\"><strong>Empresas ter\u00e3o de se adaptar<\/strong><\/p>\n<p style=\"text-align: justify;\">Segundo Celso Bazzola, especialista em Recursos Humanos e diretor da consultoria de RH BAZZ, o mercado de trabalho mudou muito nos \u00faltimos anos. &#8220;At\u00e9 2007, 2008 havia uma tend\u00eancia maior de n\u00e3o absorver m\u00e3o de obra com uma maior idade, mas as empresas v\u00eam percebendo que a experi\u00eancia \u00e9 importante. Isso j\u00e1 est\u00e1 mudando nos \u00faltimos anos&#8221;, afirmou Bazzola.<\/p>\n<p style=\"text-align: justify;\">Para ele, com a possibilidade de mudan\u00e7a nas regras de aposentadoria, com a institui\u00e7\u00e3o de uma idade m\u00ednima de 65 anos, conforme a proposta do governo, o mercado de trabalho, principalmente, as empresas, ter\u00e3o de come\u00e7ar a analisar a integra\u00e7\u00e3o de profissionais mais experientes nos seus quadros profissionais.<\/p>\n<p style=\"text-align: justify;\">&#8220;Vai ser algo bastante gradativo e muito pontual [o aumento da contrata\u00e7\u00e3o de pessoas com mais idade]. Vai crescendo conforme acontece em outros pa\u00edses j\u00e1&#8221;, avaliou Bazzola.<\/p>\n<p style=\"text-align: justify;\">Segundo o especialista em recursos humanos, os profissionais com mais idade tendem a atuar como &#8220;tutores&#8221; para os mais jovens, em escolas, cursos universit\u00e1rios, &#8220;coaching&#8221;, e engenharia por exemplo. &#8220;Existe uma absor\u00e7\u00e3o interessante acima de 45 anos [nessas \u00e1reas].&#8221;<\/p>\n<p><strong>Acompanhe tamb\u00e9m o SE Not\u00edcias no <a href=\"https:\/\/twitter.com\/Senoticias\">Twitter<\/a>, <a href=\"https:\/\/www.facebook.com\/PortalSENoticias\/?ref=ts&amp;fref=ts\">Facebook <\/a>e no <a href=\"https:\/\/www.instagram.com\/senoticias\/\">Instagram<\/a><\/strong><\/p>\n<p><img loading=\"lazy\" decoding=\"async\" class=\"aligncenter size-full wp-image-99361\" src=\"http:\/\/senoticias.com.br\/se\/wp-content\/uploads\/2017\/01\/Logo-fone-1-2-1-2-1.jpg\" alt=\"logo-fone-1-2-1-2\" width=\"599\" height=\"78\" srcset=\"https:\/\/senoticias.com.br\/se\/wp-content\/uploads\/2017\/01\/Logo-fone-1-2-1-2-1.jpg 599w, https:\/\/senoticias.com.br\/se\/wp-content\/uploads\/2017\/01\/Logo-fone-1-2-1-2-1-300x39.jpg 300w\" sizes=\"(max-width: 599px) 100vw, 599px\" \/><\/p>\n<p><em>Do G1, em Bras\u00edlia<\/em><\/p>\n","protected":false},"excerpt":{"rendered":"<p>Se a proposta de reforma da Previd\u00eancia do governo federal for aprovada, a maioria dos brasileiros ter\u00e1 que trabalhar al\u00e9m dos 65 anos para conseguir a aposentadoria integral e manter seu padr\u00e3o de vida na terceira idade. Quem optar por esse caminho, vai esbarrar em um n\u00famero limitado de vagas formais para os idosos no [&hellip;]<\/p>\n","protected":false},"author":2,"featured_media":99430,"comment_status":"closed","ping_status":"closed","sticky":false,"template":"","format":"standard","meta":{"footnotes":""},"categories":[1],"tags":[],"class_list":{"0":"post-99429","1":"post","2":"type-post","3":"status-publish","4":"format-standard","5":"has-post-thumbnail","7":"category-sem-categoria"},"_links":{"self":[{"href":"https:\/\/senoticias.com.br\/se\/wp-json\/wp\/v2\/posts\/99429"}],"collection":[{"href":"https:\/\/senoticias.com.br\/se\/wp-json\/wp\/v2\/posts"}],"about":[{"href":"https:\/\/senoticias.com.br\/se\/wp-json\/wp\/v2\/types\/post"}],"author":[{"embeddable":true,"href":"https:\/\/senoticias.com.br\/se\/wp-json\/wp\/v2\/users\/2"}],"replies":[{"embeddable":true,"href":"https:\/\/senoticias.com.br\/se\/wp-json\/wp\/v2\/comments?post=99429"}],"version-history":[{"count":0,"href":"https:\/\/senoticias.com.br\/se\/wp-json\/wp\/v2\/posts\/99429\/revisions"}],"wp:featuredmedia":[{"embeddable":true,"href":"https:\/\/senoticias.com.br\/se\/wp-json\/wp\/v2\/media\/99430"}],"wp:attachment":[{"href":"https:\/\/senoticias.com.br\/se\/wp-json\/wp\/v2\/media?parent=99429"}],"wp:term":[{"taxonomy":"category","embeddable":true,"href":"https:\/\/senoticias.com.br\/se\/wp-json\/wp\/v2\/categories?post=99429"},{"taxonomy":"post_tag","embeddable":true,"href":"https:\/\/senoticias.com.br\/se\/wp-json\/wp\/v2\/tags?post=99429"}],"curies":[{"name":"wp","href":"https:\/\/api.w.org\/{rel}","templated":true}]}}