{"id":99423,"date":"2017-01-12T08:05:39","date_gmt":"2017-01-12T11:05:39","guid":{"rendered":"http:\/\/senoticias.com.br\/se\/?p=99423"},"modified":"2017-01-13T08:21:27","modified_gmt":"2017-01-13T11:21:27","slug":"em-audiencia-com-temer-edvaldo-reivindica-retomada-de-obras-paralisadas-em-aracaju","status":"publish","type":"post","link":"https:\/\/senoticias.com.br\/se\/em-audiencia-com-temer-edvaldo-reivindica-retomada-de-obras-paralisadas-em-aracaju\/","title":{"rendered":"Em audi\u00eancia com Temer, Edvaldo reivindica retomada de obras paralisadas em Aracaju"},"content":{"rendered":"<p style=\"text-align: justify;\">O prefeito Edvaldo Nogueira foi recebido nesta quarta-feira (11) pelo presidente Michel Temer, em Bras\u00edlia. Na pauta do encontro, que contou com a participa\u00e7\u00e3o do governador Jackson Barreto, o gestor municipal solicitou a retomada dos recursos para obras que est\u00e3o paralisadas em Aracaju e a recomposi\u00e7\u00e3o da verba para a Sa\u00fade da capital.<\/p>\n<div id=\"attachment_99424\" style=\"width: 609px\" class=\"wp-caption aligncenter\"><img loading=\"lazy\" decoding=\"async\" aria-describedby=\"caption-attachment-99424\" class=\"size-full wp-image-99424\" src=\"http:\/\/senoticias.com.br\/se\/wp-content\/uploads\/2017\/01\/Edvaldo-Nogueira-em-Brasilia-SE-Noticias-e1484219025681.jpg\" alt=\"Edvaldo reivindica retomada de obras paralisadas em Aracaju. (Foto: Alan Santos\/PR)\" width=\"599\" height=\"338\" \/><p id=\"caption-attachment-99424\" class=\"wp-caption-text\">Edvaldo reivindica retomada de obras paralisadas em Aracaju. (Foto: Alan Santos\/PR)<\/p><\/div>\n<p>A audi\u00eancia de Edvaldo com Temer derruba argumento utilizado pela oposi\u00e7\u00e3o durante a campanha eleitoral, de que o prefeito encontraria dificuldade de di\u00e1logo com o governo federal. J\u00e1 no seu 11\u00ba dia no comando da prefeitura de Aracaju, Edvaldo Nogueira se reuniu com o presidente para apresentar as reivindica\u00e7\u00f5es do povo aracajuano.<\/p>\n<p>\u201cEu apresentei ao presidente as demandas da nossa cidade, sobretudo das obras que foram paralisadas na gest\u00e3o anterior, para as quais j\u00e1 havia recursos estabelecidos no Or\u00e7amento Geral da Uni\u00e3o, e tamb\u00e9m tratei com ele dos pleitos que apresentamos ao ministro da Sa\u00fade, Ricardo Barros, na semana passada. Disse ao presidente que Aracaju precisa do apoio e da ajuda do governo federal. Michel Temer se colocou \u00e0 disposi\u00e7\u00e3o, abriu o di\u00e1logo e disse que ajudar\u00e1 a cidade\u201d, afirmou o prefeito.<\/p>\n<p>Edvaldo pontuou que sua equipe far\u00e1 o levantamento da situa\u00e7\u00e3o de todas as obras paralisadas na cidade para que, no pr\u00f3ximo m\u00eas, ele retorne \u00e0 capital federal para buscar os recursos nos minist\u00e9rios. \u201cVamos levantar todos os projetos e buscar os minist\u00e9rios. Em fevereiro, voltarei a Bras\u00edlia para conseguir os recursos\u201d, refor\u00e7ou o prefeito.<\/p>\n<p><b>Sa\u00fade<br \/>\n<\/b><br \/>\nNa semana passada, o prefeito entregou ao ministro da Sa\u00fade um documento com solicita\u00e7\u00e3o de libera\u00e7\u00e3o de R$ 27 milh\u00f5es para a Sa\u00fade de Aracaju. Os recursos ir\u00e3o viabilizar a constru\u00e7\u00e3o da maternidade do bairro 17 de Mar\u00e7o e a implanta\u00e7\u00e3o dos programas \u201cMelhor em Casa\u201d, Telessa\u00fade e do Prontu\u00e1rio Eletr\u00f4nico, al\u00e9m da amplia\u00e7\u00e3o das equipes de Sa\u00fade da Fam\u00edlia.<\/p>\n<p style=\"text-align: justify;\"><img loading=\"lazy\" decoding=\"async\" class=\"aligncenter size-full wp-image-99361\" src=\"http:\/\/senoticias.com.br\/se\/wp-content\/uploads\/2017\/01\/Logo-fone-1-2-1-2-1.jpg\" alt=\"logo-fone-1-2-1-2\" width=\"599\" height=\"78\" srcset=\"https:\/\/senoticias.com.br\/se\/wp-content\/uploads\/2017\/01\/Logo-fone-1-2-1-2-1.jpg 599w, https:\/\/senoticias.com.br\/se\/wp-content\/uploads\/2017\/01\/Logo-fone-1-2-1-2-1-300x39.jpg 300w\" sizes=\"(max-width: 599px) 100vw, 599px\" \/><\/p>\n<p style=\"text-align: justify;\"><strong>Acompanhe tamb\u00e9m o SE Not\u00edcias no<\/strong><span class=\"apple-converted-space\"><b>\u00a0<\/b><\/span><strong><a href=\"https:\/\/twitter.com\/Senoticias\" target=\"_blank\">Twitter<\/a>,<\/strong><span class=\"apple-converted-space\"><b>\u00a0<\/b><\/span><strong><a href=\"https:\/\/www.facebook.com\/senoticias1\" target=\"_blank\">Facebook<span class=\"apple-converted-space\">\u00a0<\/span><\/a>e no<\/strong><span class=\"apple-converted-space\"><b>\u00a0<\/b><\/span><strong><a href=\"https:\/\/www.instagram.com\/senoticias\/\" target=\"_blank\">Instagram<\/a><\/strong><\/p>\n<p style=\"text-align: justify;\"><em>Ascom\/Edvaldo Nogueira<\/em><\/p>\n","protected":false},"excerpt":{"rendered":"<p>O prefeito Edvaldo Nogueira foi recebido nesta quarta-feira (11) pelo presidente Michel Temer, em Bras\u00edlia. Na pauta do encontro, que contou com a participa\u00e7\u00e3o do governador Jackson Barreto, o gestor municipal solicitou a retomada dos recursos para obras que est\u00e3o paralisadas em Aracaju e a recomposi\u00e7\u00e3o da verba para a Sa\u00fade da capital. A audi\u00eancia [&hellip;]<\/p>\n","protected":false},"author":2,"featured_media":99424,"comment_status":"closed","ping_status":"closed","sticky":false,"template":"","format":"standard","meta":{"footnotes":""},"categories":[15,1461],"tags":[],"class_list":{"0":"post-99423","1":"post","2":"type-post","3":"status-publish","4":"format-standard","5":"has-post-thumbnail","7":"category-destaques","8":"category-eleicoes-2016"},"_links":{"self":[{"href":"https:\/\/senoticias.com.br\/se\/wp-json\/wp\/v2\/posts\/99423"}],"collection":[{"href":"https:\/\/senoticias.com.br\/se\/wp-json\/wp\/v2\/posts"}],"about":[{"href":"https:\/\/senoticias.com.br\/se\/wp-json\/wp\/v2\/types\/post"}],"author":[{"embeddable":true,"href":"https:\/\/senoticias.com.br\/se\/wp-json\/wp\/v2\/users\/2"}],"replies":[{"embeddable":true,"href":"https:\/\/senoticias.com.br\/se\/wp-json\/wp\/v2\/comments?post=99423"}],"version-history":[{"count":0,"href":"https:\/\/senoticias.com.br\/se\/wp-json\/wp\/v2\/posts\/99423\/revisions"}],"wp:featuredmedia":[{"embeddable":true,"href":"https:\/\/senoticias.com.br\/se\/wp-json\/wp\/v2\/media\/99424"}],"wp:attachment":[{"href":"https:\/\/senoticias.com.br\/se\/wp-json\/wp\/v2\/media?parent=99423"}],"wp:term":[{"taxonomy":"category","embeddable":true,"href":"https:\/\/senoticias.com.br\/se\/wp-json\/wp\/v2\/categories?post=99423"},{"taxonomy":"post_tag","embeddable":true,"href":"https:\/\/senoticias.com.br\/se\/wp-json\/wp\/v2\/tags?post=99423"}],"curies":[{"name":"wp","href":"https:\/\/api.w.org\/{rel}","templated":true}]}}