{"id":99422,"date":"2017-01-12T10:31:01","date_gmt":"2017-01-12T13:31:01","guid":{"rendered":"http:\/\/senoticias.com.br\/se\/?p=99422"},"modified":"2017-01-15T09:57:45","modified_gmt":"2017-01-15T12:57:45","slug":"apos-16-anos-bernardinho-deixa-comando-da-selecao-masculina-de-volei","status":"publish","type":"post","link":"https:\/\/senoticias.com.br\/se\/apos-16-anos-bernardinho-deixa-comando-da-selecao-masculina-de-volei\/","title":{"rendered":"Ap\u00f3s 16 anos, Bernardinho deixa comando da sele\u00e7\u00e3o masculina de v\u00f4lei"},"content":{"rendered":"<p style=\"text-align: justify;\">Depois de quase 16 anos \u00e0 frente da sele\u00e7\u00e3o brasileira masculina de v\u00f4lei, o t\u00e9cnico Bernardo Rocha de Rezende, o Bernardinho, deixou o cargo ontem (11). Seu substituto, apresentado oficialmente pela Confedera\u00e7\u00e3o Brasileira de V\u00f4lei (CBV), \u00e9 o ex-jogador da sele\u00e7\u00e3o Renan Dal Zotto, que fez parte da chamada &#8220;gera\u00e7\u00e3o de prata&#8221; do voleibol brasileiro junto com outros atletas famosos como Montanaro, William, Bernard, o pr\u00f3prio Bernardinho e Carl\u00e3o.<\/p>\n<div id=\"attachment_99428\" style=\"width: 609px\" class=\"wp-caption aligncenter\"><img loading=\"lazy\" decoding=\"async\" aria-describedby=\"caption-attachment-99428\" class=\"size-full wp-image-99428\" src=\"http:\/\/senoticias.com.br\/se\/wp-content\/uploads\/2017\/01\/SENot\u00edcias-1039391-210816_v9a13140022.jpg\" alt=\"Bernardinho ser\u00e1 substituido pelo ex-jogador da sele\u00e7\u00e3o Renan Dal Zotto (Foto: Fernando Fraz\u00e3o \/ Ag\u00eancia Brasil) \" width=\"599\" height=\"401\" srcset=\"https:\/\/senoticias.com.br\/se\/wp-content\/uploads\/2017\/01\/SENot\u00edcias-1039391-210816_v9a13140022.jpg 599w, https:\/\/senoticias.com.br\/se\/wp-content\/uploads\/2017\/01\/SENot\u00edcias-1039391-210816_v9a13140022-300x201.jpg 300w, https:\/\/senoticias.com.br\/se\/wp-content\/uploads\/2017\/01\/SENot\u00edcias-1039391-210816_v9a13140022-90x60.jpg 90w, https:\/\/senoticias.com.br\/se\/wp-content\/uploads\/2017\/01\/SENot\u00edcias-1039391-210816_v9a13140022-180x120.jpg 180w, https:\/\/senoticias.com.br\/se\/wp-content\/uploads\/2017\/01\/SENot\u00edcias-1039391-210816_v9a13140022-95x64.jpg 95w\" sizes=\"(max-width: 599px) 100vw, 599px\" \/><p id=\"caption-attachment-99428\" class=\"wp-caption-text\">Bernardinho ser\u00e1 substituido pelo ex-jogador da sele\u00e7\u00e3o Renan Dal Zotto (Foto: Fernando Fraz\u00e3o \/ Ag\u00eancia Brasil)<\/p><\/div>\n<p style=\"text-align: justify;\">Segundo informou o diretor de sele\u00e7\u00e3o da CBV, Radam\u00e9s Lattari, \u201cBernardinho agradeceu o convite para continuar como treinador, mas preferiu ter um tempo agora para se dedicar um pouco mais \u00e0 fam\u00edlia, \u00e0s coisas dele, e ele vai continuar colaborando da melhor forma que julgar com o trabalho do Renan, que foi escolhido pelo presidente Toroca (Walter Pitombo Laranjeiras) como novo treinador\u201d.<\/p>\n<p style=\"text-align: justify;\">Lattari assegurou que n\u00e3o haver\u00e1 novas modifica\u00e7\u00f5es nas sele\u00e7\u00f5es. Jos\u00e9 Roberto continua t\u00e9cnico da sele\u00e7\u00e3o feminina brasileira de v\u00f4lei e Renan assume a sele\u00e7\u00e3o masculina a partir de hoje.<\/p>\n<p style=\"text-align: justify;\"><strong>Carreira<\/strong><\/p>\n<p style=\"text-align: justify;\">Bernardinho chegou ao comando da sele\u00e7\u00e3o masculina em maio de 2001, \u00e0s v\u00e9speras da Liga Mundial daquele ano \u2013 da qual sairia campe\u00e3o. Antes, foi t\u00e9cnico da sele\u00e7\u00e3o feminina de v\u00f4lei, time com o qual conquistou duas medalhas ol\u00edmpicas de bronze: em Atlanta em 1996 e em Sydney, em 2000.<\/p>\n<p style=\"text-align: justify;\">Nos \u00faltimos anos, somou mais de 30 t\u00edtulos como t\u00e9cnico da equipe masculina. Bernardinho conquistou dois ouros ol\u00edmpicos: em 2004, em Atenas e 2016, no Rio de Janeiro. Tamb\u00e9m levou duas pratas em 2008 e 2012 e tr\u00eas t\u00edtulos mundiais: 2002, 2006 e 2010, al\u00e9m de oito Ligas Mundiais.<\/p>\n<p style=\"text-align: justify;\">Como t\u00e9cnico da sele\u00e7\u00e3o masculina, Bernardinho disputou todas as finais ol\u00edmpicas e mundiais nos \u00faltimos 16 anos.<\/p>\n<p style=\"text-align: justify;\"><strong>Acompanhe tamb\u00e9m o SE Not\u00edcias no <a href=\"https:\/\/twitter.com\/Senoticias\">Twitter<\/a>, <a href=\"https:\/\/www.facebook.com\/PortalSENoticias\/?ref=ts&amp;fref=ts\">Facebook <\/a>e no <a href=\"https:\/\/www.instagram.com\/senoticias\/\">Instagram<\/a><\/strong><\/p>\n<p style=\"text-align: justify;\"><img loading=\"lazy\" decoding=\"async\" class=\"aligncenter size-full wp-image-99361\" src=\"http:\/\/senoticias.com.br\/se\/wp-content\/uploads\/2017\/01\/Logo-fone-1-2-1-2-1.jpg\" alt=\"logo-fone-1-2-1-2\" width=\"599\" height=\"78\" srcset=\"https:\/\/senoticias.com.br\/se\/wp-content\/uploads\/2017\/01\/Logo-fone-1-2-1-2-1.jpg 599w, https:\/\/senoticias.com.br\/se\/wp-content\/uploads\/2017\/01\/Logo-fone-1-2-1-2-1-300x39.jpg 300w\" sizes=\"(max-width: 599px) 100vw, 599px\" \/><\/p>\n<p style=\"text-align: justify;\"><em>Da Ag\u00eancia Brasil<\/em><\/p>\n","protected":false},"excerpt":{"rendered":"<p>Depois de quase 16 anos \u00e0 frente da sele\u00e7\u00e3o brasileira masculina de v\u00f4lei, o t\u00e9cnico Bernardo Rocha de Rezende, o Bernardinho, deixou o cargo ontem (11). Seu substituto, apresentado oficialmente pela Confedera\u00e7\u00e3o Brasileira de V\u00f4lei (CBV), \u00e9 o ex-jogador da sele\u00e7\u00e3o Renan Dal Zotto, que fez parte da chamada &#8220;gera\u00e7\u00e3o de prata&#8221; do voleibol brasileiro [&hellip;]<\/p>\n","protected":false},"author":2,"featured_media":99428,"comment_status":"closed","ping_status":"closed","sticky":false,"template":"","format":"standard","meta":{"footnotes":""},"categories":[26],"tags":[],"class_list":{"0":"post-99422","1":"post","2":"type-post","3":"status-publish","4":"format-standard","5":"has-post-thumbnail","7":"category-esportes"},"_links":{"self":[{"href":"https:\/\/senoticias.com.br\/se\/wp-json\/wp\/v2\/posts\/99422"}],"collection":[{"href":"https:\/\/senoticias.com.br\/se\/wp-json\/wp\/v2\/posts"}],"about":[{"href":"https:\/\/senoticias.com.br\/se\/wp-json\/wp\/v2\/types\/post"}],"author":[{"embeddable":true,"href":"https:\/\/senoticias.com.br\/se\/wp-json\/wp\/v2\/users\/2"}],"replies":[{"embeddable":true,"href":"https:\/\/senoticias.com.br\/se\/wp-json\/wp\/v2\/comments?post=99422"}],"version-history":[{"count":0,"href":"https:\/\/senoticias.com.br\/se\/wp-json\/wp\/v2\/posts\/99422\/revisions"}],"wp:featuredmedia":[{"embeddable":true,"href":"https:\/\/senoticias.com.br\/se\/wp-json\/wp\/v2\/media\/99428"}],"wp:attachment":[{"href":"https:\/\/senoticias.com.br\/se\/wp-json\/wp\/v2\/media?parent=99422"}],"wp:term":[{"taxonomy":"category","embeddable":true,"href":"https:\/\/senoticias.com.br\/se\/wp-json\/wp\/v2\/categories?post=99422"},{"taxonomy":"post_tag","embeddable":true,"href":"https:\/\/senoticias.com.br\/se\/wp-json\/wp\/v2\/tags?post=99422"}],"curies":[{"name":"wp","href":"https:\/\/api.w.org\/{rel}","templated":true}]}}