{"id":99419,"date":"2017-01-12T07:18:28","date_gmt":"2017-01-12T10:18:28","guid":{"rendered":"http:\/\/senoticias.com.br\/se\/?p=99419"},"modified":"2017-01-12T07:23:01","modified_gmt":"2017-01-12T10:23:01","slug":"focos-de-incendio-continuam-ativos-na-loja-makro-atacadista-em-aracaju","status":"publish","type":"post","link":"https:\/\/senoticias.com.br\/se\/focos-de-incendio-continuam-ativos-na-loja-makro-atacadista-em-aracaju\/","title":{"rendered":"Focos de inc\u00eandio continuam ativos na loja Makro Atacadista em Aracaju"},"content":{"rendered":"<p style=\"text-align: justify;\">V\u00e1rios focos de chamas continuam ativos nesta quinta-feira (12) na unidade da loja Makro Atacadista, localizada na Av. Presidente Tancredo Neves, Bairro Ponto Novo, na Zona Sul de Aracaju (SE). De acordo com o Corpo de Bombeiros Militar (CBM), o trabalho de resfriamento e combate a novos focos de inc\u00eandio continua mesmo ap\u00f3s o controle das chamas. Quem passa pr\u00f3ximo do local ainda encontra fuma\u00e7a branca.<\/p>\n<div id=\"attachment_99420\" style=\"width: 609px\" class=\"wp-caption aligncenter\"><img loading=\"lazy\" decoding=\"async\" aria-describedby=\"caption-attachment-99420\" class=\"size-full wp-image-99420\" src=\"http:\/\/senoticias.com.br\/se\/wp-content\/uploads\/2017\/01\/SENot\u00edcias-makro1.jpg\" alt=\"Fuma\u00e7a branca \u00e9 vista durante resfriamento de supermercado incendiado (Foto: TV Sergipe\/Reprodu\u00e7\u00e3o) \" width=\"599\" height=\"449\" srcset=\"https:\/\/senoticias.com.br\/se\/wp-content\/uploads\/2017\/01\/SENot\u00edcias-makro1.jpg 599w, https:\/\/senoticias.com.br\/se\/wp-content\/uploads\/2017\/01\/SENot\u00edcias-makro1-300x225.jpg 300w, https:\/\/senoticias.com.br\/se\/wp-content\/uploads\/2017\/01\/SENot\u00edcias-makro1-45x35.jpg 45w\" sizes=\"(max-width: 599px) 100vw, 599px\" \/><p id=\"caption-attachment-99420\" class=\"wp-caption-text\">Fuma\u00e7a branca \u00e9 vista durante resfriamento de supermercado incendiado (Foto: TV Sergipe\/Reprodu\u00e7\u00e3o)<\/p><\/div>\n<p style=\"text-align: justify;\">O fogo come\u00e7ou no estabelecimento por volta das 17h de ter\u00e7a-feira (10) e n\u00e3o h\u00e1 registro de v\u00edtimas. Testemunhas disseram \u00e0 pol\u00edcia que o fogo come\u00e7ou nos fundos do supermercado e alastrou-se rapidamente.<\/p>\n<p style=\"text-align: justify;\">De acordo com o comandante-geral dos bombeiros, coronel Eduardo Carlos Pereira, o inc\u00eandio foi controlado ap\u00f3s duas horas do in\u00edcio e com isso foram evitadas explos\u00f5es em um restaurante onde havia cilindros de g\u00e1s.<\/p>\n<p style=\"text-align: justify;\">O tr\u00e1fego na Av. Tancredo Neves est\u00e1 liberado nos dois sentidos na manh\u00e3 desta quarta-feira (11), mas de forma lenta. A circula\u00e7\u00e3o no entorno do atacadista havia sido interrompida na noite anterior para facilitar a circula\u00e7\u00e3o das viaturas de combate as chamas. A distribuidora Energisa desligou a distribui\u00e7\u00e3o de energia na regi\u00e3o na noite anterior para evitar incidentes, mas o servi\u00e7o j\u00e1 foi restabelecido.<\/p>\n<p style=\"text-align: justify;\">Na regi\u00e3o existem v\u00e1rios condom\u00ednios residenciais e pr\u00e9dios comerciais, o que causou p\u00e2nico entre os moradores que ouviram algumas explos\u00f5es. Com medo do fogo atingir uma funer\u00e1ria, funcion\u00e1rios retiraram os caix\u00f5es.<\/p>\n<div id=\"attachment_99421\" style=\"width: 609px\" class=\"wp-caption aligncenter\"><img loading=\"lazy\" decoding=\"async\" aria-describedby=\"caption-attachment-99421\" class=\"size-full wp-image-99421\" src=\"http:\/\/senoticias.com.br\/se\/wp-content\/uploads\/2017\/01\/SENot\u00edcias-makro4.jpg\" alt=\"Estabelecimento atacadista ficou completamente destru\u00eddo (Foto: Jorge Barreto\/Skyshots) \" width=\"599\" height=\"449\" srcset=\"https:\/\/senoticias.com.br\/se\/wp-content\/uploads\/2017\/01\/SENot\u00edcias-makro4.jpg 599w, https:\/\/senoticias.com.br\/se\/wp-content\/uploads\/2017\/01\/SENot\u00edcias-makro4-300x225.jpg 300w, https:\/\/senoticias.com.br\/se\/wp-content\/uploads\/2017\/01\/SENot\u00edcias-makro4-45x35.jpg 45w\" sizes=\"(max-width: 599px) 100vw, 599px\" \/><p id=\"caption-attachment-99421\" class=\"wp-caption-text\">Estabelecimento atacadista ficou completamente destru\u00eddo (Foto: Jorge Barreto\/Skyshots)<\/p><\/div>\n<p style=\"text-align: justify;\">O Servi\u00e7o de Atendimento M\u00f3vel de Urg\u00eancia (Samu) n\u00e3o registrou v\u00edtimas. A Pol\u00edcia Militar mant\u00e9m a \u00e1rea isolada para evitar a aproxima\u00e7\u00e3o de curiosos e equipes da Superintend\u00eancia Municipal de Transporte e Tr\u00e2nsito (SMTT) e da Companhia de Pol\u00edcia de Tr\u00e2nsito (CPtran) monitoram o tr\u00e1fego no entorno do supermercado.<\/p>\n<p style=\"text-align: justify;\">Para controlar o inc\u00eandio, os bombeiros contaram com o apoio de um ve\u00edculo da Petrobras, que utiliza uma espuma especial para auxliar no combate ao fogo. \u201cA gente tentou evitar que as chamas se espalhassem para outras \u00e1reas. Para isso, nossas equipes utilizaram v\u00e1rias t\u00e9cnicas\u201d, contou a tenente-coronel do Corpo de Bombeiros, Maria Souza.<\/p>\n<p style=\"text-align: justify;\">A equipe do<strong> G1<\/strong> entrou em contato com a assessoria de imprensa do supermercado, em S\u00e3o Paulo, que ainda n\u00e3o se pronunciou sobre o assunto.<\/p>\n<p><strong>Acompanhe tamb\u00e9m o SE Not\u00edcias no <a href=\"https:\/\/twitter.com\/Senoticias\">Twitter<\/a>, <a href=\"https:\/\/www.facebook.com\/PortalSENoticias\/\">Facebook <\/a>e no <a href=\"https:\/\/www.instagram.com\/senoticias\/\">Instagram<\/a><\/strong><\/p>\n<p><img loading=\"lazy\" decoding=\"async\" class=\"aligncenter size-full wp-image-99361\" src=\"http:\/\/senoticias.com.br\/se\/wp-content\/uploads\/2017\/01\/Logo-fone-1-2-1-2-1.jpg\" alt=\"logo-fone-1-2-1-2\" width=\"599\" height=\"78\" srcset=\"https:\/\/senoticias.com.br\/se\/wp-content\/uploads\/2017\/01\/Logo-fone-1-2-1-2-1.jpg 599w, https:\/\/senoticias.com.br\/se\/wp-content\/uploads\/2017\/01\/Logo-fone-1-2-1-2-1-300x39.jpg 300w\" sizes=\"(max-width: 599px) 100vw, 599px\" \/><\/p>\n<p><em>Da Reda\u00e7\u00e3o, com informa\u00e7\u00f5es do G1, em Sergipe<\/em><\/p>\n","protected":false},"excerpt":{"rendered":"<p>V\u00e1rios focos de chamas continuam ativos nesta quinta-feira (12) na unidade da loja Makro Atacadista, localizada na Av. Presidente Tancredo Neves, Bairro Ponto Novo, na Zona Sul de Aracaju (SE). De acordo com o Corpo de Bombeiros Militar (CBM), o trabalho de resfriamento e combate a novos focos de inc\u00eandio continua mesmo ap\u00f3s o controle [&hellip;]<\/p>\n","protected":false},"author":2,"featured_media":99420,"comment_status":"closed","ping_status":"closed","sticky":false,"template":"","format":"standard","meta":{"footnotes":""},"categories":[7],"tags":[1942,1966],"class_list":{"0":"post-99419","1":"post","2":"type-post","3":"status-publish","4":"format-standard","5":"has-post-thumbnail","7":"category-policia","8":"tag-incendio","9":"tag-makro-atacadista"},"_links":{"self":[{"href":"https:\/\/senoticias.com.br\/se\/wp-json\/wp\/v2\/posts\/99419"}],"collection":[{"href":"https:\/\/senoticias.com.br\/se\/wp-json\/wp\/v2\/posts"}],"about":[{"href":"https:\/\/senoticias.com.br\/se\/wp-json\/wp\/v2\/types\/post"}],"author":[{"embeddable":true,"href":"https:\/\/senoticias.com.br\/se\/wp-json\/wp\/v2\/users\/2"}],"replies":[{"embeddable":true,"href":"https:\/\/senoticias.com.br\/se\/wp-json\/wp\/v2\/comments?post=99419"}],"version-history":[{"count":0,"href":"https:\/\/senoticias.com.br\/se\/wp-json\/wp\/v2\/posts\/99419\/revisions"}],"wp:featuredmedia":[{"embeddable":true,"href":"https:\/\/senoticias.com.br\/se\/wp-json\/wp\/v2\/media\/99420"}],"wp:attachment":[{"href":"https:\/\/senoticias.com.br\/se\/wp-json\/wp\/v2\/media?parent=99419"}],"wp:term":[{"taxonomy":"category","embeddable":true,"href":"https:\/\/senoticias.com.br\/se\/wp-json\/wp\/v2\/categories?post=99419"},{"taxonomy":"post_tag","embeddable":true,"href":"https:\/\/senoticias.com.br\/se\/wp-json\/wp\/v2\/tags?post=99419"}],"curies":[{"name":"wp","href":"https:\/\/api.w.org\/{rel}","templated":true}]}}