{"id":99405,"date":"2017-01-11T20:37:09","date_gmt":"2017-01-11T23:37:09","guid":{"rendered":"http:\/\/senoticias.com.br\/se\/?p=99405"},"modified":"2017-01-11T23:12:15","modified_gmt":"2017-01-12T02:12:15","slug":"entenda-como-a-inflacao-e-calculada-e-como-afeta-a-sua-vida","status":"publish","type":"post","link":"https:\/\/senoticias.com.br\/se\/entenda-como-a-inflacao-e-calculada-e-como-afeta-a-sua-vida\/","title":{"rendered":"Entenda como a infla\u00e7\u00e3o \u00e9 calculada e como afeta a sua vida"},"content":{"rendered":"<p style=\"text-align: justify;\">A infla\u00e7\u00e3o oficial do pa\u00eds, medida pelo \u00cdndice Nacional de Pre\u00e7os ao Consumidor Amplo (IPCA), fechou 2016 em 6,29%. O n\u00famero ficou <a href=\"http:\/\/agenciabrasil.ebc.com.br\/economia\/noticia\/2017-01\/inflacao-oficial-fecha-2016-em-629-dentro-do-teto-da-meta-diz-ibge\" target=\"_blank\">abaixo do teto<\/a> da meta fixada pelo Banco Central, de 6,5%. Mas o que isso tem a ver com a sua vida? Qual \u00e9 a influ\u00eancia desse n\u00famero na pr\u00e1tica?<\/p>\n<div id=\"attachment_99406\" style=\"width: 590px\" class=\"wp-caption aligncenter\"><a href=\"http:\/\/senoticias.com.br\/se\/wp-content\/uploads\/2017\/01\/Inflacao-e1484177793290.jpg\"><img loading=\"lazy\" decoding=\"async\" aria-describedby=\"caption-attachment-99406\" class=\"size-full wp-image-99406\" src=\"http:\/\/senoticias.com.br\/se\/wp-content\/uploads\/2017\/01\/Inflacao-e1484177793290.jpg\" alt=\"Foto: Daniel Castellano\/Gazeta do Povo\" width=\"580\" height=\"387\" \/><\/a><p id=\"caption-attachment-99406\" class=\"wp-caption-text\">Foto: Daniel Castellano\/Gazeta do Povo<\/p><\/div>\n<p style=\"text-align: justify;\">O IPCA \u00e9 a infla\u00e7\u00e3o oficial do Brasil. Esse indicador mede o valor de todos os produtos que comp\u00f5em a cesta de consumo do brasileiro.<\/p>\n<p style=\"text-align: justify;\">Para medir a varia\u00e7\u00e3o da infla\u00e7\u00e3o, entra de tudo na conta: gasolina, lazer, transporte, taxas, alimenta\u00e7\u00e3o, escola e outros itens. Para chegar ao resultado final, o Instituto Brasileiro de Geografia e Estat\u00edstica (IBGE) divide os produtos em grupos e cada um deles t\u00eam um peso diferente, de acordo com o que o brasileiro consome mais.<\/p>\n<p style=\"text-align: justify;\">Mas ao contr\u00e1rio do que muita gente pensa, a infla\u00e7\u00e3o n\u00e3o \u00e9 apenas um aumento dos pre\u00e7os dos produtos e servi\u00e7os. Estes fatores s\u00e3o, na verdade, consequ\u00eancias da varia\u00e7\u00e3o da infla\u00e7\u00e3o, segundo especialistas.<\/p>\n<p style=\"text-align: justify;\">O aumento dos pre\u00e7os pode ser causado tamb\u00e9m por um problema em algum setor espec\u00edfico da economia, por exemplo, e n\u00e3o estar necessariamente vinculado \u00e0 infla\u00e7\u00e3o. Seca, pragas e excesso de chuvas podem causar a alta dos pre\u00e7os de determinados produtos. Al\u00e9m disso, o excesso de procura por bens e servi\u00e7os faz com que os valores aumentem.<\/p>\n<p style=\"text-align: justify;\"><strong>Dinheiro em circula\u00e7\u00e3o<\/strong><\/p>\n<p style=\"text-align: justify;\">A infla\u00e7\u00e3o tem uma rela\u00e7\u00e3o com a quantidade de dinheiro que circula na economia em determinado momento, com o aumento do acesso ao cr\u00e9dito, gastos do governo e crescimento desordenado dos meios de pagamento, de acordo com o professor de economia da Universidade de Bras\u00edlia (UnB) Newton Ferreira.<\/p>\n<p style=\"text-align: justify;\">Em qualquer lugar do mundo, segundo o economista, os governos determinam qual \u00e9 o melhor \u00edndice de infla\u00e7\u00e3o, que acaba sendo um term\u00f4metro para a demanda de bens e servi\u00e7os. Quando a infla\u00e7\u00e3o \u00e9 superior ao aumento de sal\u00e1rios, por exemplo, h\u00e1 perda de poder de compra da popula\u00e7\u00e3o assalariada. Quando o contr\u00e1rio acontece, com mais dinheiro no bolso, as pessoas demandam mais bens e servi\u00e7os e sobrecarregam a economia.<\/p>\n<p style=\"text-align: justify;\">\u201cEm geral, quando a sociedade demanda em excesso bens e servi\u00e7os, al\u00e9m do que \u00e9 ofertado, gera-se pre\u00e7os inflacionados. \u00c9 um fen\u00f4meno macroecon\u00f4mico medido com uma metodologia, que leva em considera\u00e7\u00e3o renda de pessoas com entre 1 e 40 sal\u00e1rios-m\u00ednimos\u201d, explica.<\/p>\n<p style=\"text-align: justify;\">Mas essa amplitude pode gerar uma grande dispers\u00e3o no resultado final. \u201cUma pessoa que ganha, por exemplo, dez sal\u00e1rios-m\u00ednimos, tem um perfil de consumo muito diferente de quem ganha 20 sal\u00e1rios-m\u00ednimos. Os gastos com alimenta\u00e7\u00e3o, transporte, moradia, sa\u00fade ser\u00e3o diferentes. Para compensar isso na metodologia, existe uma pondera\u00e7\u00e3o entre as vari\u00e1veis consideradas.\u201d<\/p>\n<p style=\"text-align: justify;\">Para Ferreira, a dificuldade em entender a influ\u00eancia da infla\u00e7\u00e3o na vida de cada pessoa est\u00e1 na dissocia\u00e7\u00e3o dos valores, porque os n\u00fameros levantados pelo IBGE s\u00e3o uma m\u00e9dia e n\u00e3o o valor real. \u201cEsse valor m\u00e9dio \u00e9 o par\u00e2metro do governo para a economia de acordo com estudos t\u00e9cnicos realizados pelo Banco Central\u201d, complementa.<\/p>\n<p style=\"text-align: justify;\"><strong>Meta<\/strong><\/p>\n<p style=\"text-align: justify;\">A meta da infla\u00e7\u00e3o \u00e9 determinada pelo Conselho Monet\u00e1rio Nacional (CMN) e cabe ao Banco Central orientar sua oferta de moeda e controlar o acesso ao cr\u00e9dito de acordo com esse limite. A meta permite uma margem para amortecer poss\u00edveis crises e choques de pre\u00e7o.<\/p>\n<p style=\"text-align: justify;\">O especialista em finan\u00e7as Marcos Mello diz que \u00e9 preciso haver um esfor\u00e7o para conter a infla\u00e7\u00e3o e mant\u00ea-la em um n\u00edvel baixo e controlado. \u201cA principal ferramenta que o governo tem para isso \u00e9 a <a href=\"http:\/\/radioagencianacional.ebc.com.br\/economia\/audio\/2016-12\/trocando-em-miudo-saiba-relacao-entre-reducao-da-selic-inflacao-e-o-resultado\" target=\"_blank\">taxa b\u00e1sica de juros<\/a>\u201d, explica. Mas a medida tem consequ\u00eancias para a economia. \u201cQuando se mant\u00e9m uma taxa elevada, o efeito que se pretende \u00e9 diminuir a atividade econ\u00f4mica. Essa redu\u00e7\u00e3o da atividade econ\u00f4mica ajuda a reduzir a infla\u00e7\u00e3o. O problema \u00e9 que essa redu\u00e7\u00e3o da atividade tamb\u00e9m gera desemprego e isso nos atinge mais diretamente\u201d, pondera.<\/p>\n<p style=\"text-align: justify;\"><strong>Saiba quais s\u00e3o os principais \u00edndices de infla\u00e7\u00e3o:<\/strong><\/p>\n<p style=\"text-align: justify;\">IPA \u2013 \u00cdndice de Pre\u00e7os no Atacado<\/p>\n<p style=\"text-align: justify;\">INPC \u2013 \u00cdndice Nacional de Pre\u00e7os ao Consumidor<\/p>\n<p style=\"text-align: justify;\">IPCA \u2013 \u00cdndice de Pre\u00e7os ao Consumidor Amplo<\/p>\n<p style=\"text-align: justify;\">INCC \u2013 \u00cdndice Nacional do Custo da Constru\u00e7\u00e3o<\/p>\n<p style=\"text-align: justify;\">CUB \u2013 Custo Unit\u00e1rio B\u00e1sico<\/p>\n<p style=\"text-align: justify;\">IPC \u2013 \u00cdndice de Pre\u00e7os ao Consumidor<\/p>\n<p style=\"line-height: 14.25pt; text-align: justify;\"><strong><span style=\"font-size: 10.0pt; font-family: 'Georgia','serif'; color: #333333;\">Acompanhe tamb\u00e9m o SE Not\u00edcias no<\/span><\/strong><span class=\"apple-converted-space\"><b><span style=\"font-size: 10.0pt; font-family: 'Georgia','serif'; color: #333333;\">\u00a0<\/span><\/b><\/span><strong><span style=\"font-size: 10.0pt; font-family: 'Georgia','serif'; color: #333333;\"><a href=\"https:\/\/twitter.com\/Senoticias\" target=\"_blank\">Twitter<\/a>,<\/span><\/strong><span class=\"apple-converted-space\"><b><span style=\"font-size: 10.0pt; font-family: 'Georgia','serif'; color: #333333;\">\u00a0<\/span><\/b><\/span><strong><span style=\"font-size: 10.0pt; font-family: 'Georgia','serif'; color: #333333;\"><a href=\"https:\/\/www.facebook.com\/senoticias1\" target=\"_blank\">Facebook<span class=\"apple-converted-space\"><span style=\"color: windowtext; text-decoration: none;\">\u00a0<\/span><\/span><\/a>e no<\/span><\/strong><span class=\"apple-converted-space\"><b><span style=\"font-size: 10.0pt; font-family: 'Georgia','serif'; color: #333333;\">\u00a0<\/span><\/b><\/span><strong><span style=\"font-size: 10.0pt; font-family: 'Georgia','serif'; color: #333333;\"><a href=\"https:\/\/www.instagram.com\/senoticias\/\" target=\"_blank\">Instagram<\/a>.<\/span><\/strong><\/p>\n<p style=\"text-align: justify;\"><a href=\"http:\/\/senoticias.com.br\/se\/wp-content\/uploads\/2017\/01\/Logo-fone-1-2-1-2-1.jpg\"><img loading=\"lazy\" decoding=\"async\" class=\"aligncenter size-full wp-image-99361\" src=\"http:\/\/senoticias.com.br\/se\/wp-content\/uploads\/2017\/01\/Logo-fone-1-2-1-2-1.jpg\" alt=\"logo-fone-1-2-1-2\" width=\"599\" height=\"78\" srcset=\"https:\/\/senoticias.com.br\/se\/wp-content\/uploads\/2017\/01\/Logo-fone-1-2-1-2-1.jpg 599w, https:\/\/senoticias.com.br\/se\/wp-content\/uploads\/2017\/01\/Logo-fone-1-2-1-2-1-300x39.jpg 300w\" sizes=\"(max-width: 599px) 100vw, 599px\" \/><\/a><\/p>\n<p style=\"text-align: justify;\">Da Ag\u00eancia Brasil.<\/p>\n","protected":false},"excerpt":{"rendered":"<p>A infla\u00e7\u00e3o oficial do pa\u00eds, medida pelo \u00cdndice Nacional de Pre\u00e7os ao Consumidor Amplo (IPCA), fechou 2016 em 6,29%. O n\u00famero ficou abaixo do teto da meta fixada pelo Banco Central, de 6,5%. Mas o que isso tem a ver com a sua vida? Qual \u00e9 a influ\u00eancia desse n\u00famero na pr\u00e1tica? O IPCA \u00e9 [&hellip;]<\/p>\n","protected":false},"author":5618,"featured_media":99406,"comment_status":"closed","ping_status":"closed","sticky":false,"template":"","format":"standard","meta":{"footnotes":""},"categories":[6],"tags":[1960],"class_list":{"0":"post-99405","1":"post","2":"type-post","3":"status-publish","4":"format-standard","5":"has-post-thumbnail","7":"category-politica","8":"tag-entenda-como-a-inflacao-e-calculada-e-como-afeta-a-sua-vida"},"_links":{"self":[{"href":"https:\/\/senoticias.com.br\/se\/wp-json\/wp\/v2\/posts\/99405"}],"collection":[{"href":"https:\/\/senoticias.com.br\/se\/wp-json\/wp\/v2\/posts"}],"about":[{"href":"https:\/\/senoticias.com.br\/se\/wp-json\/wp\/v2\/types\/post"}],"author":[{"embeddable":true,"href":"https:\/\/senoticias.com.br\/se\/wp-json\/wp\/v2\/users\/5618"}],"replies":[{"embeddable":true,"href":"https:\/\/senoticias.com.br\/se\/wp-json\/wp\/v2\/comments?post=99405"}],"version-history":[{"count":0,"href":"https:\/\/senoticias.com.br\/se\/wp-json\/wp\/v2\/posts\/99405\/revisions"}],"wp:featuredmedia":[{"embeddable":true,"href":"https:\/\/senoticias.com.br\/se\/wp-json\/wp\/v2\/media\/99406"}],"wp:attachment":[{"href":"https:\/\/senoticias.com.br\/se\/wp-json\/wp\/v2\/media?parent=99405"}],"wp:term":[{"taxonomy":"category","embeddable":true,"href":"https:\/\/senoticias.com.br\/se\/wp-json\/wp\/v2\/categories?post=99405"},{"taxonomy":"post_tag","embeddable":true,"href":"https:\/\/senoticias.com.br\/se\/wp-json\/wp\/v2\/tags?post=99405"}],"curies":[{"name":"wp","href":"https:\/\/api.w.org\/{rel}","templated":true}]}}