{"id":99404,"date":"2017-01-11T20:29:49","date_gmt":"2017-01-11T23:29:49","guid":{"rendered":"http:\/\/senoticias.com.br\/se\/?p=99404"},"modified":"2017-01-11T23:12:53","modified_gmt":"2017-01-12T02:12:53","slug":"petrobras-nao-precisa-considerar-inflacao-para-definir-preco-do-combustivel","status":"publish","type":"post","link":"https:\/\/senoticias.com.br\/se\/petrobras-nao-precisa-considerar-inflacao-para-definir-preco-do-combustivel\/","title":{"rendered":"Petrobras n\u00e3o precisa considerar infla\u00e7\u00e3o para definir pre\u00e7o do combust\u00edvel"},"content":{"rendered":"<p style=\"text-align: justify;\">O presidente da Petrobras, Pedro Parente, disse hoje (11) que a empresa est\u00e1 seguindo a pol\u00edtica de pre\u00e7os de combust\u00edveis e afirmou ainda que a estatal n\u00e3o \u00e9 obrigada a levar em conta\u00a0crit\u00e9rios macroecon\u00f4micos na fixa\u00e7\u00e3o de seus pre\u00e7os, ao ser questionado se a infla\u00e7\u00e3o \u00e9 considerada nos c\u00e1lculos.<\/p>\n<div id=\"attachment_56287\" style=\"width: 600px\" class=\"wp-caption aligncenter\"><a href=\"http:\/\/senoticias.com.br\/se\/wp-content\/uploads\/2013\/11\/Gasolina1.jpg\"><img loading=\"lazy\" decoding=\"async\" aria-describedby=\"caption-attachment-56287\" class=\"size-full wp-image-56287\" src=\"http:\/\/senoticias.com.br\/se\/wp-content\/uploads\/2013\/11\/Gasolina1.jpg\" alt=\" (Foto: Daniel Silveira\/G1) (Foto: Reprodu\u00e7\u00e3o) \" width=\"590\" height=\"443\" srcset=\"https:\/\/senoticias.com.br\/se\/wp-content\/uploads\/2013\/11\/Gasolina1.jpg 590w, https:\/\/senoticias.com.br\/se\/wp-content\/uploads\/2013\/11\/Gasolina1-300x225.jpg 300w, https:\/\/senoticias.com.br\/se\/wp-content\/uploads\/2013\/11\/Gasolina1-342x256.jpg 342w, https:\/\/senoticias.com.br\/se\/wp-content\/uploads\/2013\/11\/Gasolina1-60x45.jpg 60w, https:\/\/senoticias.com.br\/se\/wp-content\/uploads\/2013\/11\/Gasolina1-150x113.jpg 150w, https:\/\/senoticias.com.br\/se\/wp-content\/uploads\/2013\/11\/Gasolina1-269x201.jpg 269w\" sizes=\"(max-width: 590px) 100vw, 590px\" \/><\/a><p id=\"caption-attachment-56287\" class=\"wp-caption-text\">(Foto: Daniel Silveira\/G1) (Foto: Reprodu\u00e7\u00e3o)<\/p><\/div>\n<p style=\"text-align: justify;\">Segundo ele, os combust\u00edveis\u00a0s\u00e3o commodities, n\u00e3o t\u00eam pre\u00e7o fixado, e precisam seguir o movimento do mercado internacional.<\/p>\n<p style=\"text-align: justify;\">\u201cComo acontece com uma padaria quando o trigo aumenta e ela tem que refletir isso no pre\u00e7o do p\u00e3o, acontece na soja, no caf\u00e9 e no min\u00e9rio de ferro. Ent\u00e3o, aqui n\u00e3o \u00e9 uma quest\u00e3o que a Petrobras esteja criando qualquer situa\u00e7\u00e3o. Ela est\u00e1 reagindo a movimentos dos pre\u00e7os das commodities nos mercados internacionais. N\u00f3s n\u00e3o geramos isso. N\u00f3s refletimos isso nos pre\u00e7os da companhia\u201d, disse Pedro Parente durante caf\u00e9 da manh\u00e3 com jornalistas na sede da empresa, no centro do Rio de Janeiro.<\/p>\n<p style=\"text-align: justify;\">Sobre repercuss\u00e3o no mercado do pre\u00e7o do diesel e a manuten\u00e7\u00e3o do pre\u00e7o da gasolina e que os valores est\u00e3o fora dos patamares internacionais, Parente rebate cr\u00edticas as analistas de que os pre\u00e7os adotados pela empresa est\u00e3o diferentes dos praticados no mercado.<\/p>\n<p style=\"text-align: justify;\">\u201cDivulgamos uma pol\u00edtica que estamos seguindo \u00e0 risca. N\u00f3s estamos, de acordo com os nossos c\u00e1lculos, mantendo exatamente a margem que a gente deseja tanto quanto ao diesel como para a gasolina\u201d, disse.<\/p>\n<p style=\"text-align: justify;\"><strong>Negocia\u00e7\u00f5es salariais<\/strong><\/p>\n<p style=\"text-align: justify;\">O presidente da Petrobras informou ainda que a empresa recebeu na semana passada\u00a0uma proposta de negocia\u00e7\u00e3o salarial dos petroleiros. Segundo ele, a empresa vai analisar nas pr\u00f3ximas semanas a proposta.<\/p>\n<p style=\"text-align: justify;\">Pedro Parente descartou um novo Programa de Incentivo ao Desligamento Volunt\u00e1rio (PIDV) e citou apenas que poder\u00e1 haver desligamento volunt\u00e1rio para casos de venda de ativos.<\/p>\n<p style=\"line-height: 14.25pt; text-align: justify;\"><strong><span style=\"font-size: 10.0pt; font-family: 'Georgia','serif'; color: #333333;\">Acompanhe tamb\u00e9m o SE Not\u00edcias no<\/span><\/strong><span class=\"apple-converted-space\"><b><span style=\"font-size: 10.0pt; font-family: 'Georgia','serif'; color: #333333;\">\u00a0<\/span><\/b><\/span><strong><span style=\"font-size: 10.0pt; font-family: 'Georgia','serif'; color: #333333;\"><a href=\"https:\/\/twitter.com\/Senoticias\" target=\"_blank\">Twitter<\/a>,<\/span><\/strong><span class=\"apple-converted-space\"><b><span style=\"font-size: 10.0pt; font-family: 'Georgia','serif'; color: #333333;\">\u00a0<\/span><\/b><\/span><strong><span style=\"font-size: 10.0pt; font-family: 'Georgia','serif'; color: #333333;\"><a href=\"https:\/\/www.facebook.com\/senoticias1\" target=\"_blank\">Facebook<span class=\"apple-converted-space\"><span style=\"color: windowtext; text-decoration: none;\">\u00a0<\/span><\/span><\/a>e no<\/span><\/strong><span class=\"apple-converted-space\"><b><span style=\"font-size: 10.0pt; font-family: 'Georgia','serif'; color: #333333;\">\u00a0<\/span><\/b><\/span><strong><span style=\"font-size: 10.0pt; font-family: 'Georgia','serif'; color: #333333;\"><a href=\"https:\/\/www.instagram.com\/senoticias\/\" target=\"_blank\">Instagram<\/a>.<\/span><\/strong><\/p>\n<p style=\"line-height: 14.25pt; text-align: justify;\"><a href=\"http:\/\/senoticias.com.br\/se\/wp-content\/uploads\/2017\/01\/Logo-fone-1-2-1-2-1.jpg\"><img loading=\"lazy\" decoding=\"async\" class=\"aligncenter size-full wp-image-99361\" src=\"http:\/\/senoticias.com.br\/se\/wp-content\/uploads\/2017\/01\/Logo-fone-1-2-1-2-1.jpg\" alt=\"logo-fone-1-2-1-2\" width=\"599\" height=\"78\" srcset=\"https:\/\/senoticias.com.br\/se\/wp-content\/uploads\/2017\/01\/Logo-fone-1-2-1-2-1.jpg 599w, https:\/\/senoticias.com.br\/se\/wp-content\/uploads\/2017\/01\/Logo-fone-1-2-1-2-1-300x39.jpg 300w\" sizes=\"(max-width: 599px) 100vw, 599px\" \/><\/a><\/p>\n<p style=\"text-align: justify;\">Da Ag\u00eancia Brasil<\/p>\n","protected":false},"excerpt":{"rendered":"<p>O presidente da Petrobras, Pedro Parente, disse hoje (11) que a empresa est\u00e1 seguindo a pol\u00edtica de pre\u00e7os de combust\u00edveis e afirmou ainda que a estatal n\u00e3o \u00e9 obrigada a levar em conta\u00a0crit\u00e9rios macroecon\u00f4micos na fixa\u00e7\u00e3o de seus pre\u00e7os, ao ser questionado se a infla\u00e7\u00e3o \u00e9 considerada nos c\u00e1lculos. Segundo ele, os combust\u00edveis\u00a0s\u00e3o commodities, n\u00e3o [&hellip;]<\/p>\n","protected":false},"author":5618,"featured_media":56287,"comment_status":"closed","ping_status":"closed","sticky":false,"template":"","format":"standard","meta":{"footnotes":""},"categories":[38],"tags":[1959],"class_list":{"0":"post-99404","1":"post","2":"type-post","3":"status-publish","4":"format-standard","5":"has-post-thumbnail","7":"category-municipios","8":"tag-petrobras-nao-precisa-considerar-inflacao-para-definir-preco-do-combustivel"},"_links":{"self":[{"href":"https:\/\/senoticias.com.br\/se\/wp-json\/wp\/v2\/posts\/99404"}],"collection":[{"href":"https:\/\/senoticias.com.br\/se\/wp-json\/wp\/v2\/posts"}],"about":[{"href":"https:\/\/senoticias.com.br\/se\/wp-json\/wp\/v2\/types\/post"}],"author":[{"embeddable":true,"href":"https:\/\/senoticias.com.br\/se\/wp-json\/wp\/v2\/users\/5618"}],"replies":[{"embeddable":true,"href":"https:\/\/senoticias.com.br\/se\/wp-json\/wp\/v2\/comments?post=99404"}],"version-history":[{"count":0,"href":"https:\/\/senoticias.com.br\/se\/wp-json\/wp\/v2\/posts\/99404\/revisions"}],"wp:featuredmedia":[{"embeddable":true,"href":"https:\/\/senoticias.com.br\/se\/wp-json\/wp\/v2\/media\/56287"}],"wp:attachment":[{"href":"https:\/\/senoticias.com.br\/se\/wp-json\/wp\/v2\/media?parent=99404"}],"wp:term":[{"taxonomy":"category","embeddable":true,"href":"https:\/\/senoticias.com.br\/se\/wp-json\/wp\/v2\/categories?post=99404"},{"taxonomy":"post_tag","embeddable":true,"href":"https:\/\/senoticias.com.br\/se\/wp-json\/wp\/v2\/tags?post=99404"}],"curies":[{"name":"wp","href":"https:\/\/api.w.org\/{rel}","templated":true}]}}