{"id":99402,"date":"2017-01-11T20:04:00","date_gmt":"2017-01-11T23:04:00","guid":{"rendered":"http:\/\/senoticias.com.br\/se\/?p=99402"},"modified":"2017-01-11T22:35:26","modified_gmt":"2017-01-12T01:35:26","slug":"governador-discute-reforma-do-ttb-e-cultura-popular-com-ministro-roberto-freire","status":"publish","type":"post","link":"https:\/\/senoticias.com.br\/se\/governador-discute-reforma-do-ttb-e-cultura-popular-com-ministro-roberto-freire\/","title":{"rendered":"Governador discute revitaliza\u00e7\u00e3o hist\u00f3rica e tur\u00edstica do munic\u00edpio de S\u00e3o Crist\u00f3v\u00e3o com ministro da Cultura"},"content":{"rendered":"<p style=\"text-align: justify;\">Ap\u00f3s <a href=\"http:\/\/www.agencia.se.gov.br\/noticias\/governo\/jackson-reune-se-com-temer-e-pede-celeridade-nas-acoes-na-area-da-seca-e-aeroporto\">audi\u00eancia<\/a> com o presidente Michel Temer, quando solicitou recursos para a\u00e7\u00f5es de combate aos efeitos da seca e amplia\u00e7\u00e3o do aeroporto, o governador Jackson Barreto foi recebido pelo ministro da Cultura, Roberto Freire, para debater a reforma do Teatro Tobias Barreto e fomento \u00e0 cultura popular.<\/p>\n<div id=\"attachment_99403\" style=\"width: 590px\" class=\"wp-caption aligncenter\"><a href=\"http:\/\/senoticias.com.br\/se\/wp-content\/uploads\/2017\/01\/Ministro-da-cultura-e-jackson-barreto-e1484175810883.jpeg\"><img loading=\"lazy\" decoding=\"async\" aria-describedby=\"caption-attachment-99403\" class=\"size-full wp-image-99403\" src=\"http:\/\/senoticias.com.br\/se\/wp-content\/uploads\/2017\/01\/Ministro-da-cultura-e-jackson-barreto-e1484175810883.jpeg\" alt=\"Foto: Roque S\u00e1\" width=\"580\" height=\"387\" \/><\/a><p id=\"caption-attachment-99403\" class=\"wp-caption-text\">Foto: Roque S\u00e1<\/p><\/div>\n<p style=\"text-align: justify;\">Jackson apresentou a necessidade de reforma do teatro que carrega o nome do jurista Tobias Barreto e \u00e9 uma das mais importantes pra\u00e7as de espet\u00e1culo de Sergipe.\u00a0\u201cDiscutimos a reforma do teatro Tobias Barreto e pedimos uma orienta\u00e7\u00e3o sobre projetos que possam ser apresentados e viabilizados. O ministro se colocou \u00e0 disposi\u00e7\u00e3o do Estado e comentou seu projeto de dialogar diretamente com os munic\u00edpios, uma proposta interessante, porque acessa as comunidades mais distantes do pa\u00eds, fora dos principais centros. Um governo se faz cuidando da seguran\u00e7a, sa\u00fade, educa\u00e7\u00e3o e, fundamentalmente, a cultura, que \u00e9 o que passa de gera\u00e7\u00e3o para gera\u00e7\u00e3o\u201d, declarou o governador.<\/p>\n<p style=\"text-align: justify;\">O chefe do Executivo tamb\u00e9m discutiu o apoio a projetos de <strong>revitaliza\u00e7\u00e3o hist\u00f3rica e tur\u00edstica do munic\u00edpio de S\u00e3o Crist\u00f3v\u00e3o<\/strong>, quarta cidade mais antiga do pa\u00eds e guardi\u00e3 da passagem de portugueses pelo estado. \u201cPrecisamos investir nas cidades hist\u00f3ricas, fomentar nossas ra\u00edzes e riquezas\u201d.<\/p>\n<p style=\"line-height: 14.25pt;\"><strong><span style=\"font-size: 10.0pt; font-family: 'Georgia','serif'; color: #333333;\">Acompanhe tamb\u00e9m o SE Not\u00edcias no<\/span><\/strong><span class=\"apple-converted-space\"><b><span style=\"font-size: 10.0pt; font-family: 'Georgia','serif'; color: #333333;\">\u00a0<\/span><\/b><\/span><strong><span style=\"font-size: 10.0pt; font-family: 'Georgia','serif'; color: #333333;\"><a href=\"https:\/\/twitter.com\/Senoticias\" target=\"_blank\">Twitter<\/a>,<\/span><\/strong><span class=\"apple-converted-space\"><b><span style=\"font-size: 10.0pt; font-family: 'Georgia','serif'; color: #333333;\">\u00a0<\/span><\/b><\/span><strong><span style=\"font-size: 10.0pt; font-family: 'Georgia','serif'; color: #333333;\"><a href=\"https:\/\/www.facebook.com\/senoticias1\" target=\"_blank\">Facebook<span class=\"apple-converted-space\"><span style=\"color: windowtext; text-decoration: none;\">\u00a0<\/span><\/span><\/a>e no<\/span><\/strong><span class=\"apple-converted-space\"><b><span style=\"font-size: 10.0pt; font-family: 'Georgia','serif'; color: #333333;\">\u00a0<\/span><\/b><\/span><strong><span style=\"font-size: 10.0pt; font-family: 'Georgia','serif'; color: #333333;\"><a href=\"https:\/\/www.instagram.com\/senoticias\/\" target=\"_blank\">Instagram<\/a>.<\/span><\/strong><\/p>\n<p style=\"text-align: justify;\">\u00a0<a href=\"http:\/\/senoticias.com.br\/se\/wp-content\/uploads\/2017\/01\/Logo-fone-1-2-1-2-1.jpg\"><img loading=\"lazy\" decoding=\"async\" class=\"aligncenter size-full wp-image-99361\" src=\"http:\/\/senoticias.com.br\/se\/wp-content\/uploads\/2017\/01\/Logo-fone-1-2-1-2-1.jpg\" alt=\"logo-fone-1-2-1-2\" width=\"599\" height=\"78\" srcset=\"https:\/\/senoticias.com.br\/se\/wp-content\/uploads\/2017\/01\/Logo-fone-1-2-1-2-1.jpg 599w, https:\/\/senoticias.com.br\/se\/wp-content\/uploads\/2017\/01\/Logo-fone-1-2-1-2-1-300x39.jpg 300w\" sizes=\"(max-width: 599px) 100vw, 599px\" \/><\/a><\/p>\n<p style=\"text-align: justify;\"><em>Mat\u00e9ria recebida da Ag\u00eancia Sergipe Not\u00edcias<\/em><\/p>\n","protected":false},"excerpt":{"rendered":"<p>Ap\u00f3s audi\u00eancia com o presidente Michel Temer, quando solicitou recursos para a\u00e7\u00f5es de combate aos efeitos da seca e amplia\u00e7\u00e3o do aeroporto, o governador Jackson Barreto foi recebido pelo ministro da Cultura, Roberto Freire, para debater a reforma do Teatro Tobias Barreto e fomento \u00e0 cultura popular. Jackson apresentou a necessidade de reforma do teatro [&hellip;]<\/p>\n","protected":false},"author":5618,"featured_media":99403,"comment_status":"closed","ping_status":"closed","sticky":false,"template":"","format":"standard","meta":{"footnotes":""},"categories":[6],"tags":[],"class_list":{"0":"post-99402","1":"post","2":"type-post","3":"status-publish","4":"format-standard","5":"has-post-thumbnail","7":"category-politica"},"_links":{"self":[{"href":"https:\/\/senoticias.com.br\/se\/wp-json\/wp\/v2\/posts\/99402"}],"collection":[{"href":"https:\/\/senoticias.com.br\/se\/wp-json\/wp\/v2\/posts"}],"about":[{"href":"https:\/\/senoticias.com.br\/se\/wp-json\/wp\/v2\/types\/post"}],"author":[{"embeddable":true,"href":"https:\/\/senoticias.com.br\/se\/wp-json\/wp\/v2\/users\/5618"}],"replies":[{"embeddable":true,"href":"https:\/\/senoticias.com.br\/se\/wp-json\/wp\/v2\/comments?post=99402"}],"version-history":[{"count":0,"href":"https:\/\/senoticias.com.br\/se\/wp-json\/wp\/v2\/posts\/99402\/revisions"}],"wp:featuredmedia":[{"embeddable":true,"href":"https:\/\/senoticias.com.br\/se\/wp-json\/wp\/v2\/media\/99403"}],"wp:attachment":[{"href":"https:\/\/senoticias.com.br\/se\/wp-json\/wp\/v2\/media?parent=99402"}],"wp:term":[{"taxonomy":"category","embeddable":true,"href":"https:\/\/senoticias.com.br\/se\/wp-json\/wp\/v2\/categories?post=99402"},{"taxonomy":"post_tag","embeddable":true,"href":"https:\/\/senoticias.com.br\/se\/wp-json\/wp\/v2\/tags?post=99402"}],"curies":[{"name":"wp","href":"https:\/\/api.w.org\/{rel}","templated":true}]}}