{"id":99400,"date":"2017-01-11T18:37:30","date_gmt":"2017-01-11T21:37:30","guid":{"rendered":"http:\/\/senoticias.com.br\/se\/?p=99400"},"modified":"2017-01-11T18:37:30","modified_gmt":"2017-01-11T21:37:30","slug":"dolar-cai-pelo-segundo-dia-e-fecha-no-menor-valor-em-dois-meses","status":"publish","type":"post","link":"https:\/\/senoticias.com.br\/se\/dolar-cai-pelo-segundo-dia-e-fecha-no-menor-valor-em-dois-meses\/","title":{"rendered":"D\u00f3lar cai pelo segundo dia e fecha no menor valor em dois meses"},"content":{"rendered":"<p style=\"text-align: justify;\">Depois de interromper a sequ\u00eancia de quedas ontem (10), a moeda norte-americana voltou a cair hoje (11) e fechou no menor valor em dois meses. O d\u00f3lar comercial encerrou esta quarta-feira (11) vendido a R$ 3,192, com queda de R$ 0,007 (-0,22%). A cota\u00e7\u00e3o est\u00e1 no menor n\u00edvel desde 8 de novembro (R$ 3,167).<\/p>\n<div id=\"attachment_83736\" style=\"width: 630px\" class=\"wp-caption aligncenter\"><img loading=\"lazy\" decoding=\"async\" aria-describedby=\"caption-attachment-83736\" class=\"size-full wp-image-83736\" src=\"http:\/\/senoticias.com.br\/se\/wp-content\/uploads\/2015\/09\/dolar-cambio-fotos-agencia-brasil.jpg\" alt=\"A cota\u00e7\u00e3o do d\u00f3lar caiu para o menor n\u00edvel desde 8 de novembro (Foto: Marcello Casal Jr \/ Ag\u00eancia Brasil)\" width=\"620\" height=\"400\" srcset=\"https:\/\/senoticias.com.br\/se\/wp-content\/uploads\/2015\/09\/dolar-cambio-fotos-agencia-brasil.jpg 620w, https:\/\/senoticias.com.br\/se\/wp-content\/uploads\/2015\/09\/dolar-cambio-fotos-agencia-brasil-300x193.jpg 300w, https:\/\/senoticias.com.br\/se\/wp-content\/uploads\/2015\/09\/dolar-cambio-fotos-agencia-brasil-342x220.jpg 342w\" sizes=\"(max-width: 620px) 100vw, 620px\" \/><p id=\"caption-attachment-83736\" class=\"wp-caption-text\">A cota\u00e7\u00e3o do d\u00f3lar caiu para o menor n\u00edvel desde 8 de novembro (Foto: Marcello Casal Jr \/ Ag\u00eancia Brasil)<\/p><\/div>\n<p style=\"text-align: justify;\">O d\u00f3lar tinha come\u00e7ado o dia em alta, mas reverteu a tend\u00eancia a partir das 14h30, ap\u00f3s a primeira entrevista coletiva do presidente eleito norte-americano, Donald Trump. A divisa acumula queda de 1,78% nos primeiros dias de 2017.<\/p>\n<p style=\"text-align: justify;\">Na entrevista, o futuro presidente dos Estados Unidos n\u00e3o anunciou medidas econ\u00f4micas. A possibilidade de que Trump eleve os gastos p\u00fablicos pode fazer a maior economia do mundo aumentar os juros para segurar a infla\u00e7\u00e3o. Juros mais altos nos pa\u00edses desenvolvidos estimulam a fuga de capitais financeiros de pa\u00edses emergentes, como o Brasil.<\/p>\n<p style=\"text-align: justify;\">Como nos \u00faltimos dias, o mercado de c\u00e2mbio operou sem interven\u00e7\u00f5es do Banco Central. Desde 13 de dezembro, a autoridade monet\u00e1ria n\u00e3o compra nem vende d\u00f3lares no mercado futuro.<\/p>\n<p style=\"text-align: justify;\">No mercado de a\u00e7\u00f5es, o dia foi de ganhos. Em alta pelo segundo dia seguido, o \u00edndice Ibovespa, da Bolsa de Valores de S\u00e3o Paulo, subiu 0,51%, para 62.446 pontos. O indicador est\u00e1 no maior n\u00edvel desde 28 de novembro. As a\u00e7\u00f5es da Petrobras, as mais negociadas, subiram 2,50% (pap\u00e9is ordin\u00e1rios, com direito a voto em assembleia de acionista). Os pap\u00e9is preferenciais (com prefer\u00eancia na distribui\u00e7\u00e3o de dividendos) fecharam com valoriza\u00e7\u00e3o de 1,16%.<\/p>\n<p><strong>Acompanhe tamb\u00e9m o SE Not\u00edcias no <a href=\"https:\/\/twitter.com\/Senoticias\">Twitter<\/a>, <a href=\"https:\/\/twitter.com\/Senoticias\">Facebook <\/a>e no <a href=\"https:\/\/www.facebook.com\/PortalSENoticias\/\">Instagram<\/a><\/strong><\/p>\n<p><img loading=\"lazy\" decoding=\"async\" class=\"aligncenter size-full wp-image-99361\" src=\"http:\/\/senoticias.com.br\/se\/wp-content\/uploads\/2017\/01\/Logo-fone-1-2-1-2-1.jpg\" alt=\"logo-fone-1-2-1-2\" width=\"599\" height=\"78\" srcset=\"https:\/\/senoticias.com.br\/se\/wp-content\/uploads\/2017\/01\/Logo-fone-1-2-1-2-1.jpg 599w, https:\/\/senoticias.com.br\/se\/wp-content\/uploads\/2017\/01\/Logo-fone-1-2-1-2-1-300x39.jpg 300w\" sizes=\"(max-width: 599px) 100vw, 599px\" \/><\/p>\n<p><em>*Com informa\u00e7\u00f5es da Prensa Latina e da Ansa<\/em><\/p>\n","protected":false},"excerpt":{"rendered":"<p>Depois de interromper a sequ\u00eancia de quedas ontem (10), a moeda norte-americana voltou a cair hoje (11) e fechou no menor valor em dois meses. O d\u00f3lar comercial encerrou esta quarta-feira (11) vendido a R$ 3,192, com queda de R$ 0,007 (-0,22%). A cota\u00e7\u00e3o est\u00e1 no menor n\u00edvel desde 8 de novembro (R$ 3,167). O [&hellip;]<\/p>\n","protected":false},"author":2,"featured_media":83736,"comment_status":"closed","ping_status":"closed","sticky":false,"template":"","format":"standard","meta":{"footnotes":""},"categories":[1],"tags":[1954,1955],"class_list":{"0":"post-99400","1":"post","2":"type-post","3":"status-publish","4":"format-standard","5":"has-post-thumbnail","7":"category-sem-categoria","8":"tag-dolar","9":"tag-moeda-norte-americana"},"_links":{"self":[{"href":"https:\/\/senoticias.com.br\/se\/wp-json\/wp\/v2\/posts\/99400"}],"collection":[{"href":"https:\/\/senoticias.com.br\/se\/wp-json\/wp\/v2\/posts"}],"about":[{"href":"https:\/\/senoticias.com.br\/se\/wp-json\/wp\/v2\/types\/post"}],"author":[{"embeddable":true,"href":"https:\/\/senoticias.com.br\/se\/wp-json\/wp\/v2\/users\/2"}],"replies":[{"embeddable":true,"href":"https:\/\/senoticias.com.br\/se\/wp-json\/wp\/v2\/comments?post=99400"}],"version-history":[{"count":0,"href":"https:\/\/senoticias.com.br\/se\/wp-json\/wp\/v2\/posts\/99400\/revisions"}],"wp:featuredmedia":[{"embeddable":true,"href":"https:\/\/senoticias.com.br\/se\/wp-json\/wp\/v2\/media\/83736"}],"wp:attachment":[{"href":"https:\/\/senoticias.com.br\/se\/wp-json\/wp\/v2\/media?parent=99400"}],"wp:term":[{"taxonomy":"category","embeddable":true,"href":"https:\/\/senoticias.com.br\/se\/wp-json\/wp\/v2\/categories?post=99400"},{"taxonomy":"post_tag","embeddable":true,"href":"https:\/\/senoticias.com.br\/se\/wp-json\/wp\/v2\/tags?post=99400"}],"curies":[{"name":"wp","href":"https:\/\/api.w.org\/{rel}","templated":true}]}}