{"id":99307,"date":"2017-01-09T19:28:22","date_gmt":"2017-01-09T22:28:22","guid":{"rendered":"http:\/\/senoticias.com.br\/se\/?p=99307"},"modified":"2017-01-09T19:28:22","modified_gmt":"2017-01-09T22:28:22","slug":"assaltantes-invadem-posto-de-saude-de-aracaju-e-fazem-disparos","status":"publish","type":"post","link":"https:\/\/senoticias.com.br\/se\/assaltantes-invadem-posto-de-saude-de-aracaju-e-fazem-disparos\/","title":{"rendered":"Assaltantes invadem posto de sa\u00fade de Aracaju e fazem disparos"},"content":{"rendered":"<p style=\"text-align: justify\">No in\u00edcio da tarde desta segunda-feira (9) dois homens invadiram uma unidade de sa\u00fade no Bairro Santos Dumont, em Aracaju, roubaram dinheiro e celular de dois\u00a0 funcion\u00e1rios e antes de sair efetuaram disparos por arma de fogo.<\/p>\n<div id=\"attachment_79715\" style=\"width: 590px\" class=\"wp-caption aligncenter\"><a href=\"http:\/\/senoticias.com.br\/se\/wp-content\/uploads\/2015\/05\/170846_ext_arquivo.jpg\"><img loading=\"lazy\" decoding=\"async\" aria-describedby=\"caption-attachment-79715\" class=\"wp-image-79715\" src=\"http:\/\/senoticias.com.br\/se\/wp-content\/uploads\/2015\/05\/170846_ext_arquivo.jpg\" alt=\"(Foto: Ilustrativa)  \" width=\"580\" height=\"435\" srcset=\"https:\/\/senoticias.com.br\/se\/wp-content\/uploads\/2015\/05\/170846_ext_arquivo.jpg 600w, https:\/\/senoticias.com.br\/se\/wp-content\/uploads\/2015\/05\/170846_ext_arquivo-300x225.jpg 300w, https:\/\/senoticias.com.br\/se\/wp-content\/uploads\/2015\/05\/170846_ext_arquivo-342x256.jpg 342w, https:\/\/senoticias.com.br\/se\/wp-content\/uploads\/2015\/05\/170846_ext_arquivo-60x45.jpg 60w, https:\/\/senoticias.com.br\/se\/wp-content\/uploads\/2015\/05\/170846_ext_arquivo-150x113.jpg 150w, https:\/\/senoticias.com.br\/se\/wp-content\/uploads\/2015\/05\/170846_ext_arquivo-269x201.jpg 269w\" sizes=\"(max-width: 580px) 100vw, 580px\" \/><\/a><p id=\"caption-attachment-79715\" class=\"wp-caption-text\">(Foto: Ilustrativa)<\/p><\/div>\n<p style=\"text-align: justify\">Segundo a pol\u00edcia, os homens armados anunciaram o assalto e acabaram ferindo de rasp\u00e3o o p\u00e9 de um dos m\u00e9dicos. A pol\u00edcia informou tamb\u00e9m que ao fugir a dupla roubou um carro.<\/p>\n<p>A Secretaria Municipal da Sa\u00fade (SMS) confirmou a a\u00e7\u00e3o dos homens na unidade de sa\u00fade e disse que o ferimento do m\u00e9dico foi superficial\u00a0 e ele passa bem. Um Boletim de Ocorr\u00eancia foi registrado na Delegacia Plantonista.<\/p>\n<p style=\"text-align: justify\">Ainda segundo a SMS, as atividades foram suspensas durante a tarde de hoje em virtude da condi\u00e7\u00e3o emocional dos funcion\u00e1rios. A partir de amanh\u00e3 a unidade reabre normalmente.<\/p>\n<p style=\"line-height: 14.25pt\"><strong><span style=\"font-size: 10.0pt;font-family: 'Georgia','serif';color: #333333\">Acompanhe tamb\u00e9m o SE Not\u00edcias no<\/span><\/strong><span class=\"apple-converted-space\"><b><span style=\"font-size: 10.0pt;font-family: 'Georgia','serif';color: #333333\">\u00a0<\/span><\/b><\/span><strong><span style=\"font-size: 10.0pt;font-family: 'Georgia','serif';color: #333333\"><a href=\"https:\/\/twitter.com\/Senoticias\" target=\"_blank\">Twitter<\/a>,<\/span><\/strong><span class=\"apple-converted-space\"><b><span style=\"font-size: 10.0pt;font-family: 'Georgia','serif';color: #333333\">\u00a0<\/span><\/b><\/span><strong><span style=\"font-size: 10.0pt;font-family: 'Georgia','serif';color: #333333\"><a href=\"https:\/\/www.facebook.com\/senoticias1\" target=\"_blank\">Facebook<span class=\"apple-converted-space\"><span style=\"color: windowtext;text-decoration: none\">\u00a0<\/span><\/span><\/a>e no<\/span><\/strong><span class=\"apple-converted-space\"><b><span style=\"font-size: 10.0pt;font-family: 'Georgia','serif';color: #333333\">\u00a0<\/span><\/b><\/span><strong><span style=\"font-size: 10.0pt;font-family: 'Georgia','serif';color: #333333\"><a href=\"https:\/\/www.instagram.com\/senoticias\/\" target=\"_blank\">Instagram<\/a>.<\/span><\/strong><\/p>\n<p style=\"line-height: 14.25pt\"><a href=\"http:\/\/senoticias.com.br\/se\/wp-content\/uploads\/2017\/01\/Logo-fone-1-2-1-2.jpg\"><img loading=\"lazy\" decoding=\"async\" class=\"aligncenter size-full wp-image-99254\" src=\"http:\/\/senoticias.com.br\/se\/wp-content\/uploads\/2017\/01\/Logo-fone-1-2-1-2.jpg\" alt=\"logo-fone-1-2-1-2\" width=\"599\" height=\"78\" srcset=\"https:\/\/senoticias.com.br\/se\/wp-content\/uploads\/2017\/01\/Logo-fone-1-2-1-2.jpg 599w, https:\/\/senoticias.com.br\/se\/wp-content\/uploads\/2017\/01\/Logo-fone-1-2-1-2-300x39.jpg 300w\" sizes=\"(max-width: 599px) 100vw, 599px\" \/><\/a><\/p>\n<p style=\"line-height: 14.25pt\">Do G1 SE<\/p>\n","protected":false},"excerpt":{"rendered":"<p>No in\u00edcio da tarde desta segunda-feira (9) dois homens invadiram uma unidade de sa\u00fade no Bairro Santos Dumont, em Aracaju, roubaram dinheiro e celular de dois\u00a0 funcion\u00e1rios e antes de sair efetuaram disparos por arma de fogo. Segundo a pol\u00edcia, os homens armados anunciaram o assalto e acabaram ferindo de rasp\u00e3o o p\u00e9 de um [&hellip;]<\/p>\n","protected":false},"author":5618,"featured_media":79715,"comment_status":"closed","ping_status":"closed","sticky":false,"template":"","format":"standard","meta":{"footnotes":""},"categories":[7],"tags":[],"class_list":{"0":"post-99307","1":"post","2":"type-post","3":"status-publish","4":"format-standard","5":"has-post-thumbnail","7":"category-policia"},"_links":{"self":[{"href":"https:\/\/senoticias.com.br\/se\/wp-json\/wp\/v2\/posts\/99307"}],"collection":[{"href":"https:\/\/senoticias.com.br\/se\/wp-json\/wp\/v2\/posts"}],"about":[{"href":"https:\/\/senoticias.com.br\/se\/wp-json\/wp\/v2\/types\/post"}],"author":[{"embeddable":true,"href":"https:\/\/senoticias.com.br\/se\/wp-json\/wp\/v2\/users\/5618"}],"replies":[{"embeddable":true,"href":"https:\/\/senoticias.com.br\/se\/wp-json\/wp\/v2\/comments?post=99307"}],"version-history":[{"count":0,"href":"https:\/\/senoticias.com.br\/se\/wp-json\/wp\/v2\/posts\/99307\/revisions"}],"wp:featuredmedia":[{"embeddable":true,"href":"https:\/\/senoticias.com.br\/se\/wp-json\/wp\/v2\/media\/79715"}],"wp:attachment":[{"href":"https:\/\/senoticias.com.br\/se\/wp-json\/wp\/v2\/media?parent=99307"}],"wp:term":[{"taxonomy":"category","embeddable":true,"href":"https:\/\/senoticias.com.br\/se\/wp-json\/wp\/v2\/categories?post=99307"},{"taxonomy":"post_tag","embeddable":true,"href":"https:\/\/senoticias.com.br\/se\/wp-json\/wp\/v2\/tags?post=99307"}],"curies":[{"name":"wp","href":"https:\/\/api.w.org\/{rel}","templated":true}]}}