{"id":99306,"date":"2017-01-09T19:12:50","date_gmt":"2017-01-09T22:12:50","guid":{"rendered":"http:\/\/senoticias.com.br\/se\/?p=99306"},"modified":"2017-01-10T06:58:22","modified_gmt":"2017-01-10T09:58:22","slug":"fies-estudantes-poderao-renovar-os-contratos-a-partir-do-dia-16","status":"publish","type":"post","link":"https:\/\/senoticias.com.br\/se\/fies-estudantes-poderao-renovar-os-contratos-a-partir-do-dia-16\/","title":{"rendered":"Fies: estudantes poder\u00e3o renovar os contratos a partir do dia 16"},"content":{"rendered":"<p style=\"text-align: justify;\">Os estudantes poder\u00e3o \u00a0renovar os contratos do Fundo de Financiamento Estudantil (Fies) a partir do dia 16 de janeiro, segundo o Minist\u00e9rio da Educa\u00e7\u00e3o (MEC). Os aditamentos s\u00e3o feitos pela internet, no\u00a0<a href=\"http:\/\/sisfies.mec.gov.br\/\">Sistema Informatizado do Fies (SisFies)<\/a>. \u00a0A renova\u00e7\u00e3o vale somente para contratos formalizados at\u00e9 31 de dezembro de 2016. As novas inscri\u00e7\u00f5es est\u00e3o previstas para fevereiro.<\/p>\n<div id=\"attachment_82416\" style=\"width: 502px\" class=\"wp-caption aligncenter\"><a href=\"http:\/\/senoticias.com.br\/se\/wp-content\/uploads\/2015\/07\/capture-20150731-112751.png\"><img loading=\"lazy\" decoding=\"async\" aria-describedby=\"caption-attachment-82416\" class=\"size-full wp-image-82416\" src=\"http:\/\/senoticias.com.br\/se\/wp-content\/uploads\/2015\/07\/capture-20150731-112751.png\" alt=\"(Foto: Reprodu\u00e7\u00e3o)\" width=\"492\" height=\"371\" srcset=\"https:\/\/senoticias.com.br\/se\/wp-content\/uploads\/2015\/07\/capture-20150731-112751.png 492w, https:\/\/senoticias.com.br\/se\/wp-content\/uploads\/2015\/07\/capture-20150731-112751-300x226.png 300w, https:\/\/senoticias.com.br\/se\/wp-content\/uploads\/2015\/07\/capture-20150731-112751-342x257.png 342w, https:\/\/senoticias.com.br\/se\/wp-content\/uploads\/2015\/07\/capture-20150731-112751-60x45.png 60w, https:\/\/senoticias.com.br\/se\/wp-content\/uploads\/2015\/07\/capture-20150731-112751-150x113.png 150w\" sizes=\"(max-width: 492px) 100vw, 492px\" \/><\/a><p id=\"caption-attachment-82416\" class=\"wp-caption-text\">(Foto: Reprodu\u00e7\u00e3o)<\/p><\/div>\n<p style=\"text-align: justify;\">Os contratos do Fies devem ser renovados a cada semestre. O pedido de aditamento \u00e9 feito inicialmente pelas faculdades e, em seguida, os estudantes devem validar as informa\u00e7\u00f5es inseridas pelas institui\u00e7\u00f5es no SisFies.\u00a0A partir de hoje (9), as institui\u00e7\u00f5es de ensino superior devem cadastrar os dados dos estudantes beneficiados pelo Fundo de Financiamento Estudantil (Fies). Ap\u00f3s essa etapa, os estudantes devem entrar no sistema e confirmar os dados. O prazo para as institui\u00e7\u00f5es inserirem os dados dos estudantes vai at\u00e9 o dia\u00a030 de abril.<\/p>\n<p style=\"text-align: justify;\">No caso de aditamento n\u00e3o simplificado, quando h\u00e1 altera\u00e7\u00e3o nas cl\u00e1usulas do contrato, como mudan\u00e7a de fiador, por exemplo, o estudante precisa levar a documenta\u00e7\u00e3o comprobat\u00f3ria ao agente financeiro para finalizar a renova\u00e7\u00e3o. J\u00e1 nos aditamentos simplificados, a renova\u00e7\u00e3o \u00e9 formalizada a partir da valida\u00e7\u00e3o do estudante no sistema.<\/p>\n<p style=\"text-align: justify;\"><strong>Evitar problemas<\/strong><\/p>\n<p style=\"text-align: justify;\">A abertura do SisFies para os aditamentos foi uma das primeiras medidas anunciadas este ano pelo Minist\u00e9rio da Educa\u00e7\u00e3o (MEC). A inten\u00e7\u00e3o \u00e9 evitar os problemas que ocorreram no ano passado. No segundo semestre de 2016, as renova\u00e7\u00f5es dos contratos, que geralmente ocorrem no in\u00edcio do semestre, s\u00f3 puderam ser feitas a partir de outubro, devido a <a href=\"http:\/\/agenciabrasil.ebc.com.br\/educacao\/noticia\/2016-10\/estudantes-poderao-iniciar-renovacao-da-matricula-no-fies-partir-de-amanha\">atrasos de pagamentos<\/a>.\u00a0De acordo com o MEC, cerca de 98% dos estudantes conseguiram renovar o financiamento, o que totalizou um or\u00e7amento de R$ 8,6 bilh\u00f5es.<\/p>\n<p style=\"text-align: justify;\">O Fies oferece financiamento de cursos superiores em institui\u00e7\u00f5es privadas a uma taxa de juros de 6,5% ao ano. O aluno s\u00f3 come\u00e7a a pagar a d\u00edvida ap\u00f3s a formatura. O percentual do custeio \u00e9 definido de acordo com o comprometimento da renda familiar mensal bruta per capita do estudante. Atualmente, mais de 2 milh\u00f5es de estudantes participam do programa.<\/p>\n<p style=\"line-height: 14.25pt;\"><strong><span style=\"font-size: 10.0pt; font-family: 'Georgia','serif'; color: #333333;\">Acompanhe tamb\u00e9m o SE Not\u00edcias no<\/span><\/strong><span class=\"apple-converted-space\"><b><span style=\"font-size: 10.0pt; font-family: 'Georgia','serif'; color: #333333;\">\u00a0<\/span><\/b><\/span><strong><span style=\"font-size: 10.0pt; font-family: 'Georgia','serif'; color: #333333;\"><a href=\"https:\/\/twitter.com\/Senoticias\" target=\"_blank\">Twitter<\/a>,<\/span><\/strong><span class=\"apple-converted-space\"><b><span style=\"font-size: 10.0pt; font-family: 'Georgia','serif'; color: #333333;\">\u00a0<\/span><\/b><\/span><strong><span style=\"font-size: 10.0pt; font-family: 'Georgia','serif'; color: #333333;\"><a href=\"https:\/\/www.facebook.com\/senoticias1\" target=\"_blank\">Facebook<span class=\"apple-converted-space\"><span style=\"color: windowtext; text-decoration: none;\">\u00a0<\/span><\/span><\/a>e no<\/span><\/strong><span class=\"apple-converted-space\"><b><span style=\"font-size: 10.0pt; font-family: 'Georgia','serif'; color: #333333;\">\u00a0<\/span><\/b><\/span><strong><span style=\"font-size: 10.0pt; font-family: 'Georgia','serif'; color: #333333;\"><a href=\"https:\/\/www.instagram.com\/senoticias\/\" target=\"_blank\">Instagram<\/a>.<\/span><\/strong><\/p>\n<p style=\"line-height: 14.25pt;\"><a href=\"http:\/\/senoticias.com.br\/se\/wp-content\/uploads\/2017\/01\/Logo-fone-1-2-1-2.jpg\"><img loading=\"lazy\" decoding=\"async\" class=\"aligncenter size-full wp-image-99254\" src=\"http:\/\/senoticias.com.br\/se\/wp-content\/uploads\/2017\/01\/Logo-fone-1-2-1-2.jpg\" alt=\"logo-fone-1-2-1-2\" width=\"599\" height=\"78\" srcset=\"https:\/\/senoticias.com.br\/se\/wp-content\/uploads\/2017\/01\/Logo-fone-1-2-1-2.jpg 599w, https:\/\/senoticias.com.br\/se\/wp-content\/uploads\/2017\/01\/Logo-fone-1-2-1-2-300x39.jpg 300w\" sizes=\"(max-width: 599px) 100vw, 599px\" \/><\/a><\/p>\n<p style=\"line-height: 14.25pt;\">Da Ag\u00eancia Brasil<\/p>\n","protected":false},"excerpt":{"rendered":"<p>Os estudantes poder\u00e3o \u00a0renovar os contratos do Fundo de Financiamento Estudantil (Fies) a partir do dia 16 de janeiro, segundo o Minist\u00e9rio da Educa\u00e7\u00e3o (MEC). Os aditamentos s\u00e3o feitos pela internet, no\u00a0Sistema Informatizado do Fies (SisFies). \u00a0A renova\u00e7\u00e3o vale somente para contratos formalizados at\u00e9 31 de dezembro de 2016. As novas inscri\u00e7\u00f5es est\u00e3o previstas para [&hellip;]<\/p>\n","protected":false},"author":5618,"featured_media":82416,"comment_status":"closed","ping_status":"closed","sticky":false,"template":"","format":"standard","meta":{"footnotes":""},"categories":[6],"tags":[1921],"class_list":{"0":"post-99306","1":"post","2":"type-post","3":"status-publish","4":"format-standard","5":"has-post-thumbnail","7":"category-politica","8":"tag-fies-estudantes-poderao-renovar-os-contratos-a-partir-do-dia-16"},"_links":{"self":[{"href":"https:\/\/senoticias.com.br\/se\/wp-json\/wp\/v2\/posts\/99306"}],"collection":[{"href":"https:\/\/senoticias.com.br\/se\/wp-json\/wp\/v2\/posts"}],"about":[{"href":"https:\/\/senoticias.com.br\/se\/wp-json\/wp\/v2\/types\/post"}],"author":[{"embeddable":true,"href":"https:\/\/senoticias.com.br\/se\/wp-json\/wp\/v2\/users\/5618"}],"replies":[{"embeddable":true,"href":"https:\/\/senoticias.com.br\/se\/wp-json\/wp\/v2\/comments?post=99306"}],"version-history":[{"count":0,"href":"https:\/\/senoticias.com.br\/se\/wp-json\/wp\/v2\/posts\/99306\/revisions"}],"wp:featuredmedia":[{"embeddable":true,"href":"https:\/\/senoticias.com.br\/se\/wp-json\/wp\/v2\/media\/82416"}],"wp:attachment":[{"href":"https:\/\/senoticias.com.br\/se\/wp-json\/wp\/v2\/media?parent=99306"}],"wp:term":[{"taxonomy":"category","embeddable":true,"href":"https:\/\/senoticias.com.br\/se\/wp-json\/wp\/v2\/categories?post=99306"},{"taxonomy":"post_tag","embeddable":true,"href":"https:\/\/senoticias.com.br\/se\/wp-json\/wp\/v2\/tags?post=99306"}],"curies":[{"name":"wp","href":"https:\/\/api.w.org\/{rel}","templated":true}]}}