{"id":99300,"date":"2017-01-09T18:39:30","date_gmt":"2017-01-09T21:39:30","guid":{"rendered":"http:\/\/senoticias.com.br\/se\/?p=99300"},"modified":"2017-01-10T06:54:36","modified_gmt":"2017-01-10T09:54:36","slug":"fernanda-davila-posa-de-biquini-para-ensaio-nunca-tive-o-bumbum-tao-empinadinho","status":"publish","type":"post","link":"https:\/\/senoticias.com.br\/se\/fernanda-davila-posa-de-biquini-para-ensaio-nunca-tive-o-bumbum-tao-empinadinho\/","title":{"rendered":"Fernanda D&#8217;avila posa de biqu\u00edni para ensaio: &#8220;Nunca tive o bumbum t\u00e3o empinadinho&#8221;"},"content":{"rendered":"<p style=\"text-align: justify;\">Fernanda D&#8217;avila posou de biqu\u00edni para ensaio e compartilhou o clique no Instagram nesta segunda, 9.<br \/>\nA ex-bailarina do Faust\u00e3o posou para as lentes de Rog\u00e9rio Tonello. &#8220;Nunca tive o bumbum t\u00e3o empinadinho&#8221;, disse em entrevista exclusiva \u00e0 Glamour.<\/p>\n<div id=\"attachment_99301\" style=\"width: 590px\" class=\"wp-caption aligncenter\"><a href=\"http:\/\/senoticias.com.br\/se\/wp-content\/uploads\/2017\/01\/Fernanda-davilla-SE-Noticias-e1483997667909.jpg\"><img loading=\"lazy\" decoding=\"async\" aria-describedby=\"caption-attachment-99301\" class=\"size-full wp-image-99301\" src=\"http:\/\/senoticias.com.br\/se\/wp-content\/uploads\/2017\/01\/Fernanda-davilla-SE-Noticias-e1483997667909.jpg\" alt=\"Fernanda Davila (Foto: Rog\u00e9rio Tonello) \" width=\"580\" height=\"384\" \/><\/a><p id=\"caption-attachment-99301\" class=\"wp-caption-text\">Fernanda Davila (Foto: Rog\u00e9rio Tonello)<\/p><\/div>\n<p style=\"text-align: justify;\">Fernanda, que ficou conhecida como a musa da cinturinha fina, treina desde os 15 anos. &#8220;Treino desde os 15 anos, mudei o meu estilo de vida h\u00e1 mais ou menos uns 5 anos e venho associando tratamentos est\u00e9ticos nas pernas, gl\u00fateos e abd\u00f4men&#8221;, conta. &#8221; Tenho uma estrutura bem magra e os seios e gl\u00fateos acabam se destacando mais&#8221;.<br \/>\nEla, que deixou o bal\u00e9 do Faust\u00e3o ap\u00f3s oito anos no programa em mar\u00e7o, revela que mudou sua alimenta\u00e7\u00e3o para manter a boa forma e a pele saud\u00e1vel &#8220;Alimenta\u00e7\u00e3o sem frituras, gorduras e derivados do leite fizeram toda a diferen\u00e7a na textura da pele e diminuiu demais a flacidez&#8221;, completa.<\/p>\n<p style=\"text-align: justify;\">Veja outras imagens do ensaio e outras imagens da guapa feita pelo fot\u00f3grafo:<\/p>\n<div id=\"attachment_99302\" style=\"width: 590px\" class=\"wp-caption aligncenter\"><a href=\"http:\/\/senoticias.com.br\/se\/wp-content\/uploads\/2017\/01\/fernanda-davilla-01-SE-Noticias-e1483997802637.jpg\"><img loading=\"lazy\" decoding=\"async\" aria-describedby=\"caption-attachment-99302\" class=\"size-full wp-image-99302\" src=\"http:\/\/senoticias.com.br\/se\/wp-content\/uploads\/2017\/01\/fernanda-davilla-01-SE-Noticias-e1483997802637.jpg\" alt=\"Fernanda D'avila (Foto: Reprodu\u00e7\u00e3o\/Instagram)\" width=\"580\" height=\"724\" \/><\/a><p id=\"caption-attachment-99302\" class=\"wp-caption-text\">Fernanda D&#8217;avila (Foto: Reprodu\u00e7\u00e3o\/Instagram)<\/p><\/div>\n<div id=\"attachment_99303\" style=\"width: 590px\" class=\"wp-caption aligncenter\"><a href=\"http:\/\/senoticias.com.br\/se\/wp-content\/uploads\/2017\/01\/fernanda-davilaa-SE-Noticias-e1483997915825.jpg\"><img loading=\"lazy\" decoding=\"async\" aria-describedby=\"caption-attachment-99303\" class=\"size-full wp-image-99303\" src=\"http:\/\/senoticias.com.br\/se\/wp-content\/uploads\/2017\/01\/fernanda-davilaa-SE-Noticias-e1483997915825.jpg\" alt=\"Fernanda Davila (Foto: Rog\u00e9rio Tonello)\" width=\"580\" height=\"720\" \/><\/a><p id=\"caption-attachment-99303\" class=\"wp-caption-text\">Fernanda Davila (Foto: Rog\u00e9rio Tonello)<\/p><\/div>\n<p style=\"line-height: 14.25pt;\"><strong><span style=\"font-size: 10.0pt; font-family: 'Georgia','serif'; color: #333333;\">Acompanhe tamb\u00e9m o SE Not\u00edcias no<\/span><\/strong><span class=\"apple-converted-space\"><b><span style=\"font-size: 10.0pt; font-family: 'Georgia','serif'; color: #333333;\">\u00a0<\/span><\/b><\/span><strong><span style=\"font-size: 10.0pt; font-family: 'Georgia','serif'; color: #333333;\"><a href=\"https:\/\/twitter.com\/Senoticias\" target=\"_blank\">Twitter<\/a>,<\/span><\/strong><span class=\"apple-converted-space\"><b><span style=\"font-size: 10.0pt; font-family: 'Georgia','serif'; color: #333333;\">\u00a0<\/span><\/b><\/span><strong><span style=\"font-size: 10.0pt; font-family: 'Georgia','serif'; color: #333333;\"><a href=\"https:\/\/www.facebook.com\/senoticias1\" target=\"_blank\">Facebook<span class=\"apple-converted-space\"><span style=\"color: windowtext; text-decoration: none;\">\u00a0<\/span><\/span><\/a>e no<\/span><\/strong><span class=\"apple-converted-space\"><b><span style=\"font-size: 10.0pt; font-family: 'Georgia','serif'; color: #333333;\">\u00a0<\/span><\/b><\/span><strong><span style=\"font-size: 10.0pt; font-family: 'Georgia','serif'; color: #333333;\"><a href=\"https:\/\/www.instagram.com\/senoticias\/\" target=\"_blank\">Instagram<\/a>.<\/span><\/strong><\/p>\n<p style=\"line-height: 14.25pt;\"><a href=\"http:\/\/senoticias.com.br\/se\/wp-content\/uploads\/2017\/01\/Logo-fone-1-2-1-2.jpg\"><img loading=\"lazy\" decoding=\"async\" class=\"aligncenter size-full wp-image-99254\" src=\"http:\/\/senoticias.com.br\/se\/wp-content\/uploads\/2017\/01\/Logo-fone-1-2-1-2.jpg\" alt=\"logo-fone-1-2-1-2\" width=\"599\" height=\"78\" srcset=\"https:\/\/senoticias.com.br\/se\/wp-content\/uploads\/2017\/01\/Logo-fone-1-2-1-2.jpg 599w, https:\/\/senoticias.com.br\/se\/wp-content\/uploads\/2017\/01\/Logo-fone-1-2-1-2-300x39.jpg 300w\" sizes=\"(max-width: 599px) 100vw, 599px\" \/><\/a><\/p>\n<p style=\"line-height: 14.25pt;\">Da Revista Glamour<\/p>\n","protected":false},"excerpt":{"rendered":"<p>Fernanda D&#8217;avila posou de biqu\u00edni para ensaio e compartilhou o clique no Instagram nesta segunda, 9. A ex-bailarina do Faust\u00e3o posou para as lentes de Rog\u00e9rio Tonello. &#8220;Nunca tive o bumbum t\u00e3o empinadinho&#8221;, disse em entrevista exclusiva \u00e0 Glamour. Fernanda, que ficou conhecida como a musa da cinturinha fina, treina desde os 15 anos. &#8220;Treino [&hellip;]<\/p>\n","protected":false},"author":5618,"featured_media":99301,"comment_status":"closed","ping_status":"closed","sticky":false,"template":"","format":"standard","meta":{"footnotes":""},"categories":[8],"tags":[],"class_list":{"0":"post-99300","1":"post","2":"type-post","3":"status-publish","4":"format-standard","5":"has-post-thumbnail","7":"category-esporte-e-cultura"},"_links":{"self":[{"href":"https:\/\/senoticias.com.br\/se\/wp-json\/wp\/v2\/posts\/99300"}],"collection":[{"href":"https:\/\/senoticias.com.br\/se\/wp-json\/wp\/v2\/posts"}],"about":[{"href":"https:\/\/senoticias.com.br\/se\/wp-json\/wp\/v2\/types\/post"}],"author":[{"embeddable":true,"href":"https:\/\/senoticias.com.br\/se\/wp-json\/wp\/v2\/users\/5618"}],"replies":[{"embeddable":true,"href":"https:\/\/senoticias.com.br\/se\/wp-json\/wp\/v2\/comments?post=99300"}],"version-history":[{"count":0,"href":"https:\/\/senoticias.com.br\/se\/wp-json\/wp\/v2\/posts\/99300\/revisions"}],"wp:featuredmedia":[{"embeddable":true,"href":"https:\/\/senoticias.com.br\/se\/wp-json\/wp\/v2\/media\/99301"}],"wp:attachment":[{"href":"https:\/\/senoticias.com.br\/se\/wp-json\/wp\/v2\/media?parent=99300"}],"wp:term":[{"taxonomy":"category","embeddable":true,"href":"https:\/\/senoticias.com.br\/se\/wp-json\/wp\/v2\/categories?post=99300"},{"taxonomy":"post_tag","embeddable":true,"href":"https:\/\/senoticias.com.br\/se\/wp-json\/wp\/v2\/tags?post=99300"}],"curies":[{"name":"wp","href":"https:\/\/api.w.org\/{rel}","templated":true}]}}